{"id":749212,"date":"2024-08-30T11:23:41","date_gmt":"2024-08-30T07:23:41","guid":{"rendered":"https:\/\/arantv.az\/?p=749212"},"modified":"2024-08-30T11:23:41","modified_gmt":"2024-08-30T07:23:41","slug":"az%c9%99rbaycan-v%c9%99-serbiya-numay%c9%99nd%c9%99l%c9%99ri-arasinda-h%c9%99rbi-t%c9%99bab%c9%99t-uzr%c9%99-ekspert-gorusu-kecirilib-foto","status":"publish","type":"post","link":"https:\/\/arantv.az\/?p=749212","title":{"rendered":"Az\u0259rbaycan v\u0259 Serbiya n\u00fcmay\u0259nd\u0259l\u0259ri aras\u0131nda h\u0259rbi t\u0259bab\u0259t \u00fczr\u0259 ekspert g\u00f6r\u00fc\u015f\u00fc ke\u00e7irilib &#8211; FOTO"},"content":{"rendered":"<section>\n<div class=\"content lead font-weight-normal\">\n<p>Az\u0259rbaycan v\u0259 Serbiya M\u00fcdafi\u0259 nazirlikl\u0259ri aras\u0131nda imzalanm\u0131\u015f 2024-c\u00fc il \u00fc\u00e7\u00fcn ikit\u0259r\u0259fli \u0259m\u0259kda\u015fl\u0131q plan\u0131na \u0259sas\u0259n, iki \u00f6lk\u0259 n\u00fcmay\u0259nd\u0259l\u0259ri aras\u0131nda h\u0259rbi t\u0259bab\u0259t \u00fczr\u0259 ekspert g\u00f6r\u00fc\u015f\u00fc ke\u00e7irilib.<\/p>\n<p>Bu bar\u0259d\u0259\u00a0\u201c\u0130ki sahil&#8221;\u0259\u00a0M\u00fcdafi\u0259 Nazirliyinin (MN) M\u0259tbuat xidm\u0259tind\u0259n m\u0259lumat verilib.<\/p>\n<p>Bildirilib ki, M\u00fcdafi\u0259 Nazirliyinin Tibb \u0130dar\u0259sinin r\u0259isi v\u0259zif\u0259sini icra ed\u0259n tibb xidm\u0259ti polkovnik-leytenant\u0131 Anar \u0130smay\u0131lov Az\u0259rbaycanda s\u0259f\u0259rd\u0259 olan Serbiya M\u00fcdafi\u0259 Nazirliyinin Tibb \u0130dar\u0259sinin r\u0259isi tibb xidm\u0259ti general-mayoru Radivoje Andelkovi\u00e7in r\u0259hb\u0259rlik etdiyi n\u00fcmay\u0259nd\u0259 hey\u0259ti il\u0259 g\u00f6r\u00fc\u015f\u00fcb.<\/p>\n<p>M\u00fcdafi\u0259 Nazirliyinin Tibb \u0130dar\u0259sind\u0259 ke\u00e7iril\u0259n g\u00f6r\u00fc\u015fd\u0259 iki \u00f6lk\u0259 aras\u0131nda h\u0259rbi tibb sah\u0259sind\u0259 \u0259m\u0259kda\u015fl\u0131\u011f\u0131n inki\u015faf perspektivl\u0259ri, h\u0259m\u00e7inin qar\u015f\u0131l\u0131ql\u0131 maraq do\u011furan bir s\u0131ra m\u0259s\u0259l\u0259l\u0259r\u0259 dair \u0259trafl\u0131 fikir m\u00fcbadil\u0259si apar\u0131l\u0131b.<\/p>\n<p>Qonaqlara Az\u0259rbaycan Ordusunda tibb xidm\u0259tinin t\u0259\u015fkili, el\u0259c\u0259 d\u0259 h\u0259rbi tibbi t\u0259chizatla ba\u011fl\u0131 brifinq t\u0259qdim olunub. G\u00f6r\u00fc\u015fd\u0259n sonra serbiyal\u0131 n\u00fcmay\u0259nd\u0259 hey\u0259ti M\u00fcdafi\u0259 Nazirliyinin Ba\u015f Klinik Hospital\u0131 v\u0259 H\u0259rbi Tibb Fak\u00fclt\u0259sini ziyar\u0259t edib, burada yarad\u0131lan \u015f\u0259rait il\u0259 yax\u0131ndan tan\u0131\u015f olub.<\/p>\n<div class=\"clearfix\"><\/div>\n<\/div>\n<div class=\"fotorama--hidden\"><\/div>\n<div id=\"galleryList\" class=\"fotorama fotorama1725002539593\" data-nav=\"thumbs\" data-width=\"100%\" data-thumbwidth=\"90\" data-thumbheight=\"60\" data-allowfullscreen=\"true\" data-autoplay=\"3000\" data-ratio=\"1.5\" data-keyboard=\"true\" data-fit=\"contain\">\n<div class=\"fotorama__wrap fotorama__wrap--css3 fotorama__wrap--slide fotorama__wrap--toggle-arrows fotorama__wrap--no-controls\">\n<div class=\"fotorama__stage fotorama__pointer\">\n<div class=\"fotorama__fullscreen-icon\" tabindex=\"0\" role=\"button\"><\/div>\n<div class=\"fotorama__stage__shaft\">\n<div class=\"fotorama__stage__frame fotorama__loaded fotorama__loaded--img\"><img class=\"fotorama__img\" src=\"https:\/\/ikisahil.az\/photo\/0x0_2\/upload\/gallery\/2024\/08\/30\/-8d9766a6172499910128104980110086300.jpg\" \/><\/div>\n<div class=\"fotorama__stage__frame fotorama__loaded fotorama__loaded--img fotorama__active\"><img class=\"fotorama__img\" src=\"https:\/\/ikisahil.az\/photo\/0x0_2\/upload\/gallery\/2024\/08\/30\/-d5d7f5bb172499910272539086811097084.jpg\" \/><\/div>\n<div class=\"fotorama__stage__frame fotorama__loaded fotorama__loaded--img\"><img class=\"fotorama__img\" src=\"https:\/\/ikisahil.az\/photo\/0x0_2\/upload\/gallery\/2024\/08\/30\/-955d864a172499910258927066710442092.jpg\" \/><\/div>\n<div class=\"fotorama__stage__frame fotorama__loaded fotorama__loaded--img\"><img class=\"fotorama__img\" src=\"https:\/\/ikisahil.az\/photo\/0x0_2\/upload\/gallery\/2024\/08\/30\/-0502a70e172499910229784077210597321.jpg\" \/><\/div>\n<\/div>\n<div class=\"fotorama__arr fotorama__arr--prev\" tabindex=\"0\" role=\"button\"><\/div>\n<div class=\"fotorama__arr fotorama__arr--next\" tabindex=\"0\" role=\"button\"><\/div>\n<div class=\"fotorama__video-close\"><\/div>\n<\/div>\n<div class=\"fotorama__nav-wrap\">\n<div class=\"fotorama__nav fotorama__nav--thumbs\">\n<div class=\"fotorama__nav__shaft\">\n<div class=\"fotorama__thumb-border\"><\/div>\n<div class=\"fotorama__nav__frame fotorama__nav__frame--thumb\" tabindex=\"0\" role=\"button\">\n<div class=\"fotorama__thumb fotorama__loaded fotorama__loaded--img\"><img class=\"fotorama__img\" src=\"https:\/\/ikisahil.az\/photo\/150x100_2\/upload\/gallery\/2024\/08\/30\/-8d9766a6172499910128104980110086300.jpg\" \/><\/div>\n<\/div>\n<div class=\"fotorama__nav__frame fotorama__nav__frame--thumb\" tabindex=\"0\" role=\"button\">\n<div class=\"fotorama__thumb fotorama__loaded fotorama__loaded--img\"><img class=\"fotorama__img\" src=\"https:\/\/ikisahil.az\/photo\/150x100_2\/upload\/gallery\/2024\/08\/30\/-d5d7f5bb172499910272539086811097084.jpg\" \/><\/div>\n<\/div>\n<div class=\"fotorama__nav__frame fotorama__nav__frame--thumb fotorama__active\" tabindex=\"0\" role=\"button\">\n<div class=\"fotorama__thumb fotorama__loaded fotorama__loaded--img\"><img class=\"fotorama__img\" src=\"https:\/\/ikisahil.az\/photo\/150x100_2\/upload\/gallery\/2024\/08\/30\/-955d864a172499910258927066710442092.jpg\" \/><\/div>\n<\/div>\n<div class=\"fotorama__nav__frame fotorama__nav__frame--thumb\" tabindex=\"0\" role=\"button\">\n<div class=\"fotorama__thumb fotorama__loaded fotorama__loaded--img\"><img class=\"fotorama__img\" src=\"https:\/\/ikisahil.az\/photo\/150x100_2\/upload\/gallery\/2024\/08\/30\/-0502a70e172499910229784077210597321.jpg\" \/><\/div>\n<\/div>\n<\/div>\n<\/div>\n<\/div>\n<\/div>\n<\/div>\n<div class=\"sharing my-2 row no-gutters d-print-none\"><\/div>\n<div class=\"d-none d-sm-block\"><\/div>\n<\/section>\n<section id=\"new_block_2\" class=\"mt-3 d-print-none\">\n<div class=\"row\">\n<div class=\"col-md-12\"><\/div>\n<\/div>\n<\/section>\n","protected":false},"excerpt":{"rendered":"<p>Az\u0259rbaycan v\u0259 Serbiya M\u00fcdafi\u0259 nazirlikl\u0259ri aras\u0131nda imzalanm\u0131\u015f 2024-c\u00fc il \u00fc\u00e7\u00fcn ikit\u0259r\u0259fli \u0259m\u0259kda\u015fl\u0131q plan\u0131na \u0259sas\u0259n, iki \u00f6lk\u0259 n\u00fcmay\u0259nd\u0259l\u0259ri aras\u0131nda h\u0259rbi t\u0259bab\u0259t \u00fczr\u0259 ekspert g\u00f6r\u00fc\u015f\u00fc ke\u00e7irilib. Bu bar\u0259d\u0259\u00a0\u201c\u0130ki sahil&#8221;\u0259\u00a0M\u00fcdafi\u0259 Nazirliyinin (MN) M\u0259tbuat xidm\u0259tind\u0259n m\u0259lumat verilib. Bildirilib ki, M\u00fcdafi\u0259 Nazirliyinin Tibb \u0130dar\u0259sinin r\u0259isi v\u0259zif\u0259sini icra ed\u0259n tibb xidm\u0259ti polkovnik-leytenant\u0131 Anar \u0130smay\u0131lov Az\u0259rbaycanda s\u0259f\u0259rd\u0259 olan Serbiya M\u00fcdafi\u0259 Nazirliyinin Tibb \u0130dar\u0259sinin r\u0259isi tibb xidm\u0259ti general-mayoru Radivoje Andelkovi\u00e7in r\u0259hb\u0259rlik etdiyi n\u00fcmay\u0259nd\u0259 hey\u0259ti il\u0259 g\u00f6r\u00fc\u015f\u00fcb. M\u00fcdafi\u0259 Nazirliyinin Tibb \u0130dar\u0259sind\u0259 ke\u00e7iril\u0259n g\u00f6r\u00fc\u015fd\u0259 iki \u00f6lk\u0259 aras\u0131nda h\u0259rbi tibb sah\u0259sind\u0259 \u0259m\u0259kda\u015fl\u0131\u011f\u0131n inki\u015faf perspektivl\u0259ri, h\u0259m\u00e7inin qar\u015f\u0131l\u0131ql\u0131 maraq do\u011furan bir s\u0131ra m\u0259s\u0259l\u0259l\u0259r\u0259&hellip;<\/p>\n","protected":false},"author":2,"featured_media":749213,"comment_status":"closed","ping_status":"closed","sticky":false,"template":"","format":"standard","meta":{"om_disable_all_campaigns":false,"_monsterinsights_skip_tracking":false,"_monsterinsights_sitenote_active":false,"_monsterinsights_sitenote_note":"","_monsterinsights_sitenote_category":0},"categories":[10],"tags":[],"aioseo_notices":[],"gutentor_comment":0,"rttpg_featured_image_url":{"full":["https:\/\/arantv.az\/wp-content\/uploads\/2024\/08\/68d37435172499904495499860610149734.jpg",975,540,false],"landscape":["https:\/\/arantv.az\/wp-content\/uploads\/2024\/08\/68d37435172499904495499860610149734.jpg",975,540,false],"portraits":["https:\/\/arantv.az\/wp-content\/uploads\/2024\/08\/68d37435172499904495499860610149734.jpg",975,540,false],"thumbnail":["https:\/\/arantv.az\/wp-content\/uploads\/2024\/08\/68d37435172499904495499860610149734-500x280.jpg",500,280,true],"medium":["https:\/\/arantv.az\/wp-content\/uploads\/2024\/08\/68d37435172499904495499860610149734-660x365.jpg",660,365,true],"large":["https:\/\/arantv.az\/wp-content\/uploads\/2024\/08\/68d37435172499904495499860610149734-840x465.jpg",640,354,true],"1536x1536":["https:\/\/arantv.az\/wp-content\/uploads\/2024\/08\/68d37435172499904495499860610149734.jpg",975,540,false],"2048x2048":["https:\/\/arantv.az\/wp-content\/uploads\/2024\/08\/68d37435172499904495499860610149734.jpg",975,540,false],"post-thumbnail":["https:\/\/arantv.az\/wp-content\/uploads\/2024\/08\/68d37435172499904495499860610149734-240x172.jpg",240,172,true],"advps-thumb-one":["https:\/\/arantv.az\/wp-content\/uploads\/2024\/08\/68d37435172499904495499860610149734.jpg",975,540,false]},"rttpg_author":{"display_name":"V\u00fcsal Rafiqo\u011flu","author_link":"https:\/\/arantv.az\/?author=2"},"rttpg_comment":0,"rttpg_category":"<a href=\"https:\/\/arantv.az\/?cat=10\" rel=\"category\">C\u0259bh\u0259d\u0259n X\u0259b\u0259r<\/a>","rttpg_excerpt":"Az\u0259rbaycan v\u0259 Serbiya M\u00fcdafi\u0259 nazirlikl\u0259ri aras\u0131nda imzalanm\u0131\u015f 2024-c\u00fc il \u00fc\u00e7\u00fcn ikit\u0259r\u0259fli \u0259m\u0259kda\u015fl\u0131q plan\u0131na \u0259sas\u0259n, iki \u00f6lk\u0259 n\u00fcmay\u0259nd\u0259l\u0259ri aras\u0131nda h\u0259rbi t\u0259bab\u0259t \u00fczr\u0259 ekspert g\u00f6r\u00fc\u015f\u00fc ke\u00e7irilib. Bu bar\u0259d\u0259\u00a0\u201c\u0130ki sahil&#8221;\u0259\u00a0M\u00fcdafi\u0259 Nazirliyinin (MN) M\u0259tbuat xidm\u0259tind\u0259n m\u0259lumat verilib. Bildirilib ki, M\u00fcdafi\u0259 Nazirliyinin Tibb \u0130dar\u0259sinin r\u0259isi v\u0259zif\u0259sini icra ed\u0259n tibb xidm\u0259ti polkovnik-leytenant\u0131 Anar \u0130smay\u0131lov Az\u0259rbaycanda s\u0259f\u0259rd\u0259 olan Serbiya M\u00fcdafi\u0259 Nazirliyinin Tibb&hellip;","_links":{"self":[{"href":"https:\/\/arantv.az\/index.php?rest_route=\/wp\/v2\/posts\/749212"}],"collection":[{"href":"https:\/\/arantv.az\/index.php?rest_route=\/wp\/v2\/posts"}],"about":[{"href":"https:\/\/arantv.az\/index.php?rest_route=\/wp\/v2\/types\/post"}],"author":[{"embeddable":true,"href":"https:\/\/arantv.az\/index.php?rest_route=\/wp\/v2\/users\/2"}],"replies":[{"embeddable":true,"href":"https:\/\/arantv.az\/index.php?rest_route=%2Fwp%2Fv2%2Fcomments&post=749212"}],"version-history":[{"count":1,"href":"https:\/\/arantv.az\/index.php?rest_route=\/wp\/v2\/posts\/749212\/revisions"}],"predecessor-version":[{"id":749214,"href":"https:\/\/arantv.az\/index.php?rest_route=\/wp\/v2\/posts\/749212\/revisions\/749214"}],"wp:featuredmedia":[{"embeddable":true,"href":"https:\/\/arantv.az\/index.php?rest_route=\/wp\/v2\/media\/749213"}],"wp:attachment":[{"href":"https:\/\/arantv.az\/index.php?rest_route=%2Fwp%2Fv2%2Fmedia&parent=749212"}],"wp:term":[{"taxonomy":"category","embeddable":true,"href":"https:\/\/arantv.az\/index.php?rest_route=%2Fwp%2Fv2%2Fcategories&post=749212"},{"taxonomy":"post_tag","embeddable":true,"href":"https:\/\/arantv.az\/index.php?rest_route=%2Fwp%2Fv2%2Ftags&post=749212"}],"curies":[{"name":"wp","href":"https:\/\/api.w.org\/{rel}","templated":true}]}}