{"id":749923,"date":"2024-09-02T18:43:15","date_gmt":"2024-09-02T14:43:15","guid":{"rendered":"https:\/\/arantv.az\/?p=749923"},"modified":"2024-09-02T18:43:15","modified_gmt":"2024-09-02T14:43:15","slug":"%c9%99rdogan-olk%c9%99d%c9%99-yeni-konstitusiyanin-q%c9%99buluna-mane-olan-%c9%99sas-m%c9%99qami-aciqlayib","status":"publish","type":"post","link":"https:\/\/arantv.az\/?p=749923","title":{"rendered":"\u018frdo\u011fan \u00f6lk\u0259d\u0259 yeni konstitusiyan\u0131n q\u0259buluna mane olan \u0259sas m\u0259qam\u0131 a\u00e7\u0131qlay\u0131b"},"content":{"rendered":"<p>T\u00fcrkiy\u0259 Prezidenti R\u0259c\u0259b Tayyib \u018frdo\u011fan \u00f6lk\u0259d\u0259 yeni konstitusiyan\u0131n q\u0259buluna mane olan \u0259sas m\u0259qam\u0131 a\u00e7\u0131qlay\u0131b.<\/p>\n<p>\u201cReport\u201d x\u0259b\u0259r verir ki, d\u00f6vl\u0259t ba\u015f\u00e7\u0131s\u0131 bu bar\u0259d\u0259 Ali Apellyasiya M\u0259hk\u0259m\u0259sinin s\u0259drliyi yan\u0131nda ke\u00e7iril\u0259n \u201c2024-2025-ci M\u0259hk\u0259m\u0259 ilinin a\u00e7\u0131l\u0131\u015f m\u0259rasimi\u201dnd\u0259 \u00e7\u0131x\u0131\u015f\u0131nda dan\u0131\u015f\u0131b.<\/p>\n<p>O bildirib ki, yeni konstitusiyaya ehtiyac var: \u201c\u0130nan\u0131ram ki, bu prosesin \u00f6hd\u0259sind\u0259n g\u0259l\u0259 bil\u0259 bil\u0259c\u0259yik. Haz\u0131rda yeni konstitusiyan\u0131n q\u0259buluna mane olan \u0259sas m\u0259s\u0259l\u0259 q\u0259r\u0259zdir. M\u00fcxalif\u0259t bu proses\u0259 mane olur. T\u00fcrkiy\u0259 demokratiyas\u0131 yeni konstitusiyan\u0131n q\u0259bulunu t\u0259min ed\u0259 bil\u0259r&#8221;.<\/p>\n<p>T\u00fcrkiy\u0259 liderinin s\u00f6zl\u0259rin\u0259 g\u00f6r\u0259, m\u00f6vcud konstitusiyan\u0131n aradan qalxmas\u0131n\u0131n vaxt\u0131 \u00e7at\u0131b: \u201c\u00d6lk\u0259mizi g\u0259l\u0259c\u0259y\u0259 aparacaq konstitusiya q\u0259bul olunacaq. Biz bu m\u0259s\u0259l\u0259d\u0259 s\u0259mimiyik, q\u0259tiyy\u0259tliyik\u201d.<\/p>\n","protected":false},"excerpt":{"rendered":"<p>T\u00fcrkiy\u0259 Prezidenti R\u0259c\u0259b Tayyib \u018frdo\u011fan \u00f6lk\u0259d\u0259 yeni konstitusiyan\u0131n q\u0259buluna mane olan \u0259sas m\u0259qam\u0131 a\u00e7\u0131qlay\u0131b. \u201cReport\u201d x\u0259b\u0259r verir ki, d\u00f6vl\u0259t ba\u015f\u00e7\u0131s\u0131 bu bar\u0259d\u0259 Ali Apellyasiya M\u0259hk\u0259m\u0259sinin s\u0259drliyi yan\u0131nda ke\u00e7iril\u0259n \u201c2024-2025-ci M\u0259hk\u0259m\u0259 ilinin a\u00e7\u0131l\u0131\u015f m\u0259rasimi\u201dnd\u0259 \u00e7\u0131x\u0131\u015f\u0131nda dan\u0131\u015f\u0131b. O bildirib ki, yeni konstitusiyaya ehtiyac var: \u201c\u0130nan\u0131ram ki, bu prosesin \u00f6hd\u0259sind\u0259n g\u0259l\u0259 bil\u0259 bil\u0259c\u0259yik. Haz\u0131rda yeni konstitusiyan\u0131n q\u0259buluna mane olan \u0259sas m\u0259s\u0259l\u0259 q\u0259r\u0259zdir. M\u00fcxalif\u0259t bu proses\u0259 mane olur. T\u00fcrkiy\u0259 demokratiyas\u0131 yeni konstitusiyan\u0131n q\u0259bulunu t\u0259min ed\u0259 bil\u0259r&#8221;. T\u00fcrkiy\u0259 liderinin s\u00f6zl\u0259rin\u0259 g\u00f6r\u0259, m\u00f6vcud konstitusiyan\u0131n aradan qalxmas\u0131n\u0131n vaxt\u0131 \u00e7at\u0131b: \u201c\u00d6lk\u0259mizi g\u0259l\u0259c\u0259y\u0259 aparacaq konstitusiya q\u0259bul olunacaq. Biz bu&hellip;<\/p>\n","protected":false},"author":2,"featured_media":749924,"comment_status":"closed","ping_status":"closed","sticky":false,"template":"","format":"standard","meta":{"om_disable_all_campaigns":false,"_monsterinsights_skip_tracking":false,"_monsterinsights_sitenote_active":false,"_monsterinsights_sitenote_note":"","_monsterinsights_sitenote_category":0},"categories":[7],"tags":[],"aioseo_notices":[],"gutentor_comment":0,"rttpg_featured_image_url":{"full":["https:\/\/arantv.az\/wp-content\/uploads\/2024\/09\/1e763a9235a47b02450ae1dc4e2aa129.jpg",850,500,false],"landscape":["https:\/\/arantv.az\/wp-content\/uploads\/2024\/09\/1e763a9235a47b02450ae1dc4e2aa129.jpg",850,500,false],"portraits":["https:\/\/arantv.az\/wp-content\/uploads\/2024\/09\/1e763a9235a47b02450ae1dc4e2aa129.jpg",850,500,false],"thumbnail":["https:\/\/arantv.az\/wp-content\/uploads\/2024\/09\/1e763a9235a47b02450ae1dc4e2aa129-500x280.jpg",500,280,true],"medium":["https:\/\/arantv.az\/wp-content\/uploads\/2024\/09\/1e763a9235a47b02450ae1dc4e2aa129-621x365.jpg",621,365,true],"large":["https:\/\/arantv.az\/wp-content\/uploads\/2024\/09\/1e763a9235a47b02450ae1dc4e2aa129-840x494.jpg",640,376,true],"1536x1536":["https:\/\/arantv.az\/wp-content\/uploads\/2024\/09\/1e763a9235a47b02450ae1dc4e2aa129.jpg",850,500,false],"2048x2048":["https:\/\/arantv.az\/wp-content\/uploads\/2024\/09\/1e763a9235a47b02450ae1dc4e2aa129.jpg",850,500,false],"post-thumbnail":["https:\/\/arantv.az\/wp-content\/uploads\/2024\/09\/1e763a9235a47b02450ae1dc4e2aa129-240x172.jpg",240,172,true],"advps-thumb-one":["https:\/\/arantv.az\/wp-content\/uploads\/2024\/09\/1e763a9235a47b02450ae1dc4e2aa129.jpg",850,500,false]},"rttpg_author":{"display_name":"V\u00fcsal Rafiqo\u011flu","author_link":"https:\/\/arantv.az\/?author=2"},"rttpg_comment":0,"rttpg_category":"<a href=\"https:\/\/arantv.az\/?cat=7\" rel=\"category\">D\u00fcnya<\/a>","rttpg_excerpt":"T\u00fcrkiy\u0259 Prezidenti R\u0259c\u0259b Tayyib \u018frdo\u011fan \u00f6lk\u0259d\u0259 yeni konstitusiyan\u0131n q\u0259buluna mane olan \u0259sas m\u0259qam\u0131 a\u00e7\u0131qlay\u0131b. \u201cReport\u201d x\u0259b\u0259r verir ki, d\u00f6vl\u0259t ba\u015f\u00e7\u0131s\u0131 bu bar\u0259d\u0259 Ali Apellyasiya M\u0259hk\u0259m\u0259sinin s\u0259drliyi yan\u0131nda ke\u00e7iril\u0259n \u201c2024-2025-ci M\u0259hk\u0259m\u0259 ilinin a\u00e7\u0131l\u0131\u015f m\u0259rasimi\u201dnd\u0259 \u00e7\u0131x\u0131\u015f\u0131nda dan\u0131\u015f\u0131b. O bildirib ki, yeni konstitusiyaya ehtiyac var: \u201c\u0130nan\u0131ram ki, bu prosesin \u00f6hd\u0259sind\u0259n g\u0259l\u0259 bil\u0259 bil\u0259c\u0259yik. Haz\u0131rda yeni konstitusiyan\u0131n q\u0259buluna mane&hellip;","_links":{"self":[{"href":"https:\/\/arantv.az\/index.php?rest_route=\/wp\/v2\/posts\/749923"}],"collection":[{"href":"https:\/\/arantv.az\/index.php?rest_route=\/wp\/v2\/posts"}],"about":[{"href":"https:\/\/arantv.az\/index.php?rest_route=\/wp\/v2\/types\/post"}],"author":[{"embeddable":true,"href":"https:\/\/arantv.az\/index.php?rest_route=\/wp\/v2\/users\/2"}],"replies":[{"embeddable":true,"href":"https:\/\/arantv.az\/index.php?rest_route=%2Fwp%2Fv2%2Fcomments&post=749923"}],"version-history":[{"count":2,"href":"https:\/\/arantv.az\/index.php?rest_route=\/wp\/v2\/posts\/749923\/revisions"}],"predecessor-version":[{"id":749926,"href":"https:\/\/arantv.az\/index.php?rest_route=\/wp\/v2\/posts\/749923\/revisions\/749926"}],"wp:featuredmedia":[{"embeddable":true,"href":"https:\/\/arantv.az\/index.php?rest_route=\/wp\/v2\/media\/749924"}],"wp:attachment":[{"href":"https:\/\/arantv.az\/index.php?rest_route=%2Fwp%2Fv2%2Fmedia&parent=749923"}],"wp:term":[{"taxonomy":"category","embeddable":true,"href":"https:\/\/arantv.az\/index.php?rest_route=%2Fwp%2Fv2%2Fcategories&post=749923"},{"taxonomy":"post_tag","embeddable":true,"href":"https:\/\/arantv.az\/index.php?rest_route=%2Fwp%2Fv2%2Ftags&post=749923"}],"curies":[{"name":"wp","href":"https:\/\/api.w.org\/{rel}","templated":true}]}}