{"id":749927,"date":"2024-09-02T18:44:15","date_gmt":"2024-09-02T14:44:15","guid":{"rendered":"https:\/\/arantv.az\/?p=749927"},"modified":"2024-09-02T18:44:15","modified_gmt":"2024-09-02T14:44:15","slug":"20-gun-sonra-nisani-olacaqdi-meyiti-tapildi-foto","status":"publish","type":"post","link":"https:\/\/arantv.az\/?p=749927","title":{"rendered":"20 g\u00fcn sonra ni\u015fan\u0131 olacaqd\u0131, meyiti tap\u0131ld\u0131 &#8211; FOTO"},"content":{"rendered":"<div id=\"mvp-content-main\" class=\"left relative\">\n<p><strong>L\u0259nk\u0259randa 31 ya\u015fl\u0131 ki\u015finin meyiti tap\u0131l\u0131b.<\/strong><\/p>\n<p><strong>ARANTV.AZ\u00a0 <\/strong>Qafqazinfo-ya x\u0259b\u0259r verir ki, hadis\u0259 rayonun Separadi k\u0259ndi \u0259razisind\u0259 olub.<\/p>\n<p>Bel\u0259 ki, k\u0259nd sakini, 1993-c\u00fc il t\u0259v\u0259ll\u00fcdl\u00fc \u018fh\u0259d S\u0259rxan o\u011flu \u018fkb\u0259rli ya\u015fad\u0131\u011f\u0131 evin h\u0259y\u0259tind\u0259ki yar\u0131mtikilid\u0259 as\u0131lm\u0131\u015f v\u0259ziyy\u0259td\u0259 tap\u0131l\u0131b.<\/p>\n<p>Qeyd ed\u0259k ki, evd\u0259 t\u0259k ya\u015fayan \u018fkb\u0259rin sentyabr\u0131n 22-si ni\u015fan m\u0259rasimi planla\u015fd\u0131r\u0131l\u0131bm\u0131\u015f.<\/p>\n<p>Faktla ba\u011fl\u0131 rayon prokurorlu\u011funda ara\u015fd\u0131rma apar\u0131l\u0131r.<\/p>\n<\/div>\n<div id=\"mvp-content-bot\" class=\"left\">\n<div class=\"news-gallery\"><img class=\"\" src=\"https:\/\/publika.az\/storage\/2024\/09\/02\/ekber.jpg\" alt=\"\" \/><\/div>\n<\/div>\n","protected":false},"excerpt":{"rendered":"<p>L\u0259nk\u0259randa 31 ya\u015fl\u0131 ki\u015finin meyiti tap\u0131l\u0131b. ARANTV.AZ\u00a0 Qafqazinfo-ya x\u0259b\u0259r verir ki, hadis\u0259 rayonun Separadi k\u0259ndi \u0259razisind\u0259 olub. Bel\u0259 ki, k\u0259nd sakini, 1993-c\u00fc il t\u0259v\u0259ll\u00fcdl\u00fc \u018fh\u0259d S\u0259rxan o\u011flu \u018fkb\u0259rli ya\u015fad\u0131\u011f\u0131 evin h\u0259y\u0259tind\u0259ki yar\u0131mtikilid\u0259 as\u0131lm\u0131\u015f v\u0259ziyy\u0259td\u0259 tap\u0131l\u0131b. Qeyd ed\u0259k ki, evd\u0259 t\u0259k ya\u015fayan \u018fkb\u0259rin sentyabr\u0131n 22-si ni\u015fan m\u0259rasimi planla\u015fd\u0131r\u0131l\u0131bm\u0131\u015f. Faktla ba\u011fl\u0131 rayon prokurorlu\u011funda ara\u015fd\u0131rma apar\u0131l\u0131r.<\/p>\n","protected":false},"author":2,"featured_media":749928,"comment_status":"closed","ping_status":"closed","sticky":false,"template":"","format":"standard","meta":{"om_disable_all_campaigns":false,"_monsterinsights_skip_tracking":false,"_monsterinsights_sitenote_active":false,"_monsterinsights_sitenote_note":"","_monsterinsights_sitenote_category":0},"categories":[5],"tags":[],"aioseo_notices":[],"gutentor_comment":0,"rttpg_featured_image_url":{"full":["https:\/\/arantv.az\/wp-content\/uploads\/2024\/09\/f62824dbacc10d009591e0a53d2853be.jpg",850,500,false],"landscape":["https:\/\/arantv.az\/wp-content\/uploads\/2024\/09\/f62824dbacc10d009591e0a53d2853be.jpg",850,500,false],"portraits":["https:\/\/arantv.az\/wp-content\/uploads\/2024\/09\/f62824dbacc10d009591e0a53d2853be.jpg",850,500,false],"thumbnail":["https:\/\/arantv.az\/wp-content\/uploads\/2024\/09\/f62824dbacc10d009591e0a53d2853be-500x280.jpg",500,280,true],"medium":["https:\/\/arantv.az\/wp-content\/uploads\/2024\/09\/f62824dbacc10d009591e0a53d2853be-621x365.jpg",621,365,true],"large":["https:\/\/arantv.az\/wp-content\/uploads\/2024\/09\/f62824dbacc10d009591e0a53d2853be-840x494.jpg",640,376,true],"1536x1536":["https:\/\/arantv.az\/wp-content\/uploads\/2024\/09\/f62824dbacc10d009591e0a53d2853be.jpg",850,500,false],"2048x2048":["https:\/\/arantv.az\/wp-content\/uploads\/2024\/09\/f62824dbacc10d009591e0a53d2853be.jpg",850,500,false],"post-thumbnail":["https:\/\/arantv.az\/wp-content\/uploads\/2024\/09\/f62824dbacc10d009591e0a53d2853be-240x172.jpg",240,172,true],"advps-thumb-one":["https:\/\/arantv.az\/wp-content\/uploads\/2024\/09\/f62824dbacc10d009591e0a53d2853be.jpg",850,500,false]},"rttpg_author":{"display_name":"V\u00fcsal Rafiqo\u011flu","author_link":"https:\/\/arantv.az\/?author=2"},"rttpg_comment":0,"rttpg_category":"<a href=\"https:\/\/arantv.az\/?cat=5\" rel=\"category\">Hadis\u0259<\/a>","rttpg_excerpt":"L\u0259nk\u0259randa 31 ya\u015fl\u0131 ki\u015finin meyiti tap\u0131l\u0131b. ARANTV.AZ\u00a0 Qafqazinfo-ya x\u0259b\u0259r verir ki, hadis\u0259 rayonun Separadi k\u0259ndi \u0259razisind\u0259 olub. Bel\u0259 ki, k\u0259nd sakini, 1993-c\u00fc il t\u0259v\u0259ll\u00fcdl\u00fc \u018fh\u0259d S\u0259rxan o\u011flu \u018fkb\u0259rli ya\u015fad\u0131\u011f\u0131 evin h\u0259y\u0259tind\u0259ki yar\u0131mtikilid\u0259 as\u0131lm\u0131\u015f v\u0259ziyy\u0259td\u0259 tap\u0131l\u0131b. Qeyd ed\u0259k ki, evd\u0259 t\u0259k ya\u015fayan \u018fkb\u0259rin sentyabr\u0131n 22-si ni\u015fan m\u0259rasimi planla\u015fd\u0131r\u0131l\u0131bm\u0131\u015f. Faktla ba\u011fl\u0131 rayon prokurorlu\u011funda ara\u015fd\u0131rma apar\u0131l\u0131r.","_links":{"self":[{"href":"https:\/\/arantv.az\/index.php?rest_route=\/wp\/v2\/posts\/749927"}],"collection":[{"href":"https:\/\/arantv.az\/index.php?rest_route=\/wp\/v2\/posts"}],"about":[{"href":"https:\/\/arantv.az\/index.php?rest_route=\/wp\/v2\/types\/post"}],"author":[{"embeddable":true,"href":"https:\/\/arantv.az\/index.php?rest_route=\/wp\/v2\/users\/2"}],"replies":[{"embeddable":true,"href":"https:\/\/arantv.az\/index.php?rest_route=%2Fwp%2Fv2%2Fcomments&post=749927"}],"version-history":[{"count":1,"href":"https:\/\/arantv.az\/index.php?rest_route=\/wp\/v2\/posts\/749927\/revisions"}],"predecessor-version":[{"id":749929,"href":"https:\/\/arantv.az\/index.php?rest_route=\/wp\/v2\/posts\/749927\/revisions\/749929"}],"wp:featuredmedia":[{"embeddable":true,"href":"https:\/\/arantv.az\/index.php?rest_route=\/wp\/v2\/media\/749928"}],"wp:attachment":[{"href":"https:\/\/arantv.az\/index.php?rest_route=%2Fwp%2Fv2%2Fmedia&parent=749927"}],"wp:term":[{"taxonomy":"category","embeddable":true,"href":"https:\/\/arantv.az\/index.php?rest_route=%2Fwp%2Fv2%2Fcategories&post=749927"},{"taxonomy":"post_tag","embeddable":true,"href":"https:\/\/arantv.az\/index.php?rest_route=%2Fwp%2Fv2%2Ftags&post=749927"}],"curies":[{"name":"wp","href":"https:\/\/api.w.org\/{rel}","templated":true}]}}