{"id":749930,"date":"2024-09-02T18:45:11","date_gmt":"2024-09-02T14:45:11","guid":{"rendered":"https:\/\/arantv.az\/?p=749930"},"modified":"2024-09-02T18:45:11","modified_gmt":"2024-09-02T14:45:11","slug":"ilham-%c9%99liyev-v%c9%99-xanimi-xudav%c9%99ng-monastirinda-2","status":"publish","type":"post","link":"https:\/\/arantv.az\/?p=749930","title":{"rendered":"\u0130lham \u018fliyev v\u0259 xan\u0131m\u0131 Xudav\u0259ng monast\u0131r\u0131nda"},"content":{"rendered":"<div class=\"text-content\" data-id=\"\" data-url=\"\">\n<p><strong>Az\u0259rbaycan Respublikas\u0131n\u0131n Prezidenti \u0130lham \u018fliyev v\u0259 birinci xan\u0131m Mehriban \u018fliyeva sentyabr\u0131n 2-d\u0259 K\u0259lb\u0259c\u0259r rayonunda Xudav\u0259ng monast\u0131r kompleksind\u0259 olublar.<\/strong><\/p>\n<p><strong>Musavat.com<\/strong>-un x\u0259b\u0259rin\u0259 g\u00f6r\u0259, m\u0259d\u0259niyy\u0259t naziri Adil K\u0259rimli d\u00f6vl\u0259timizin ba\u015f\u00e7\u0131s\u0131na v\u0259 birinci xan\u0131ma abid\u0259 haqq\u0131nda m\u0259lumat verdi.<\/p>\n<p>Bildirildi ki, d\u00fcnya \u0259h\u0259miyy\u0259tli memarl\u0131q abid\u0259si olan Xudav\u0259ng m\u0259b\u0259di 1992-2020-ci ill\u0259rd\u0259 erm\u0259nil\u0259rin t\u0259cavu\u0308zu\u0308n\u0259 m\u0259ruz qal\u0131b. \u0130\u015f\u011fal d\u00f6vr\u00fcnd\u0259 erm\u0259ni apostol kils\u0259sinin d\u0259st\u0259yi v\u0259 Erm\u0259nistan d\u00f6vl\u0259tinin v\u0259saiti hesab\u0131na monast\u0131rda \u201cb\u0259rpa\u201d ad\u0131 alt\u0131nda qanunsuz i\u015fl\u0259r g\u00f6r\u00fcl\u00fcb. Arzu xatun, B\u00f6y\u00fck H\u0259s\u0259n kils\u0259l\u0259ri v\u0259 kompleks\u0259 daxil olan dig\u0259r tikilil\u0259r \u00fcz\u0259rind\u0259 saxtala\u015fd\u0131rma \u0259lam\u0259tl\u0259ri olan \u0259lav\u0259l\u0259r edib, abid\u0259l\u0259rin bir \u00e7ox hiss\u0259l\u0259rini vandalizm\u0259 m\u0259ruz qoyublar. Torpaqlar\u0131m\u0131z i\u015f\u011faldan azad edil\u0259nd\u0259n sonra monast\u0131rda qalan erm\u0259ni ke\u015fi\u015f v\u0259 rahibl\u0259r abid\u0259l\u0259rd\u0259ki q\u0259dim freskalar\u0131 xarici m\u00fct\u0259x\u0259ssisl\u0259rin i\u015ftirak\u0131 il\u0259 x\u00fcsusi \u00fcsulla k\u0259sib g\u00f6t\u00fcr\u00fcb, qanunsuz olaraq Az\u0259rbaycan Respublikas\u0131n\u0131n \u0259razisind\u0259n \u00e7\u0131xar\u0131blar.<\/p>\n<p>Xudav\u0259ng monast\u0131r kompleksinin z\u0259ng qu\u0308ll\u0259sind\u0259 yanas\u0327\u0131 qoyulmus\u0327 bir-birinin u\u0308stu\u0308nd\u0259 iki dair\u0259vi xonc\u0327a v\u0259 h\u0259yat ag\u0306ac\u0131 s\u0327\u0259klind\u0259 xac\u0327 kompozisiyal\u0131 xac\u0327das\u0327lar v\u0259 kitab\u0259l\u0259r d\u0259 is\u0327g\u0306al do\u0308vru\u0308nd\u0259 s\u00f6k\u00fcl\u0259r\u0259k talan edilib.<\/p>\n<p>Qeyd olundu ki, 2020-ci ilin dekabr ay\u0131nda \u0130r\u0259vanda ke\u00e7iril\u0259n s\u0259rgid\u0259 Xudav\u0259ng monast\u0131r kompleksind\u0259n o\u011furlanm\u0131\u015f z\u0259ng, da\u015f kitab\u0259l\u0259r, freskalar, xal\u00e7alar v\u0259 Az\u0259rbaycan Respublikas\u0131na m\u0259xsus dig\u0259r m\u0259d\u0259ni irs n\u00fcmun\u0259l\u0259ri qanunsuz olaraq n\u00fcmayi\u015f etdirilib. Daha sonra qanunsuz olaraq \u201cVII-XIII \u0259srl\u0259rd\u0259 erm\u0259ni xristian kils\u0259l\u0259rind\u0259 freskalar\u201d ad\u0131 alt\u0131nda \u0130taliyan\u0131n Padua \u015f\u0259h\u0259rind\u0259 a\u00e7\u0131lm\u0131\u015f s\u0259rgid\u0259 Xudav\u0259ng monast\u0131r\u0131n\u0131n freskalar\u0131 &#8220;erm\u0259ni \u0259n\u0259n\u0259vi inc\u0259s\u0259n\u0259t n\u00fcmun\u0259l\u0259ri&#8221; kimi t\u0259qdim olunub. H\u0259min s\u0259rgi \u0130taliyan\u0131n bir ne\u00e7\u0259 \u015f\u0259h\u0259rind\u0259 d\u0259 t\u0259\u015fkil edilib.<\/p>\n<p><strong>***<\/strong><\/p>\n<p><strong>Az\u0259rbaycan Prezidenti \u0130lham \u018fliyev v\u0259 birinci xan\u0131m Mehriban \u018fliyeva sentyabr\u0131n 2-d\u0259 K\u0259lb\u0259c\u0259r rayonunda Xudav\u0259ng monast\u0131r kompleksind\u0259 olublar.<\/strong><\/p>\n<p><strong>Musavat.com<\/strong>-un m\u0259lumat\u0131na g\u00f6r\u0259, bu bar\u0259d\u0259 Prezidentin M\u0259tbuat Xidm\u0259ti x\u0259b\u0259r verib.<\/p>\n<\/div>\n<div>\n<div class=\"form-group\"><img class=\"img-responsive\" src=\"https:\/\/cdn.musavat.com\/news\/images\/Gugu\/gugu2\/17252869515548661159_1200x630.jpg\" \/><\/div>\n<div class=\"form-group\"><img class=\"img-responsive\" src=\"https:\/\/cdn.musavat.com\/news\/images\/Gugu\/gugu2\/172528695155939650_1200x630.jpg\" \/><\/div>\n<div class=\"form-group\"><img class=\"img-responsive\" src=\"https:\/\/cdn.musavat.com\/news\/images\/Gugu\/gugu2\/17252869513362947634_1200x630.jpg\" \/><\/div>\n<div class=\"form-group\"><img class=\"img-responsive\" src=\"https:\/\/cdn.musavat.com\/news\/images\/Gugu\/gugu2\/1725286951316254031_1200x630.jpg\" \/><\/div>\n<div class=\"form-group\"><img class=\"img-responsive\" src=\"https:\/\/cdn.musavat.com\/news\/images\/Gugu\/gugu2\/17252869515337610982_1200x630.jpg\" \/><\/div>\n<div class=\"form-group\"><img class=\"img-responsive\" src=\"https:\/\/cdn.musavat.com\/news\/images\/Gugu\/gugu2\/17252869515453665464_1200x630.jpg\" \/><\/div>\n<div class=\"form-group\"><img class=\"img-responsive\" src=\"https:\/\/cdn.musavat.com\/news\/images\/Gugu\/gugu2\/17252869515016221831_1200x630.jpg\" \/><\/div>\n<div class=\"form-group\"><img class=\"img-responsive\" src=\"https:\/\/cdn.musavat.com\/news\/images\/Gugu\/gugu2\/1725286951511356259_1200x630.jpg\" \/><\/div>\n<\/div>\n","protected":false},"excerpt":{"rendered":"<p>Az\u0259rbaycan Respublikas\u0131n\u0131n Prezidenti \u0130lham \u018fliyev v\u0259 birinci xan\u0131m Mehriban \u018fliyeva sentyabr\u0131n 2-d\u0259 K\u0259lb\u0259c\u0259r rayonunda Xudav\u0259ng monast\u0131r kompleksind\u0259 olublar. Musavat.com-un x\u0259b\u0259rin\u0259 g\u00f6r\u0259, m\u0259d\u0259niyy\u0259t naziri Adil K\u0259rimli d\u00f6vl\u0259timizin ba\u015f\u00e7\u0131s\u0131na v\u0259 birinci xan\u0131ma abid\u0259 haqq\u0131nda m\u0259lumat verdi. Bildirildi ki, d\u00fcnya \u0259h\u0259miyy\u0259tli memarl\u0131q abid\u0259si olan Xudav\u0259ng m\u0259b\u0259di 1992-2020-ci ill\u0259rd\u0259 erm\u0259nil\u0259rin t\u0259cavu\u0308zu\u0308n\u0259 m\u0259ruz qal\u0131b. \u0130\u015f\u011fal d\u00f6vr\u00fcnd\u0259 erm\u0259ni apostol kils\u0259sinin d\u0259st\u0259yi v\u0259 Erm\u0259nistan d\u00f6vl\u0259tinin v\u0259saiti hesab\u0131na monast\u0131rda \u201cb\u0259rpa\u201d ad\u0131 alt\u0131nda qanunsuz i\u015fl\u0259r g\u00f6r\u00fcl\u00fcb. Arzu xatun, B\u00f6y\u00fck H\u0259s\u0259n kils\u0259l\u0259ri v\u0259 kompleks\u0259 daxil olan dig\u0259r tikilil\u0259r \u00fcz\u0259rind\u0259 saxtala\u015fd\u0131rma \u0259lam\u0259tl\u0259ri olan \u0259lav\u0259l\u0259r edib, abid\u0259l\u0259rin bir \u00e7ox hiss\u0259l\u0259rini vandalizm\u0259 m\u0259ruz&hellip;<\/p>\n","protected":false},"author":2,"featured_media":749931,"comment_status":"closed","ping_status":"closed","sticky":false,"template":"","format":"standard","meta":{"om_disable_all_campaigns":false,"_monsterinsights_skip_tracking":false,"_monsterinsights_sitenote_active":false,"_monsterinsights_sitenote_note":"","_monsterinsights_sitenote_category":0},"categories":[4],"tags":[],"aioseo_notices":[],"gutentor_comment":0,"rttpg_featured_image_url":{"full":["https:\/\/arantv.az\/wp-content\/uploads\/2024\/09\/628bee4e8e4dc80b15006d22342e1709.jpg",870,500,false],"landscape":["https:\/\/arantv.az\/wp-content\/uploads\/2024\/09\/628bee4e8e4dc80b15006d22342e1709.jpg",870,500,false],"portraits":["https:\/\/arantv.az\/wp-content\/uploads\/2024\/09\/628bee4e8e4dc80b15006d22342e1709.jpg",870,500,false],"thumbnail":["https:\/\/arantv.az\/wp-content\/uploads\/2024\/09\/628bee4e8e4dc80b15006d22342e1709-500x280.jpg",500,280,true],"medium":["https:\/\/arantv.az\/wp-content\/uploads\/2024\/09\/628bee4e8e4dc80b15006d22342e1709-635x365.jpg",635,365,true],"large":["https:\/\/arantv.az\/wp-content\/uploads\/2024\/09\/628bee4e8e4dc80b15006d22342e1709-840x483.jpg",640,368,true],"1536x1536":["https:\/\/arantv.az\/wp-content\/uploads\/2024\/09\/628bee4e8e4dc80b15006d22342e1709.jpg",870,500,false],"2048x2048":["https:\/\/arantv.az\/wp-content\/uploads\/2024\/09\/628bee4e8e4dc80b15006d22342e1709.jpg",870,500,false],"post-thumbnail":["https:\/\/arantv.az\/wp-content\/uploads\/2024\/09\/628bee4e8e4dc80b15006d22342e1709-240x172.jpg",240,172,true],"advps-thumb-one":["https:\/\/arantv.az\/wp-content\/uploads\/2024\/09\/628bee4e8e4dc80b15006d22342e1709.jpg",870,500,false]},"rttpg_author":{"display_name":"V\u00fcsal Rafiqo\u011flu","author_link":"https:\/\/arantv.az\/?author=2"},"rttpg_comment":0,"rttpg_category":"<a href=\"https:\/\/arantv.az\/?cat=4\" rel=\"category\">Siyas\u0259t<\/a>","rttpg_excerpt":"Az\u0259rbaycan Respublikas\u0131n\u0131n Prezidenti \u0130lham \u018fliyev v\u0259 birinci xan\u0131m Mehriban \u018fliyeva sentyabr\u0131n 2-d\u0259 K\u0259lb\u0259c\u0259r rayonunda Xudav\u0259ng monast\u0131r kompleksind\u0259 olublar. Musavat.com-un x\u0259b\u0259rin\u0259 g\u00f6r\u0259, m\u0259d\u0259niyy\u0259t naziri Adil K\u0259rimli d\u00f6vl\u0259timizin ba\u015f\u00e7\u0131s\u0131na v\u0259 birinci xan\u0131ma abid\u0259 haqq\u0131nda m\u0259lumat verdi. Bildirildi ki, d\u00fcnya \u0259h\u0259miyy\u0259tli memarl\u0131q abid\u0259si olan Xudav\u0259ng m\u0259b\u0259di 1992-2020-ci ill\u0259rd\u0259 erm\u0259nil\u0259rin t\u0259cavu\u0308zu\u0308n\u0259 m\u0259ruz qal\u0131b. \u0130\u015f\u011fal d\u00f6vr\u00fcnd\u0259 erm\u0259ni apostol kils\u0259sinin d\u0259st\u0259yi&hellip;","_links":{"self":[{"href":"https:\/\/arantv.az\/index.php?rest_route=\/wp\/v2\/posts\/749930"}],"collection":[{"href":"https:\/\/arantv.az\/index.php?rest_route=\/wp\/v2\/posts"}],"about":[{"href":"https:\/\/arantv.az\/index.php?rest_route=\/wp\/v2\/types\/post"}],"author":[{"embeddable":true,"href":"https:\/\/arantv.az\/index.php?rest_route=\/wp\/v2\/users\/2"}],"replies":[{"embeddable":true,"href":"https:\/\/arantv.az\/index.php?rest_route=%2Fwp%2Fv2%2Fcomments&post=749930"}],"version-history":[{"count":1,"href":"https:\/\/arantv.az\/index.php?rest_route=\/wp\/v2\/posts\/749930\/revisions"}],"predecessor-version":[{"id":749932,"href":"https:\/\/arantv.az\/index.php?rest_route=\/wp\/v2\/posts\/749930\/revisions\/749932"}],"wp:featuredmedia":[{"embeddable":true,"href":"https:\/\/arantv.az\/index.php?rest_route=\/wp\/v2\/media\/749931"}],"wp:attachment":[{"href":"https:\/\/arantv.az\/index.php?rest_route=%2Fwp%2Fv2%2Fmedia&parent=749930"}],"wp:term":[{"taxonomy":"category","embeddable":true,"href":"https:\/\/arantv.az\/index.php?rest_route=%2Fwp%2Fv2%2Fcategories&post=749930"},{"taxonomy":"post_tag","embeddable":true,"href":"https:\/\/arantv.az\/index.php?rest_route=%2Fwp%2Fv2%2Ftags&post=749930"}],"curies":[{"name":"wp","href":"https:\/\/api.w.org\/{rel}","templated":true}]}}