{"id":749933,"date":"2024-09-02T18:46:04","date_gmt":"2024-09-02T14:46:04","guid":{"rendered":"https:\/\/arantv.az\/?p=749933"},"modified":"2024-09-02T18:46:04","modified_gmt":"2024-09-02T14:46:04","slug":"lavrov-allah-xatirin%c9%99","status":"publish","type":"post","link":"https:\/\/arantv.az\/?p=749933","title":{"rendered":"Lavrov: Allah xatirin\u0259&#8230;"},"content":{"rendered":"<p><strong>\u018fg\u0259r Erm\u0259nistan hakimiyy\u0259ti Qaraba\u011fdak\u0131 b\u00f6hran\u0131n h\u0259lli \u00fc\u00e7\u00fcn Rusiyan\u0131n i\u015ftirak\u0131 olmadan Az\u0259rbaycanla birba\u015fa dan\u0131\u015f\u0131qlar aparmaq ist\u0259yirs\u0259, o zaman, \u201cAllah xatirin\u0259\u201d.<\/strong><\/p>\n<p>Bunu Rusiyan\u0131n xarici i\u015fl\u0259r naziri Sergey Lavrov deyib.<\/p>\n<p>O bildirib: \u201cEyni \u015f\u0259kild\u0259 2020-2022-ci ill\u0259rd\u0259 Rusiya, Erm\u0259nistan v\u0259 Az\u0259rbaycan\u0131n bir ne\u00e7\u0259 sammitind\u0259 ba\u011flanm\u0131\u015f \u00fc\u00e7t\u0259r\u0259fli sazi\u015fl\u0259rin d\u0259 geril\u0259m\u0259sind\u0259n indi narahat\u0131q. M\u0259n n\u0259qliyyat \u0259laq\u0259l\u0259rinin b\u0259rpas\u0131n\u0131 qeyd etdim v\u0259 bununla m\u0259\u015f\u011ful olan \u00fc\u00e7t\u0259r\u0259fli komissiyan\u0131 da qeyd etdim, lakin o, art\u0131q praktiki olaraq g\u00f6r\u00fc\u015fm\u00fcr. Yerevan hesab edir ki, bunu birba\u015fa Az\u0259rbaycanla etm\u0259k laz\u0131md\u0131r, lakin onlar u\u011fur qazansalar, bu, Allah xatirin\u0259 olacaq\u201d.<\/p>\n<p>Lavrov qeyd edib ki, d\u00f6vl\u0259t s\u0259rh\u0259dinin delimitasiyas\u0131 m\u0259s\u0259l\u0259sind\u0259 Rusiya Federasiyas\u0131 bu prosesi i\u015ftirak\u00e7\u0131lar aras\u0131nda m\u0259sl\u0259h\u0259tl\u0259\u015fm\u0259lidir, lakin bu ba\u015f vermir:<\/p>\n<p>\u201cXeyr, ist\u0259mirl\u0259r v\u0259 eyni zamanda, daima Q\u0259rbi, AB\u015e-\u0131, Avropa \u0130ttifaq\u0131n\u0131, Parisi c\u0259lb etm\u0259y\u0259 v\u0259 onlar\u0131 ist\u0259nil\u0259n prosesl\u0259r\u0259 himay\u0259darl\u0131q etm\u0259y\u0259 c\u0259lb etm\u0259y\u0259 \u00e7al\u0131\u015f\u0131rlar. Bu, onlar\u0131n se\u00e7imidir, lakin onlar ilk n\u00f6vb\u0259d\u0259 az\u0259rbaycanl\u0131 qon\u015fular\u0131 il\u0259 dan\u0131\u015f\u0131qlar aparmal\u0131d\u0131rlar. Ba\u015fqa yol yoxdur\u201d.<\/p>\n<p>Rusiya X\u0130N r\u0259hb\u0259ri \u0259lav\u0259 edib ki, b\u00fct\u00fcn f\u0259rqlilikl\u0259r\u0259 v\u0259 uy\u011funsuzluqlara baxmayaraq, Rusiya v\u0259 onun t\u0259r\u0259fda\u015flar\u0131 kimin n\u0259yin t\u0259r\u0259fdar\u0131 oldu\u011funu ba\u015fa d\u00fc\u015f\u00fcrl\u0259r.\/Yenisabah.az<\/p>\n","protected":false},"excerpt":{"rendered":"<p>\u018fg\u0259r Erm\u0259nistan hakimiyy\u0259ti Qaraba\u011fdak\u0131 b\u00f6hran\u0131n h\u0259lli \u00fc\u00e7\u00fcn Rusiyan\u0131n i\u015ftirak\u0131 olmadan Az\u0259rbaycanla birba\u015fa dan\u0131\u015f\u0131qlar aparmaq ist\u0259yirs\u0259, o zaman, \u201cAllah xatirin\u0259\u201d. Bunu Rusiyan\u0131n xarici i\u015fl\u0259r naziri Sergey Lavrov deyib. O bildirib: \u201cEyni \u015f\u0259kild\u0259 2020-2022-ci ill\u0259rd\u0259 Rusiya, Erm\u0259nistan v\u0259 Az\u0259rbaycan\u0131n bir ne\u00e7\u0259 sammitind\u0259 ba\u011flanm\u0131\u015f \u00fc\u00e7t\u0259r\u0259fli sazi\u015fl\u0259rin d\u0259 geril\u0259m\u0259sind\u0259n indi narahat\u0131q. M\u0259n n\u0259qliyyat \u0259laq\u0259l\u0259rinin b\u0259rpas\u0131n\u0131 qeyd etdim v\u0259 bununla m\u0259\u015f\u011ful olan \u00fc\u00e7t\u0259r\u0259fli komissiyan\u0131 da qeyd etdim, lakin o, art\u0131q praktiki olaraq g\u00f6r\u00fc\u015fm\u00fcr. Yerevan hesab edir ki, bunu birba\u015fa Az\u0259rbaycanla etm\u0259k laz\u0131md\u0131r, lakin onlar u\u011fur qazansalar, bu, Allah xatirin\u0259 olacaq\u201d. Lavrov qeyd edib ki, d\u00f6vl\u0259t&hellip;<\/p>\n","protected":false},"author":2,"featured_media":749934,"comment_status":"closed","ping_status":"closed","sticky":false,"template":"","format":"standard","meta":{"om_disable_all_campaigns":false,"_monsterinsights_skip_tracking":false,"_monsterinsights_sitenote_active":false,"_monsterinsights_sitenote_note":"","_monsterinsights_sitenote_category":0},"categories":[7],"tags":[],"aioseo_notices":[],"gutentor_comment":0,"rttpg_featured_image_url":{"full":["https:\/\/arantv.az\/wp-content\/uploads\/2024\/09\/77d583f790f90c292579cc1f12bbb54f.jpg",870,500,false],"landscape":["https:\/\/arantv.az\/wp-content\/uploads\/2024\/09\/77d583f790f90c292579cc1f12bbb54f.jpg",870,500,false],"portraits":["https:\/\/arantv.az\/wp-content\/uploads\/2024\/09\/77d583f790f90c292579cc1f12bbb54f.jpg",870,500,false],"thumbnail":["https:\/\/arantv.az\/wp-content\/uploads\/2024\/09\/77d583f790f90c292579cc1f12bbb54f-500x280.jpg",500,280,true],"medium":["https:\/\/arantv.az\/wp-content\/uploads\/2024\/09\/77d583f790f90c292579cc1f12bbb54f-635x365.jpg",635,365,true],"large":["https:\/\/arantv.az\/wp-content\/uploads\/2024\/09\/77d583f790f90c292579cc1f12bbb54f-840x483.jpg",640,368,true],"1536x1536":["https:\/\/arantv.az\/wp-content\/uploads\/2024\/09\/77d583f790f90c292579cc1f12bbb54f.jpg",870,500,false],"2048x2048":["https:\/\/arantv.az\/wp-content\/uploads\/2024\/09\/77d583f790f90c292579cc1f12bbb54f.jpg",870,500,false],"post-thumbnail":["https:\/\/arantv.az\/wp-content\/uploads\/2024\/09\/77d583f790f90c292579cc1f12bbb54f-240x172.jpg",240,172,true],"advps-thumb-one":["https:\/\/arantv.az\/wp-content\/uploads\/2024\/09\/77d583f790f90c292579cc1f12bbb54f.jpg",870,500,false]},"rttpg_author":{"display_name":"V\u00fcsal Rafiqo\u011flu","author_link":"https:\/\/arantv.az\/?author=2"},"rttpg_comment":0,"rttpg_category":"<a href=\"https:\/\/arantv.az\/?cat=7\" rel=\"category\">D\u00fcnya<\/a>","rttpg_excerpt":"\u018fg\u0259r Erm\u0259nistan hakimiyy\u0259ti Qaraba\u011fdak\u0131 b\u00f6hran\u0131n h\u0259lli \u00fc\u00e7\u00fcn Rusiyan\u0131n i\u015ftirak\u0131 olmadan Az\u0259rbaycanla birba\u015fa dan\u0131\u015f\u0131qlar aparmaq ist\u0259yirs\u0259, o zaman, \u201cAllah xatirin\u0259\u201d. Bunu Rusiyan\u0131n xarici i\u015fl\u0259r naziri Sergey Lavrov deyib. O bildirib: \u201cEyni \u015f\u0259kild\u0259 2020-2022-ci ill\u0259rd\u0259 Rusiya, Erm\u0259nistan v\u0259 Az\u0259rbaycan\u0131n bir ne\u00e7\u0259 sammitind\u0259 ba\u011flanm\u0131\u015f \u00fc\u00e7t\u0259r\u0259fli sazi\u015fl\u0259rin d\u0259 geril\u0259m\u0259sind\u0259n indi narahat\u0131q. M\u0259n n\u0259qliyyat \u0259laq\u0259l\u0259rinin b\u0259rpas\u0131n\u0131 qeyd etdim v\u0259 bununla&hellip;","_links":{"self":[{"href":"https:\/\/arantv.az\/index.php?rest_route=\/wp\/v2\/posts\/749933"}],"collection":[{"href":"https:\/\/arantv.az\/index.php?rest_route=\/wp\/v2\/posts"}],"about":[{"href":"https:\/\/arantv.az\/index.php?rest_route=\/wp\/v2\/types\/post"}],"author":[{"embeddable":true,"href":"https:\/\/arantv.az\/index.php?rest_route=\/wp\/v2\/users\/2"}],"replies":[{"embeddable":true,"href":"https:\/\/arantv.az\/index.php?rest_route=%2Fwp%2Fv2%2Fcomments&post=749933"}],"version-history":[{"count":1,"href":"https:\/\/arantv.az\/index.php?rest_route=\/wp\/v2\/posts\/749933\/revisions"}],"predecessor-version":[{"id":749935,"href":"https:\/\/arantv.az\/index.php?rest_route=\/wp\/v2\/posts\/749933\/revisions\/749935"}],"wp:featuredmedia":[{"embeddable":true,"href":"https:\/\/arantv.az\/index.php?rest_route=\/wp\/v2\/media\/749934"}],"wp:attachment":[{"href":"https:\/\/arantv.az\/index.php?rest_route=%2Fwp%2Fv2%2Fmedia&parent=749933"}],"wp:term":[{"taxonomy":"category","embeddable":true,"href":"https:\/\/arantv.az\/index.php?rest_route=%2Fwp%2Fv2%2Fcategories&post=749933"},{"taxonomy":"post_tag","embeddable":true,"href":"https:\/\/arantv.az\/index.php?rest_route=%2Fwp%2Fv2%2Ftags&post=749933"}],"curies":[{"name":"wp","href":"https:\/\/api.w.org\/{rel}","templated":true}]}}