{"id":749940,"date":"2024-09-02T18:48:04","date_gmt":"2024-09-02T14:48:04","guid":{"rendered":"https:\/\/arantv.az\/?p=749940"},"modified":"2024-09-02T18:48:04","modified_gmt":"2024-09-02T14:48:04","slug":"m%c9%99nim-s%c9%99sim-secki-koalisiyasi-novb%c9%99d%c9%99nk%c9%99nar-parlament-seckil%c9%99ri-%c9%99dal%c9%99tli-v%c9%99-s%c9%99ffaf-olub","status":"publish","type":"post","link":"https:\/\/arantv.az\/?p=749940","title":{"rendered":"&#8220;M\u0259nim s\u0259sim&#8221; Se\u00e7ki Koalisiyas\u0131: N\u00f6vb\u0259d\u0259nk\u0259nar parlament se\u00e7kil\u0259ri \u0259dal\u0259tli v\u0259 \u015f\u0259ffaf olub"},"content":{"rendered":"<p><strong>&#8220;M\u0259nim s\u0259sim&#8221; Se\u00e7ki Koalisiyas\u0131 sentyabr\u0131n 1-d\u0259 Az\u0259rbaycanda ke\u00e7iril\u0259n n\u00f6vb\u0259d\u0259nk\u0259nar parlament se\u00e7kil\u0259ri il\u0259 ba\u011fl\u0131 b\u0259yanat yay\u0131b.<\/strong><\/p>\n<p>&#8220;Report&#8221; x\u0259b\u0259r verir ki, b\u0259yanata \u0259sas\u0259n, se\u00e7ki g\u00fcn\u00fcn\u0259 q\u0259d\u0259r Koalisiya se\u00e7ki dair\u0259l\u0259ri v\u0259 m\u0259nt\u0259q\u0259l\u0259ri \u00fczr\u0259 se\u00e7ki m\u00fc\u015fahid\u0259\u00e7il\u0259rini m\u00fc\u0259yy\u0259n edib, onlara pe\u015f\u0259kar t\u0259liml\u0259r ke\u00e7ib.<\/p>\n<p>Qeyd edilib ki, Koalisiya se\u00e7ki g\u00fcn\u00fcn\u0259 q\u0259d\u0259r namiz\u0259dl\u0259rl\u0259, xarici m\u00fc\u015fahid\u0259\u00e7il\u0259rl\u0259, o c\u00fcml\u0259d\u0259n AT\u018fT-in Demokratik T\u0259sisatlar v\u0259 \u0130nsan Haqlar\u0131 Ofisinin se\u00e7ki missiyas\u0131 il\u0259 g\u00f6r\u00fc\u015fl\u0259r ke\u00e7irib, davaml\u0131 m\u0259lumat m\u00fcbadil\u0259si apar\u0131b, z\u0259ruri qeydl\u0259r g\u00f6t\u00fcr\u00fcb, izl\u0259m\u0259l\u0259r, m\u00fc\u015fahid\u0259l\u0259r v\u0259 t\u0259hlill\u0259r \u0259sas\u0131nda aral\u0131q hesabat haz\u0131rlay\u0131b, ictimaiyy\u0259t\u0259 a\u00e7\u0131qlay\u0131b:<\/p>\n<p>&#8220;Aral\u0131q hesabat\u0131nda qeyd olundu\u011fu kimi, respublikan\u0131n he\u00e7 bir yerind\u0259 imzatoplama prosesind\u0259 namiz\u0259dliyini ir\u0259li s\u00fcr\u0259n \u015f\u0259xsl\u0259r\u0259 mane\u00e7ilik t\u00f6r\u0259dilm\u0259yib. Koalisiya \u00fczvl\u0259ri il\u0259 g\u00f6r\u00fc\u015fl\u0259rd\u0259 namiz\u0259dliyini ir\u0259li s\u00fcr\u0259n, amma MSK t\u0259r\u0259find\u0259n qeyd\u0259 al\u0131nmayan \u015f\u0259xsl\u0259r t\u0259r\u0259find\u0259n bildiril\u0259n m\u0259lumatlara g\u00f6r\u0259, iradlar \u0259sas\u0259n s\u0259n\u0259dl\u0259\u015fm\u0259d\u0259ki q\u00fcsurlarla ba\u011fl\u0131 olub.<br \/>\n1 sentyabr 2024-c\u00fc il \u2013 se\u00e7ki g\u00fcn\u00fc \u201cM\u0259nim s\u0259sim\u201d Se\u00e7ki Monitorinq Koalisiyas\u0131 beyn\u0259lxalq standartlara uy\u011fun se\u00e7ki m\u00fc\u015fahid\u0259\u00e7iliyi apar\u0131b. Koalisiyan\u0131n 533 n\u0259f\u0259r se\u00e7ki m\u00fc\u015fahid\u0259\u00e7isi t\u0259r\u0259find\u0259n Qaraba\u011f v\u0259 \u015e\u0259rqi Z\u0259ng\u0259zur, Nax\u00e7\u0131van Muxtar Respublikas\u0131 daxil olmaqla, respublikan\u0131n b\u00fct\u00fcn \u0259razisind\u0259, se\u00e7ki dair\u0259l\u0259rinin \u00fcmumi say\u0131n\u0131n 56%-ni t\u0259\u015fkil ed\u0259n 70 Se\u00e7ki Dair\u0259sind\u0259 m\u00fc\u015fahid\u0259 apar\u0131l\u0131b. Se\u00e7ki g\u00fcn\u00fc pe\u015f\u0259kar m\u00fc\u015fahid\u0259\u00e7il\u0259rimizd\u0259n toplanm\u0131\u015f b\u00fct\u00fcn m\u0259lumatlar, qeydl\u0259r Koalisiyaya c\u0259lb edilmi\u015f ekspertl\u0259rin d\u0259 i\u015ftirak\u0131 il\u0259 \u0259trafl\u0131 t\u0259hlil olunur&#8221;.<\/p>\n<p>B\u0259yanatda bildirilib ki, se\u00e7ki\u00f6nc\u0259si namiz\u0259dl\u0259r aras\u0131nda mediada debatlar\u0131n olmamas\u0131, parlament se\u00e7kil\u0259ri m\u00f6vzusunda diskussiyalar\u0131n azl\u0131\u011f\u0131 qeyd\u0259 al\u0131n\u0131b v\u0259 buna g\u00f6r\u0259 d\u0259 se\u00e7icil\u0259rin namiz\u0259dl\u0259r bar\u0259d\u0259 m\u00fcqayis\u0259li se\u00e7im imkan\u0131 geni\u015f olmay\u0131b.<\/p>\n<p>&#8220;Se\u00e7ki m\u0259nt\u0259q\u0259l\u0259rind\u0259 Se\u00e7ki M\u0259c\u0259ll\u0259sind\u0259n v\u0259 bu sah\u0259d\u0259 dig\u0259r qanunvericilik aktlar\u0131ndan ir\u0259li g\u0259l\u0259n m\u0259s\u0259l\u0259l\u0259r &#8211; s\u0259sverm\u0259 kabin\u0259l\u0259ri, s\u0259sverm\u0259 qutular\u0131, texniki t\u0259chizat \u0259sas\u0259n t\u0259l\u0259bl\u0259r\u0259 uy\u011fun olub. Se\u00e7icil\u0259rin se\u00e7ki m\u0259nt\u0259q\u0259l\u0259rin\u0259 s\u0259rb\u0259st \u015f\u0259kild\u0259 daxil olmas\u0131, kabin\u0259l\u0259rd\u0259n istifad\u0259 ed\u0259r\u0259k gizli s\u0259sverm\u0259l\u0259ri \u00fc\u00e7\u00fcn laz\u0131mi \u015f\u0259rait yarad\u0131l\u0131b. \u201cM\u0259nim s\u0259sim\u201d Se\u00e7ki Monitorinq Koalisiyas\u0131n\u0131n m\u00fc\u015fahid\u0259\u00e7il\u0259rin\u0259 prosesi s\u0259rb\u0259st izl\u0259m\u0259y\u0259 mane\u0259 t\u00f6r\u0259dilm\u0259si hal\u0131 qeyd\u0259 al\u0131nmay\u0131b, m\u00fc\u015fahid\u0259 apar\u0131lmas\u0131na tam \u015f\u0259rait yarad\u0131l\u0131b. Se\u00e7ki m\u0259nt\u0259q\u0259l\u0259rind\u0259 foto v\u0259 video\u00e7\u0259kili\u015f aparmaq, internet resurslar\u0131ndan istifad\u0259 il\u0259 ba\u011fl\u0131, media n\u00fcmay\u0259nd\u0259l\u0259rinin i\u015fin\u0259 m\u00fcdaxil\u0259 fakt\u0131 v\u0259 ya bu bar\u0259d\u0259 m\u0259nt\u0259q\u0259l\u0259rd\u0259ki jurnalistl\u0259rd\u0259n Koalisiyaya h\u0259r hans\u0131 \u015fikay\u0259t edilm\u0259si hal\u0131 qeyd\u0259 al\u0131nmay\u0131b. M\u0259nt\u0259q\u0259l\u0259rd\u0259 \u00e7a\u011f\u0131r\u0131\u015f olmadan r\u0259smi d\u00f6vl\u0259t qurumlar\u0131ndan, polis n\u00fcmay\u0259nd\u0259l\u0259rind\u0259n he\u00e7 kimin se\u00e7ki m\u0259nt\u0259q\u0259l\u0259rin\u0259 daxil olmas\u0131 hal\u0131 m\u00fc\u015fahid\u0259 edilm\u0259yib. S\u0259sverm\u0259 prosesi se\u00e7ki m\u0259nt\u0259q\u0259l\u0259rind\u0259 vaxt\u0131nda ba\u015flay\u0131b v\u0259 dayand\u0131r\u0131l\u0131b, s\u0259sl\u0259rin say\u0131lmas\u0131 \u0259sas\u0259n qanunauy\u011fun t\u0259\u015fkil edilib&#8221;, &#8211; b\u0259yanatda vur\u011fulan\u0131b.<\/p>\n<p>Qeyd edilib ki, se\u00e7ki g\u00fcn\u00fc Koalisiya t\u0259r\u0259find\u0259n m\u00fc\u015fahid\u0259 apar\u0131lan 70 se\u00e7ki dair\u0259si \u00fczr\u0259 m\u0259nt\u0259q\u0259l\u0259rd\u0259 n\u00f6vb\u0259d\u0259nk\u0259nar parlament se\u00e7kil\u0259ri \u0259dal\u0259tli v\u0259 \u015f\u0259ffaf olub.<\/p>\n","protected":false},"excerpt":{"rendered":"<p>&#8220;M\u0259nim s\u0259sim&#8221; Se\u00e7ki Koalisiyas\u0131 sentyabr\u0131n 1-d\u0259 Az\u0259rbaycanda ke\u00e7iril\u0259n n\u00f6vb\u0259d\u0259nk\u0259nar parlament se\u00e7kil\u0259ri il\u0259 ba\u011fl\u0131 b\u0259yanat yay\u0131b. &#8220;Report&#8221; x\u0259b\u0259r verir ki, b\u0259yanata \u0259sas\u0259n, se\u00e7ki g\u00fcn\u00fcn\u0259 q\u0259d\u0259r Koalisiya se\u00e7ki dair\u0259l\u0259ri v\u0259 m\u0259nt\u0259q\u0259l\u0259ri \u00fczr\u0259 se\u00e7ki m\u00fc\u015fahid\u0259\u00e7il\u0259rini m\u00fc\u0259yy\u0259n edib, onlara pe\u015f\u0259kar t\u0259liml\u0259r ke\u00e7ib. Qeyd edilib ki, Koalisiya se\u00e7ki g\u00fcn\u00fcn\u0259 q\u0259d\u0259r namiz\u0259dl\u0259rl\u0259, xarici m\u00fc\u015fahid\u0259\u00e7il\u0259rl\u0259, o c\u00fcml\u0259d\u0259n AT\u018fT-in Demokratik T\u0259sisatlar v\u0259 \u0130nsan Haqlar\u0131 Ofisinin se\u00e7ki missiyas\u0131 il\u0259 g\u00f6r\u00fc\u015fl\u0259r ke\u00e7irib, davaml\u0131 m\u0259lumat m\u00fcbadil\u0259si apar\u0131b, z\u0259ruri qeydl\u0259r g\u00f6t\u00fcr\u00fcb, izl\u0259m\u0259l\u0259r, m\u00fc\u015fahid\u0259l\u0259r v\u0259 t\u0259hlill\u0259r \u0259sas\u0131nda aral\u0131q hesabat haz\u0131rlay\u0131b, ictimaiyy\u0259t\u0259 a\u00e7\u0131qlay\u0131b: &#8220;Aral\u0131q hesabat\u0131nda qeyd olundu\u011fu kimi, respublikan\u0131n he\u00e7 bir yerind\u0259 imzatoplama prosesind\u0259&hellip;<\/p>\n","protected":false},"author":2,"featured_media":749941,"comment_status":"closed","ping_status":"closed","sticky":false,"template":"","format":"standard","meta":{"om_disable_all_campaigns":false,"_monsterinsights_skip_tracking":false,"_monsterinsights_sitenote_active":false,"_monsterinsights_sitenote_note":"","_monsterinsights_sitenote_category":0},"categories":[1],"tags":[],"aioseo_notices":[],"gutentor_comment":0,"rttpg_featured_image_url":{"full":["https:\/\/arantv.az\/wp-content\/uploads\/2024\/09\/34627ba53782f9ac059059245d91fb70.jpg",850,500,false],"landscape":["https:\/\/arantv.az\/wp-content\/uploads\/2024\/09\/34627ba53782f9ac059059245d91fb70.jpg",850,500,false],"portraits":["https:\/\/arantv.az\/wp-content\/uploads\/2024\/09\/34627ba53782f9ac059059245d91fb70.jpg",850,500,false],"thumbnail":["https:\/\/arantv.az\/wp-content\/uploads\/2024\/09\/34627ba53782f9ac059059245d91fb70-500x280.jpg",500,280,true],"medium":["https:\/\/arantv.az\/wp-content\/uploads\/2024\/09\/34627ba53782f9ac059059245d91fb70-621x365.jpg",621,365,true],"large":["https:\/\/arantv.az\/wp-content\/uploads\/2024\/09\/34627ba53782f9ac059059245d91fb70-840x494.jpg",640,376,true],"1536x1536":["https:\/\/arantv.az\/wp-content\/uploads\/2024\/09\/34627ba53782f9ac059059245d91fb70.jpg",850,500,false],"2048x2048":["https:\/\/arantv.az\/wp-content\/uploads\/2024\/09\/34627ba53782f9ac059059245d91fb70.jpg",850,500,false],"post-thumbnail":["https:\/\/arantv.az\/wp-content\/uploads\/2024\/09\/34627ba53782f9ac059059245d91fb70-240x172.jpg",240,172,true],"advps-thumb-one":["https:\/\/arantv.az\/wp-content\/uploads\/2024\/09\/34627ba53782f9ac059059245d91fb70.jpg",850,500,false]},"rttpg_author":{"display_name":"V\u00fcsal Rafiqo\u011flu","author_link":"https:\/\/arantv.az\/?author=2"},"rttpg_comment":0,"rttpg_category":"<a href=\"https:\/\/arantv.az\/?cat=1\" rel=\"category\">C\u0259miyy\u0259t<\/a>","rttpg_excerpt":"&#8220;M\u0259nim s\u0259sim&#8221; Se\u00e7ki Koalisiyas\u0131 sentyabr\u0131n 1-d\u0259 Az\u0259rbaycanda ke\u00e7iril\u0259n n\u00f6vb\u0259d\u0259nk\u0259nar parlament se\u00e7kil\u0259ri il\u0259 ba\u011fl\u0131 b\u0259yanat yay\u0131b. &#8220;Report&#8221; x\u0259b\u0259r verir ki, b\u0259yanata \u0259sas\u0259n, se\u00e7ki g\u00fcn\u00fcn\u0259 q\u0259d\u0259r Koalisiya se\u00e7ki dair\u0259l\u0259ri v\u0259 m\u0259nt\u0259q\u0259l\u0259ri \u00fczr\u0259 se\u00e7ki m\u00fc\u015fahid\u0259\u00e7il\u0259rini m\u00fc\u0259yy\u0259n edib, onlara pe\u015f\u0259kar t\u0259liml\u0259r ke\u00e7ib. Qeyd edilib ki, Koalisiya se\u00e7ki g\u00fcn\u00fcn\u0259 q\u0259d\u0259r namiz\u0259dl\u0259rl\u0259, xarici m\u00fc\u015fahid\u0259\u00e7il\u0259rl\u0259, o c\u00fcml\u0259d\u0259n AT\u018fT-in Demokratik T\u0259sisatlar v\u0259 \u0130nsan&hellip;","_links":{"self":[{"href":"https:\/\/arantv.az\/index.php?rest_route=\/wp\/v2\/posts\/749940"}],"collection":[{"href":"https:\/\/arantv.az\/index.php?rest_route=\/wp\/v2\/posts"}],"about":[{"href":"https:\/\/arantv.az\/index.php?rest_route=\/wp\/v2\/types\/post"}],"author":[{"embeddable":true,"href":"https:\/\/arantv.az\/index.php?rest_route=\/wp\/v2\/users\/2"}],"replies":[{"embeddable":true,"href":"https:\/\/arantv.az\/index.php?rest_route=%2Fwp%2Fv2%2Fcomments&post=749940"}],"version-history":[{"count":1,"href":"https:\/\/arantv.az\/index.php?rest_route=\/wp\/v2\/posts\/749940\/revisions"}],"predecessor-version":[{"id":749942,"href":"https:\/\/arantv.az\/index.php?rest_route=\/wp\/v2\/posts\/749940\/revisions\/749942"}],"wp:featuredmedia":[{"embeddable":true,"href":"https:\/\/arantv.az\/index.php?rest_route=\/wp\/v2\/media\/749941"}],"wp:attachment":[{"href":"https:\/\/arantv.az\/index.php?rest_route=%2Fwp%2Fv2%2Fmedia&parent=749940"}],"wp:term":[{"taxonomy":"category","embeddable":true,"href":"https:\/\/arantv.az\/index.php?rest_route=%2Fwp%2Fv2%2Fcategories&post=749940"},{"taxonomy":"post_tag","embeddable":true,"href":"https:\/\/arantv.az\/index.php?rest_route=%2Fwp%2Fv2%2Ftags&post=749940"}],"curies":[{"name":"wp","href":"https:\/\/api.w.org\/{rel}","templated":true}]}}