{"id":749962,"date":"2024-09-02T20:08:51","date_gmt":"2024-09-02T16:08:51","guid":{"rendered":"https:\/\/arantv.az\/?p=749962"},"modified":"2024-09-02T20:08:51","modified_gmt":"2024-09-02T16:08:51","slug":"zakir-h%c9%99s%c9%99nov-italiyanin-az%c9%99rbaycandaki-s%c9%99firi-il%c9%99-gorusub-foto","status":"publish","type":"post","link":"https:\/\/arantv.az\/?p=749962","title":{"rendered":"Zakir H\u0259s\u0259nov \u0130taliyan\u0131n Az\u0259rbaycandak\u0131 s\u0259firi il\u0259 g\u00f6r\u00fc\u015f\u00fcb &#8211; FOTO"},"content":{"rendered":"<p>Sentyabr\u0131n 2-d\u0259 Az\u0259rbaycan Respublikas\u0131n\u0131n m\u00fcdafi\u0259 naziri general-polkovnik Zakir H\u0259s\u0259nov \u0130taliya Respublikas\u0131n\u0131n \u00f6lk\u0259mizd\u0259ki f\u00f6vq\u0259lad\u0259 v\u0259 s\u0259lahiyy\u0259tli s\u0259firi Luka di Canfran\u00e7esko il\u0259 g\u00f6r\u00fc\u015f\u00fcb.<\/p>\n<p>Bu bar\u0259d\u0259 Musavat.com-a Az\u0259rbaycan M\u00fcdafi\u0259 Nazirliyind\u0259n bildirilib.<\/p>\n<p>M\u00fcdafi\u0259 naziri Az\u0259rbaycan il\u0259 \u0130taliya aras\u0131nda ikit\u0259r\u0259fli m\u00fcnasib\u0259tl\u0259rin dig\u0259r sah\u0259l\u0259rd\u0259 oldu\u011fu kimi h\u0259rbi sah\u0259d\u0259 d\u0259 x\u00fcsusi xarakter da\u015f\u0131d\u0131\u011f\u0131n\u0131 v\u0259 bunun h\u0259r iki \u00f6lk\u0259 ordusunun inki\u015faf\u0131na t\u00f6hf\u0259 ver\u0259c\u0259yini bildirib.<\/p>\n<p>2024-2025-ci ill\u0259r \u0259rzind\u0259 Az\u0259rbaycanla \u0130taliya aras\u0131nda h\u0259rbi sah\u0259d\u0259 planla\u015fd\u0131r\u0131lan 31 t\u0259dbird\u0259n bir qisminin icra edildiyi qeyd olunub.<\/p>\n<p>H\u0259rbi sah\u0259d\u0259 \u0259m\u0259kda\u015fl\u0131\u011f\u0131n m\u00f6vcud v\u0259ziyy\u0259tind\u0259n m\u0259mnunluq ifad\u0259 ed\u0259n c\u0259nab L.Canfran\u00e7esko \u00f6lk\u0259l\u0259rimiz aras\u0131nda qar\u015f\u0131l\u0131ql\u0131 s\u0259f\u0259rl\u0259rin m\u00fch\u00fcm \u0259h\u0259miyy\u0259t\u0259 malik oldu\u011funu vur\u011fulay\u0131b.<\/p>\n<p>\u0130taliyan\u0131n Az\u0259rbaycandak\u0131 h\u0259rbi atta\u015fesi 1-ci d\u0259r\u0259c\u0259li kapitan Cianfranko Vitzinin d\u0259 i\u015ftirak etdiyi g\u00f6r\u00fc\u015fd\u0259 t\u0259r\u0259fl\u0259r h\u0259rbi sah\u0259d\u0259 \u0259m\u0259kda\u015fl\u0131\u011f\u0131n inki\u015faf perspektivl\u0259rini m\u00fczakir\u0259 edib, regional t\u0259hl\u00fck\u0259sizlik, h\u0259m\u00e7inin qar\u015f\u0131l\u0131ql\u0131 maraq do\u011furan bir s\u0131ra m\u0259s\u0259l\u0259l\u0259r \u0259traf\u0131nda geni\u015f fikir m\u00fcbadil\u0259si apar\u0131blar.<\/p>\n<p><img src=\"https:\/\/img.milli.az\/2024\/09\/02\/1229571_(1).jpg\" \/><\/p>\n<p><img src=\"https:\/\/img.milli.az\/2024\/09\/02\/1229571_(2).jpg\" \/><\/p>\n","protected":false},"excerpt":{"rendered":"<p>Sentyabr\u0131n 2-d\u0259 Az\u0259rbaycan Respublikas\u0131n\u0131n m\u00fcdafi\u0259 naziri general-polkovnik Zakir H\u0259s\u0259nov \u0130taliya Respublikas\u0131n\u0131n \u00f6lk\u0259mizd\u0259ki f\u00f6vq\u0259lad\u0259 v\u0259 s\u0259lahiyy\u0259tli s\u0259firi Luka di Canfran\u00e7esko il\u0259 g\u00f6r\u00fc\u015f\u00fcb. Bu bar\u0259d\u0259 Musavat.com-a Az\u0259rbaycan M\u00fcdafi\u0259 Nazirliyind\u0259n bildirilib. M\u00fcdafi\u0259 naziri Az\u0259rbaycan il\u0259 \u0130taliya aras\u0131nda ikit\u0259r\u0259fli m\u00fcnasib\u0259tl\u0259rin dig\u0259r sah\u0259l\u0259rd\u0259 oldu\u011fu kimi h\u0259rbi sah\u0259d\u0259 d\u0259 x\u00fcsusi xarakter da\u015f\u0131d\u0131\u011f\u0131n\u0131 v\u0259 bunun h\u0259r iki \u00f6lk\u0259 ordusunun inki\u015faf\u0131na t\u00f6hf\u0259 ver\u0259c\u0259yini bildirib. 2024-2025-ci ill\u0259r \u0259rzind\u0259 Az\u0259rbaycanla \u0130taliya aras\u0131nda h\u0259rbi sah\u0259d\u0259 planla\u015fd\u0131r\u0131lan 31 t\u0259dbird\u0259n bir qisminin icra edildiyi qeyd olunub. H\u0259rbi sah\u0259d\u0259 \u0259m\u0259kda\u015fl\u0131\u011f\u0131n m\u00f6vcud v\u0259ziyy\u0259tind\u0259n m\u0259mnunluq ifad\u0259 ed\u0259n c\u0259nab L.Canfran\u00e7esko \u00f6lk\u0259l\u0259rimiz aras\u0131nda qar\u015f\u0131l\u0131ql\u0131 s\u0259f\u0259rl\u0259rin m\u00fch\u00fcm \u0259h\u0259miyy\u0259t\u0259 malik&hellip;<\/p>\n","protected":false},"author":2,"featured_media":749963,"comment_status":"closed","ping_status":"closed","sticky":false,"template":"","format":"standard","meta":{"om_disable_all_campaigns":false,"_monsterinsights_skip_tracking":false,"_monsterinsights_sitenote_active":false,"_monsterinsights_sitenote_note":"","_monsterinsights_sitenote_category":0},"categories":[10],"tags":[],"aioseo_notices":[],"gutentor_comment":0,"rttpg_featured_image_url":{"full":["https:\/\/arantv.az\/wp-content\/uploads\/2024\/09\/dd64b95635d4eed3992bcbd1b8cc532a.jpg",870,500,false],"landscape":["https:\/\/arantv.az\/wp-content\/uploads\/2024\/09\/dd64b95635d4eed3992bcbd1b8cc532a.jpg",870,500,false],"portraits":["https:\/\/arantv.az\/wp-content\/uploads\/2024\/09\/dd64b95635d4eed3992bcbd1b8cc532a.jpg",870,500,false],"thumbnail":["https:\/\/arantv.az\/wp-content\/uploads\/2024\/09\/dd64b95635d4eed3992bcbd1b8cc532a-500x280.jpg",500,280,true],"medium":["https:\/\/arantv.az\/wp-content\/uploads\/2024\/09\/dd64b95635d4eed3992bcbd1b8cc532a-635x365.jpg",635,365,true],"large":["https:\/\/arantv.az\/wp-content\/uploads\/2024\/09\/dd64b95635d4eed3992bcbd1b8cc532a-840x483.jpg",640,368,true],"1536x1536":["https:\/\/arantv.az\/wp-content\/uploads\/2024\/09\/dd64b95635d4eed3992bcbd1b8cc532a.jpg",870,500,false],"2048x2048":["https:\/\/arantv.az\/wp-content\/uploads\/2024\/09\/dd64b95635d4eed3992bcbd1b8cc532a.jpg",870,500,false],"post-thumbnail":["https:\/\/arantv.az\/wp-content\/uploads\/2024\/09\/dd64b95635d4eed3992bcbd1b8cc532a-240x172.jpg",240,172,true],"advps-thumb-one":["https:\/\/arantv.az\/wp-content\/uploads\/2024\/09\/dd64b95635d4eed3992bcbd1b8cc532a.jpg",870,500,false]},"rttpg_author":{"display_name":"V\u00fcsal Rafiqo\u011flu","author_link":"https:\/\/arantv.az\/?author=2"},"rttpg_comment":0,"rttpg_category":"<a href=\"https:\/\/arantv.az\/?cat=10\" rel=\"category\">C\u0259bh\u0259d\u0259n X\u0259b\u0259r<\/a>","rttpg_excerpt":"Sentyabr\u0131n 2-d\u0259 Az\u0259rbaycan Respublikas\u0131n\u0131n m\u00fcdafi\u0259 naziri general-polkovnik Zakir H\u0259s\u0259nov \u0130taliya Respublikas\u0131n\u0131n \u00f6lk\u0259mizd\u0259ki f\u00f6vq\u0259lad\u0259 v\u0259 s\u0259lahiyy\u0259tli s\u0259firi Luka di Canfran\u00e7esko il\u0259 g\u00f6r\u00fc\u015f\u00fcb. Bu bar\u0259d\u0259 Musavat.com-a Az\u0259rbaycan M\u00fcdafi\u0259 Nazirliyind\u0259n bildirilib. M\u00fcdafi\u0259 naziri Az\u0259rbaycan il\u0259 \u0130taliya aras\u0131nda ikit\u0259r\u0259fli m\u00fcnasib\u0259tl\u0259rin dig\u0259r sah\u0259l\u0259rd\u0259 oldu\u011fu kimi h\u0259rbi sah\u0259d\u0259 d\u0259 x\u00fcsusi xarakter da\u015f\u0131d\u0131\u011f\u0131n\u0131 v\u0259 bunun h\u0259r iki \u00f6lk\u0259 ordusunun inki\u015faf\u0131na t\u00f6hf\u0259 ver\u0259c\u0259yini&hellip;","_links":{"self":[{"href":"https:\/\/arantv.az\/index.php?rest_route=\/wp\/v2\/posts\/749962"}],"collection":[{"href":"https:\/\/arantv.az\/index.php?rest_route=\/wp\/v2\/posts"}],"about":[{"href":"https:\/\/arantv.az\/index.php?rest_route=\/wp\/v2\/types\/post"}],"author":[{"embeddable":true,"href":"https:\/\/arantv.az\/index.php?rest_route=\/wp\/v2\/users\/2"}],"replies":[{"embeddable":true,"href":"https:\/\/arantv.az\/index.php?rest_route=%2Fwp%2Fv2%2Fcomments&post=749962"}],"version-history":[{"count":1,"href":"https:\/\/arantv.az\/index.php?rest_route=\/wp\/v2\/posts\/749962\/revisions"}],"predecessor-version":[{"id":749964,"href":"https:\/\/arantv.az\/index.php?rest_route=\/wp\/v2\/posts\/749962\/revisions\/749964"}],"wp:featuredmedia":[{"embeddable":true,"href":"https:\/\/arantv.az\/index.php?rest_route=\/wp\/v2\/media\/749963"}],"wp:attachment":[{"href":"https:\/\/arantv.az\/index.php?rest_route=%2Fwp%2Fv2%2Fmedia&parent=749962"}],"wp:term":[{"taxonomy":"category","embeddable":true,"href":"https:\/\/arantv.az\/index.php?rest_route=%2Fwp%2Fv2%2Fcategories&post=749962"},{"taxonomy":"post_tag","embeddable":true,"href":"https:\/\/arantv.az\/index.php?rest_route=%2Fwp%2Fv2%2Ftags&post=749962"}],"curies":[{"name":"wp","href":"https:\/\/api.w.org\/{rel}","templated":true}]}}