{"id":749998,"date":"2024-09-02T21:20:27","date_gmt":"2024-09-02T17:20:27","guid":{"rendered":"https:\/\/arantv.az\/?p=749998"},"modified":"2024-09-02T21:20:27","modified_gmt":"2024-09-02T17:20:27","slug":"ceyhun-bayramov-v%c9%99-marko-curicin-muzakir%c9%99-etdiyi-m%c9%99s%c9%99l%c9%99l%c9%99ri-aciqlandi","status":"publish","type":"post","link":"https:\/\/arantv.az\/?p=749998","title":{"rendered":"Ceyhun Bayramov v\u0259 Marko Curi\u00e7in m\u00fczakir\u0259 etdiyi m\u0259s\u0259l\u0259l\u0259ri a\u00e7\u0131qland\u0131"},"content":{"rendered":"<p>2 sentyabr 2024-c\u00fc il tarixind\u0259 Az\u0259rbaycan Respublikas\u0131n\u0131n xarici i\u015fl\u0259r naziri Ceyhun Bayramov \u00f6lk\u0259mizd\u0259 r\u0259smi s\u0259f\u0259rd\u0259 olan Serbiya Respublikas\u0131n\u0131n xarici i\u015fl\u0259r naziri Marko Curi\u00e7 il\u0259 g\u00f6r\u00fc\u015f\u00fcb.<\/p>\n<p>X\u0130N-d\u0259n veril\u0259n x\u0259b\u0259r\u0259 g\u00f6r\u0259, t\u0259r\u0259fl\u0259r aras\u0131nda ba\u015f tutan t\u0259kb\u0259t\u0259k g\u00f6r\u00fc\u015f daha sonra h\u0259r iki t\u0259r\u0259fd\u0259n n\u00fcmay\u0259nd\u0259 hey\u0259tl\u0259rinin i\u015ftirak\u0131 il\u0259 geni\u015f t\u0259rkibd\u0259 davam etdirilib.<\/p>\n<p>G\u00f6r\u00fc\u015fd\u0259 Az\u0259rbaycan v\u0259 Serbiya aras\u0131nda strateji t\u0259r\u0259fda\u015fl\u0131q m\u00fcnasib\u0259tl\u0259rinin siyasi, iqtisadi, ticar\u0259t, investisiyalar, enerji, n\u0259qliyyat v\u0259 kommunikasiyalar, humanitar v\u0259 s. aspektl\u0259ri, habel\u0259 regional v\u0259 beyn\u0259lxalq t\u0259hl\u00fck\u0259sizlik m\u0259s\u0259l\u0259l\u0259ri m\u00fczakir\u0259 olunub.<\/p>\n<p>Nazir Ceyhun Bayramov \u00f6lk\u0259l\u0259rimiz aras\u0131nda m\u00f6vcud strateji t\u0259r\u0259fda\u015fl\u0131q m\u00fcnasib\u0259tl\u0259rinin inki\u015faf\u0131nda ali v\u0259 y\u00fcks\u0259k s\u0259viyy\u0259li qar\u015f\u0131l\u0131ql\u0131 s\u0259f\u0259rl\u0259r, siyasi dialoq v\u0259 parlamentl\u0259raras\u0131 \u0259laq\u0259l\u0259rin dinamizminin m\u00fch\u00fcm rol oynad\u0131\u011f\u0131n\u0131 qeyd edib. Ali s\u0259viyy\u0259li t\u0259maslar \u00e7\u0259r\u00e7iv\u0259sind\u0259 \u0259sas\u0131 qoyulmu\u015f Az\u0259rbaycan-Serbiya Strateji T\u0259r\u0259fda\u015fl\u0131q \u015euras\u0131n\u0131n yarad\u0131lmas\u0131n\u0131n \u0259h\u0259miyy\u0259ti vur\u011fulan\u0131b. Strateji t\u0259r\u0259fda\u015fl\u0131\u011f\u0131m\u0131z\u0131n daha da d\u0259rinl\u0259\u015fdirilm\u0259si istiqam\u0259tind\u0259 imkanlar\u0131n m\u00fczakir\u0259si bax\u0131m\u0131ndan siyasi m\u0259sl\u0259h\u0259tl\u0259\u015fm\u0259l\u0259r mexanizmind\u0259n istifad\u0259nin vacibliyi qeyd olunub.<\/p>\n<p>\u00d6lk\u0259l\u0259rimizin n\u00fcmun\u0259vi ikit\u0259r\u0259fli m\u00fcnasib\u0259tl\u0259r dinamikas\u0131n\u0131n regional v\u0259 beyn\u0259lxalq t\u0259\u015fkilatlar \u00e7\u0259r\u00e7iv\u0259sind\u0259 qar\u015f\u0131l\u0131ql\u0131 d\u0259st\u0259k v\u0259 h\u0259mr\u0259ylikd\u0259 \u00f6z\u00fcn\u00fc biruz\u0259 verdiyi m\u0259mnunluqla qeyd edilib.<\/p>\n<p>X\u00fcsusil\u0259, energetika, investisiyalar v\u0259 s. istiqam\u0259tl\u0259r \u00fczr\u0259 sah\u0259vi \u0259m\u0259kda\u015fl\u0131\u011f\u0131n d\u0259rinl\u0259\u015fdirilm\u0259si istiqam\u0259tind\u0259 Ticar\u0259t v\u0259 \u0130qtisadi \u018fm\u0259kda\u015fl\u0131q \u00fczr\u0259 H\u00f6kum\u0259tl\u0259raras\u0131 Komissiyan\u0131n i\u015finin intensivliyi t\u0259qdir\u0259layiq hesab olunub.<\/p>\n<p>Humanitar, o c\u00fcml\u0259d\u0259n t\u0259hsil, elm v\u0259 m\u0259d\u0259niyy\u0259t sah\u0259l\u0259rind\u0259 \u0259laq\u0259l\u0259rinin inki\u015faf etdirilm\u0259si, habel\u0259 \u00f6lk\u0259l\u0259rimiz aras\u0131nda vizas\u0131z gedi\u015f-g\u0259li\u015f rejiminin t\u0259tbiqinin xalqlar\u0131m\u0131z\u0131n bir-birin\u0259 daha da yax\u0131nla\u015fmas\u0131na t\u00f6hf\u0259 verdiyi qeyd olunub. Az\u0259rbaycan\u0131n \u015eu\u015fa v\u0259 Serbiyan\u0131n Nov\u0131y Bazar \u015f\u0259h\u0259rl\u0259rinin qarda\u015fla\u015fmas\u0131 t\u0259cr\u00fcb\u0259sinin davam etdirilm\u0259sinin \u0259h\u0259miyy\u0259ti diqq\u0259t\u0259 \u00e7atd\u0131r\u0131l\u0131b.<\/p>\n<p>Az\u0259rbaycan\u0131n BMT-nin \u0130qlim D\u0259yi\u015fm\u0259l\u0259ri \u00fczr\u0259 \u00c7\u0259r\u00e7iv\u0259 Konvensiyas\u0131n\u0131n T\u0259r\u0259fl\u0259r Konfrans\u0131n\u0131n 29-cu sessiyas\u0131na (COP29) s\u0259drliyi \u00e7\u0259r\u00e7iv\u0259sind\u0259 \u0259m\u0259kda\u015fl\u0131q \u00fc\u00e7\u00fcn yeni imkanlar\u0131n yarand\u0131\u011f\u0131 bildirilib.<\/p>\n<p>Nazir Ceyhun Bayramov h\u0259m\u00e7inin h\u0259mkar\u0131n\u0131 postm\u00fcnaqi\u015f\u0259 d\u00f6vr\u00fcnd\u0259 b\u00f6lg\u0259d\u0259 m\u00f6vcud v\u0259ziyy\u0259t v\u0259 reall\u0131qlar, i\u015f\u011faldan azad olunmu\u015f \u0259razil\u0259rd\u0259 apar\u0131lan geni\u015fmiqyasl\u0131 b\u0259rpa v\u0259 quruculuq i\u015fl\u0259ri, bu f\u0259aliyy\u0259t\u0259 h\u0259d\u0259 t\u00f6r\u0259d\u0259n mina t\u0259hdidi bar\u0259d\u0259 \u0259trafl\u0131 m\u0259lumatland\u0131r\u0131b. Serbiya \u015firk\u0259tl\u0259ri v\u0259 s\u0259rmay\u0259darlar\u0131 Qaraba\u011f v\u0259 \u015e\u0259rqi Z\u0259ng\u0259zur regionlar\u0131nda apar\u0131lan b\u0259rpa v\u0259 yenid\u0259nqurma f\u0259aliyy\u0259tl\u0259rind\u0259 aktiv i\u015ftirak etm\u0259y\u0259 d\u0259v\u0259t olunublar.<\/p>\n<p>Az\u0259rbaycan v\u0259 Erm\u0259nistan aras\u0131nda normalla\u015fma v\u0259 s\u00fclh prosesind\u0259n b\u0259hs ed\u0259n nazir Ceyhun Bayramov, x\u00fcsusil\u0259 delimitasiya prosesind\u0259 \u0259ld\u0259 olunan ir\u0259lil\u0259yi\u015fl\u0259r daxil olmaqla, s\u00fclh g\u00fcnd\u0259liyinin ir\u0259lil\u0259dilm\u0259si istiqam\u0259tind\u0259 inki\u015faflar\u0131n m\u00f6vcud oldu\u011funu, lakin buna baxmayaraq, Erm\u0259nistan Konstitusiyas\u0131 daxil olmaqla, bu \u00f6lk\u0259nin bir s\u0131ra qanunverici aktlar\u0131nda \u00f6lk\u0259miz\u0259 qar\u015f\u0131 \u0259razi iddialar\u0131n\u0131n davam etdirilm\u0259sinin, dig\u0259r t\u0259r\u0259fd\u0259n is\u0259 Erm\u0259nistan\u0131n s\u00fcr\u0259tl\u0259 silahlanmas\u0131n\u0131n s\u00fclh prosesin\u0259 mane\u0259 t\u00f6r\u0259tdiyini diqq\u0259t\u0259 \u00e7atd\u0131r\u0131b.<\/p>\n<p>Nazir Marko Curi\u00e7 \u00f6lk\u0259mizi \u00f6t\u0259n g\u00fcn ba\u015f tutan parlament se\u00e7kil\u0259rinin \u015f\u0259ffaf, azad v\u0259 demokratik formada t\u0259\u015fkili m\u00fcnasib\u0259til\u0259 t\u0259brikl\u0259rini \u00e7atd\u0131r\u0131b, se\u00e7ki prosesinin n\u0259tic\u0259l\u0259rinin Az\u0259rbaycan parlamenti \u00fc\u00e7\u00fcn u\u011furlu olaca\u011f\u0131na dair \u00fcmidvarl\u0131q ifad\u0259 edib.<\/p>\n<p>G\u00f6r\u00fc\u015f zaman\u0131, h\u0259m\u00e7inin qar\u015f\u0131l\u0131ql\u0131 maraq do\u011furan dig\u0259r m\u0259s\u0259l\u0259l\u0259r \u0259traf\u0131nda fikir m\u00fcbadil\u0259si apar\u0131l\u0131b.<\/p>\n<p>G\u00f6r\u00fc\u015fd\u0259n sonra ADA Universiteti v\u0259 Serbiya Respublikas\u0131n\u0131n Xarici \u0130\u015fl\u0259r Nazirliyinin Diplomatik Akademiyas\u0131 aras\u0131nda Anla\u015fma Memorandumunun imzalanma m\u0259rasimi ba\u015f tutub.<\/p>\n<p>Daha sonra, nazirl\u0259r g\u00f6r\u00fc\u015f\u00fcn yekunlar\u0131na dair ke\u00e7irilmi\u015f m\u0259tbuat konfrans\u0131nda b\u0259yanatla \u00e7\u0131x\u0131\u015f edib, media n\u00fcmay\u0259nd\u0259l\u0259rinin suallar\u0131n\u0131 cavabland\u0131r\u0131blar.<\/p>\n","protected":false},"excerpt":{"rendered":"<p>2 sentyabr 2024-c\u00fc il tarixind\u0259 Az\u0259rbaycan Respublikas\u0131n\u0131n xarici i\u015fl\u0259r naziri Ceyhun Bayramov \u00f6lk\u0259mizd\u0259 r\u0259smi s\u0259f\u0259rd\u0259 olan Serbiya Respublikas\u0131n\u0131n xarici i\u015fl\u0259r naziri Marko Curi\u00e7 il\u0259 g\u00f6r\u00fc\u015f\u00fcb. X\u0130N-d\u0259n veril\u0259n x\u0259b\u0259r\u0259 g\u00f6r\u0259, t\u0259r\u0259fl\u0259r aras\u0131nda ba\u015f tutan t\u0259kb\u0259t\u0259k g\u00f6r\u00fc\u015f daha sonra h\u0259r iki t\u0259r\u0259fd\u0259n n\u00fcmay\u0259nd\u0259 hey\u0259tl\u0259rinin i\u015ftirak\u0131 il\u0259 geni\u015f t\u0259rkibd\u0259 davam etdirilib. G\u00f6r\u00fc\u015fd\u0259 Az\u0259rbaycan v\u0259 Serbiya aras\u0131nda strateji t\u0259r\u0259fda\u015fl\u0131q m\u00fcnasib\u0259tl\u0259rinin siyasi, iqtisadi, ticar\u0259t, investisiyalar, enerji, n\u0259qliyyat v\u0259 kommunikasiyalar, humanitar v\u0259 s. aspektl\u0259ri, habel\u0259 regional v\u0259 beyn\u0259lxalq t\u0259hl\u00fck\u0259sizlik m\u0259s\u0259l\u0259l\u0259ri m\u00fczakir\u0259 olunub. Nazir Ceyhun Bayramov \u00f6lk\u0259l\u0259rimiz aras\u0131nda m\u00f6vcud strateji t\u0259r\u0259fda\u015fl\u0131q m\u00fcnasib\u0259tl\u0259rinin inki\u015faf\u0131nda ali v\u0259 y\u00fcks\u0259k s\u0259viyy\u0259li&hellip;<\/p>\n","protected":false},"author":2,"featured_media":749999,"comment_status":"closed","ping_status":"closed","sticky":false,"template":"","format":"standard","meta":{"om_disable_all_campaigns":false,"_monsterinsights_skip_tracking":false,"_monsterinsights_sitenote_active":false,"_monsterinsights_sitenote_note":"","_monsterinsights_sitenote_category":0},"categories":[4],"tags":[],"aioseo_notices":[],"gutentor_comment":0,"rttpg_featured_image_url":{"full":["https:\/\/arantv.az\/wp-content\/uploads\/2024\/09\/852d30a3710daca2ee341e1db2e263ca.jpg",870,500,false],"landscape":["https:\/\/arantv.az\/wp-content\/uploads\/2024\/09\/852d30a3710daca2ee341e1db2e263ca.jpg",870,500,false],"portraits":["https:\/\/arantv.az\/wp-content\/uploads\/2024\/09\/852d30a3710daca2ee341e1db2e263ca.jpg",870,500,false],"thumbnail":["https:\/\/arantv.az\/wp-content\/uploads\/2024\/09\/852d30a3710daca2ee341e1db2e263ca-500x280.jpg",500,280,true],"medium":["https:\/\/arantv.az\/wp-content\/uploads\/2024\/09\/852d30a3710daca2ee341e1db2e263ca-635x365.jpg",635,365,true],"large":["https:\/\/arantv.az\/wp-content\/uploads\/2024\/09\/852d30a3710daca2ee341e1db2e263ca-840x483.jpg",640,368,true],"1536x1536":["https:\/\/arantv.az\/wp-content\/uploads\/2024\/09\/852d30a3710daca2ee341e1db2e263ca.jpg",870,500,false],"2048x2048":["https:\/\/arantv.az\/wp-content\/uploads\/2024\/09\/852d30a3710daca2ee341e1db2e263ca.jpg",870,500,false],"post-thumbnail":["https:\/\/arantv.az\/wp-content\/uploads\/2024\/09\/852d30a3710daca2ee341e1db2e263ca-240x172.jpg",240,172,true],"advps-thumb-one":["https:\/\/arantv.az\/wp-content\/uploads\/2024\/09\/852d30a3710daca2ee341e1db2e263ca.jpg",870,500,false]},"rttpg_author":{"display_name":"V\u00fcsal Rafiqo\u011flu","author_link":"https:\/\/arantv.az\/?author=2"},"rttpg_comment":0,"rttpg_category":"<a href=\"https:\/\/arantv.az\/?cat=4\" rel=\"category\">Siyas\u0259t<\/a>","rttpg_excerpt":"2 sentyabr 2024-c\u00fc il tarixind\u0259 Az\u0259rbaycan Respublikas\u0131n\u0131n xarici i\u015fl\u0259r naziri Ceyhun Bayramov \u00f6lk\u0259mizd\u0259 r\u0259smi s\u0259f\u0259rd\u0259 olan Serbiya Respublikas\u0131n\u0131n xarici i\u015fl\u0259r naziri Marko Curi\u00e7 il\u0259 g\u00f6r\u00fc\u015f\u00fcb. X\u0130N-d\u0259n veril\u0259n x\u0259b\u0259r\u0259 g\u00f6r\u0259, t\u0259r\u0259fl\u0259r aras\u0131nda ba\u015f tutan t\u0259kb\u0259t\u0259k g\u00f6r\u00fc\u015f daha sonra h\u0259r iki t\u0259r\u0259fd\u0259n n\u00fcmay\u0259nd\u0259 hey\u0259tl\u0259rinin i\u015ftirak\u0131 il\u0259 geni\u015f t\u0259rkibd\u0259 davam etdirilib. G\u00f6r\u00fc\u015fd\u0259 Az\u0259rbaycan v\u0259 Serbiya aras\u0131nda strateji t\u0259r\u0259fda\u015fl\u0131q&hellip;","_links":{"self":[{"href":"https:\/\/arantv.az\/index.php?rest_route=\/wp\/v2\/posts\/749998"}],"collection":[{"href":"https:\/\/arantv.az\/index.php?rest_route=\/wp\/v2\/posts"}],"about":[{"href":"https:\/\/arantv.az\/index.php?rest_route=\/wp\/v2\/types\/post"}],"author":[{"embeddable":true,"href":"https:\/\/arantv.az\/index.php?rest_route=\/wp\/v2\/users\/2"}],"replies":[{"embeddable":true,"href":"https:\/\/arantv.az\/index.php?rest_route=%2Fwp%2Fv2%2Fcomments&post=749998"}],"version-history":[{"count":1,"href":"https:\/\/arantv.az\/index.php?rest_route=\/wp\/v2\/posts\/749998\/revisions"}],"predecessor-version":[{"id":750000,"href":"https:\/\/arantv.az\/index.php?rest_route=\/wp\/v2\/posts\/749998\/revisions\/750000"}],"wp:featuredmedia":[{"embeddable":true,"href":"https:\/\/arantv.az\/index.php?rest_route=\/wp\/v2\/media\/749999"}],"wp:attachment":[{"href":"https:\/\/arantv.az\/index.php?rest_route=%2Fwp%2Fv2%2Fmedia&parent=749998"}],"wp:term":[{"taxonomy":"category","embeddable":true,"href":"https:\/\/arantv.az\/index.php?rest_route=%2Fwp%2Fv2%2Fcategories&post=749998"},{"taxonomy":"post_tag","embeddable":true,"href":"https:\/\/arantv.az\/index.php?rest_route=%2Fwp%2Fv2%2Ftags&post=749998"}],"curies":[{"name":"wp","href":"https:\/\/api.w.org\/{rel}","templated":true}]}}