{"id":750637,"date":"2024-09-05T10:30:47","date_gmt":"2024-09-05T06:30:47","guid":{"rendered":"https:\/\/arantv.az\/?p=750637"},"modified":"2024-09-05T10:30:47","modified_gmt":"2024-09-05T06:30:47","slug":"b%c9%99st%c9%99karlarimizin-yeni-%c9%99s%c9%99rl%c9%99ri-musiqi-v%c9%99-inc%c9%99s%c9%99n%c9%99t-m%c9%99kt%c9%99bl%c9%99rinin-t%c9%99dris-proqramina-daxil-edil%c9%99c%c9%99k","status":"publish","type":"post","link":"https:\/\/arantv.az\/?p=750637","title":{"rendered":"B\u0259st\u0259karlar\u0131m\u0131z\u0131n yeni \u0259s\u0259rl\u0259ri musiqi v\u0259 inc\u0259s\u0259n\u0259t m\u0259kt\u0259bl\u0259rinin t\u0259dris proqram\u0131na daxil edil\u0259c\u0259k"},"content":{"rendered":"<p><strong>2024\/2025-ci d\u0259rs ilind\u0259n ba\u015flayaraq yerli b\u0259st\u0259karlar\u0131n son d\u00f6vrl\u0259rd\u0259 yazd\u0131\u011f\u0131 \u0259s\u0259rl\u0259r musiqi v\u0259 inc\u0259s\u0259n\u0259t m\u0259kt\u0259bl\u0259rinin t\u0259dris proqram\u0131na daxil edil\u0259c\u0259k.<\/strong><\/p>\n<p><strong>ARANTV.AZ <\/strong>\u00a0x\u0259b\u0259r verir ki, M\u0259d\u0259niyy\u0259t Nazirliyi v\u0259 Az\u0259rbaycan B\u0259st\u0259karlar \u0130ttifaq\u0131n\u0131n n\u00fcmay\u0259nd\u0259l\u0259ri aras\u0131nda ke\u00e7irilmi\u015f g\u00f6r\u00fc\u015fd\u0259 bununla ba\u011fl\u0131 m\u00fczakir\u0259 apar\u0131l\u0131b.<\/p>\n<p>Bu prosesin vaxta\u015f\u0131r\u0131 davam etdirilm\u0259si, yeni b\u0259st\u0259l\u0259rin m\u00fcvafiq t\u0259hlill\u0259r apar\u0131ld\u0131qdan sonra proqramlara \u0259lav\u0259 edilm\u0259si il\u0259 \u0259laq\u0259dar raz\u0131l\u0131\u011fa g\u0259linib.<\/p>\n<p>M\u0259d\u0259niyy\u0259t Nazirliyinin d\u0259st\u0259yi il\u0259 Az\u0259rbaycan B\u0259st\u0259karlar \u0130ttifaq\u0131 t\u0259r\u0259find\u0259n haz\u0131rlanacaq not n\u00fcmun\u0259l\u0259ri sistemli \u015f\u0259kild\u0259 h\u0259m elektron da\u015f\u0131y\u0131c\u0131larda, h\u0259m d\u0259 ka\u011f\u0131z format\u0131nda s\u00f6z\u00fcged\u0259n m\u0259kt\u0259bl\u0259r\u0259 t\u0259qdim olunacaq.<\/p>\n<p>Proqrama sal\u0131nacaq n\u00fcmun\u0259l\u0259r aras\u0131nda Fir\u0259ngiz \u018flizad\u0259nin &#8220;Z\u0259f\u0259r mar\u015f\u0131&#8221;, Elnar\u0259 Dada\u015fovan\u0131n fortepiano \u00fc\u00e7\u00fcn pyesl\u0259ri, Adil\u0259 Yusifovan\u0131n fortepiano \u00fc\u00e7\u00fcn pyesl\u0259ri v\u0259 &#8220;Yaz na\u011f\u0131l\u0131&#8221; kantatas\u0131, h\u0259m\u00e7inin S\u0259rdar F\u0259r\u0259cov, Faiq Na\u011f\u0131yev, Mehriban \u018fhm\u0259dova, Zabit\u0259 M\u0259mm\u0259dova, Cahangir Z\u00fclf\u00fcqarov, Pik\u0259 Axundova, \u0130lah\u0259 Qism\u0259t v\u0259 dig\u0259r b\u0259st\u0259karlar\u0131n u\u015faqlar \u00fc\u00e7\u00fcn \u0259s\u0259rl\u0259ri yer al\u0131r.<\/p>\n<p>Bu t\u0259\u015f\u0259bb\u00fcs\u00fcn \u0259sas m\u0259qs\u0259di yeni n\u0259sil musiqi\u00e7il\u0259rin milli v\u0259 m\u00fcasir musiqi \u00fcslublar\u0131n\u0131 m\u0259nims\u0259m\u0259sini t\u0259min etm\u0259k, eyni zamanda m\u00fcasir d\u00f6vr b\u0259st\u0259karlar\u0131n yarad\u0131c\u0131l\u0131\u011f\u0131n\u0131n t\u0259bli\u011fin\u0259 d\u0259st\u0259k olmaqd\u0131r.<\/p>\n<p>Yenil\u0259nmi\u015f t\u0259dris proqram\u0131 say\u0259sind\u0259 musiqi v\u0259 inc\u0259s\u0259n\u0259t m\u0259kt\u0259bl\u0259rinin \u015fagirdl\u0259ri r\u0259ngar\u0259ng repertuarla tan\u0131\u015f olaraq bu sah\u0259d\u0259 bilik v\u0259 bacar\u0131qlar\u0131n\u0131 daha da inki\u015faf etdir\u0259c\u0259kl\u0259r.<\/p>\n","protected":false},"excerpt":{"rendered":"<p>2024\/2025-ci d\u0259rs ilind\u0259n ba\u015flayaraq yerli b\u0259st\u0259karlar\u0131n son d\u00f6vrl\u0259rd\u0259 yazd\u0131\u011f\u0131 \u0259s\u0259rl\u0259r musiqi v\u0259 inc\u0259s\u0259n\u0259t m\u0259kt\u0259bl\u0259rinin t\u0259dris proqram\u0131na daxil edil\u0259c\u0259k. ARANTV.AZ \u00a0x\u0259b\u0259r verir ki, M\u0259d\u0259niyy\u0259t Nazirliyi v\u0259 Az\u0259rbaycan B\u0259st\u0259karlar \u0130ttifaq\u0131n\u0131n n\u00fcmay\u0259nd\u0259l\u0259ri aras\u0131nda ke\u00e7irilmi\u015f g\u00f6r\u00fc\u015fd\u0259 bununla ba\u011fl\u0131 m\u00fczakir\u0259 apar\u0131l\u0131b. Bu prosesin vaxta\u015f\u0131r\u0131 davam etdirilm\u0259si, yeni b\u0259st\u0259l\u0259rin m\u00fcvafiq t\u0259hlill\u0259r apar\u0131ld\u0131qdan sonra proqramlara \u0259lav\u0259 edilm\u0259si il\u0259 \u0259laq\u0259dar raz\u0131l\u0131\u011fa g\u0259linib. M\u0259d\u0259niyy\u0259t Nazirliyinin d\u0259st\u0259yi il\u0259 Az\u0259rbaycan B\u0259st\u0259karlar \u0130ttifaq\u0131 t\u0259r\u0259find\u0259n haz\u0131rlanacaq not n\u00fcmun\u0259l\u0259ri sistemli \u015f\u0259kild\u0259 h\u0259m elektron da\u015f\u0131y\u0131c\u0131larda, h\u0259m d\u0259 ka\u011f\u0131z format\u0131nda s\u00f6z\u00fcged\u0259n m\u0259kt\u0259bl\u0259r\u0259 t\u0259qdim olunacaq. Proqrama sal\u0131nacaq n\u00fcmun\u0259l\u0259r aras\u0131nda Fir\u0259ngiz \u018flizad\u0259nin &#8220;Z\u0259f\u0259r mar\u015f\u0131&#8221;, Elnar\u0259 Dada\u015fovan\u0131n fortepiano \u00fc\u00e7\u00fcn&hellip;<\/p>\n","protected":false},"author":2,"featured_media":750638,"comment_status":"closed","ping_status":"closed","sticky":false,"template":"","format":"standard","meta":{"om_disable_all_campaigns":false,"_monsterinsights_skip_tracking":false,"_monsterinsights_sitenote_active":false,"_monsterinsights_sitenote_note":"","_monsterinsights_sitenote_category":0},"categories":[1],"tags":[],"aioseo_notices":[],"gutentor_comment":0,"rttpg_featured_image_url":{"full":["https:\/\/arantv.az\/wp-content\/uploads\/2024\/09\/15448dc5b306695a8b8a57373fb089ba.jpg",870,500,false],"landscape":["https:\/\/arantv.az\/wp-content\/uploads\/2024\/09\/15448dc5b306695a8b8a57373fb089ba.jpg",870,500,false],"portraits":["https:\/\/arantv.az\/wp-content\/uploads\/2024\/09\/15448dc5b306695a8b8a57373fb089ba.jpg",870,500,false],"thumbnail":["https:\/\/arantv.az\/wp-content\/uploads\/2024\/09\/15448dc5b306695a8b8a57373fb089ba-500x280.jpg",500,280,true],"medium":["https:\/\/arantv.az\/wp-content\/uploads\/2024\/09\/15448dc5b306695a8b8a57373fb089ba-635x365.jpg",635,365,true],"large":["https:\/\/arantv.az\/wp-content\/uploads\/2024\/09\/15448dc5b306695a8b8a57373fb089ba-840x483.jpg",640,368,true],"1536x1536":["https:\/\/arantv.az\/wp-content\/uploads\/2024\/09\/15448dc5b306695a8b8a57373fb089ba.jpg",870,500,false],"2048x2048":["https:\/\/arantv.az\/wp-content\/uploads\/2024\/09\/15448dc5b306695a8b8a57373fb089ba.jpg",870,500,false],"post-thumbnail":["https:\/\/arantv.az\/wp-content\/uploads\/2024\/09\/15448dc5b306695a8b8a57373fb089ba-240x172.jpg",240,172,true],"advps-thumb-one":["https:\/\/arantv.az\/wp-content\/uploads\/2024\/09\/15448dc5b306695a8b8a57373fb089ba.jpg",870,500,false]},"rttpg_author":{"display_name":"V\u00fcsal Rafiqo\u011flu","author_link":"https:\/\/arantv.az\/?author=2"},"rttpg_comment":0,"rttpg_category":"<a href=\"https:\/\/arantv.az\/?cat=1\" rel=\"category\">C\u0259miyy\u0259t<\/a>","rttpg_excerpt":"2024\/2025-ci d\u0259rs ilind\u0259n ba\u015flayaraq yerli b\u0259st\u0259karlar\u0131n son d\u00f6vrl\u0259rd\u0259 yazd\u0131\u011f\u0131 \u0259s\u0259rl\u0259r musiqi v\u0259 inc\u0259s\u0259n\u0259t m\u0259kt\u0259bl\u0259rinin t\u0259dris proqram\u0131na daxil edil\u0259c\u0259k. ARANTV.AZ \u00a0x\u0259b\u0259r verir ki, M\u0259d\u0259niyy\u0259t Nazirliyi v\u0259 Az\u0259rbaycan B\u0259st\u0259karlar \u0130ttifaq\u0131n\u0131n n\u00fcmay\u0259nd\u0259l\u0259ri aras\u0131nda ke\u00e7irilmi\u015f g\u00f6r\u00fc\u015fd\u0259 bununla ba\u011fl\u0131 m\u00fczakir\u0259 apar\u0131l\u0131b. Bu prosesin vaxta\u015f\u0131r\u0131 davam etdirilm\u0259si, yeni b\u0259st\u0259l\u0259rin m\u00fcvafiq t\u0259hlill\u0259r apar\u0131ld\u0131qdan sonra proqramlara \u0259lav\u0259 edilm\u0259si il\u0259 \u0259laq\u0259dar raz\u0131l\u0131\u011fa g\u0259linib. M\u0259d\u0259niyy\u0259t&hellip;","_links":{"self":[{"href":"https:\/\/arantv.az\/index.php?rest_route=\/wp\/v2\/posts\/750637"}],"collection":[{"href":"https:\/\/arantv.az\/index.php?rest_route=\/wp\/v2\/posts"}],"about":[{"href":"https:\/\/arantv.az\/index.php?rest_route=\/wp\/v2\/types\/post"}],"author":[{"embeddable":true,"href":"https:\/\/arantv.az\/index.php?rest_route=\/wp\/v2\/users\/2"}],"replies":[{"embeddable":true,"href":"https:\/\/arantv.az\/index.php?rest_route=%2Fwp%2Fv2%2Fcomments&post=750637"}],"version-history":[{"count":1,"href":"https:\/\/arantv.az\/index.php?rest_route=\/wp\/v2\/posts\/750637\/revisions"}],"predecessor-version":[{"id":750639,"href":"https:\/\/arantv.az\/index.php?rest_route=\/wp\/v2\/posts\/750637\/revisions\/750639"}],"wp:featuredmedia":[{"embeddable":true,"href":"https:\/\/arantv.az\/index.php?rest_route=\/wp\/v2\/media\/750638"}],"wp:attachment":[{"href":"https:\/\/arantv.az\/index.php?rest_route=%2Fwp%2Fv2%2Fmedia&parent=750637"}],"wp:term":[{"taxonomy":"category","embeddable":true,"href":"https:\/\/arantv.az\/index.php?rest_route=%2Fwp%2Fv2%2Fcategories&post=750637"},{"taxonomy":"post_tag","embeddable":true,"href":"https:\/\/arantv.az\/index.php?rest_route=%2Fwp%2Fv2%2Ftags&post=750637"}],"curies":[{"name":"wp","href":"https:\/\/api.w.org\/{rel}","templated":true}]}}