{"id":750643,"date":"2024-09-05T10:33:41","date_gmt":"2024-09-05T06:33:41","guid":{"rendered":"https:\/\/arantv.az\/?p=750643"},"modified":"2024-09-05T10:33:41","modified_gmt":"2024-09-05T06:33:41","slug":"bakida-vardanyan-v%c9%99-dig%c9%99r-canil%c9%99rin-m%c9%99hk%c9%99m%c9%99si-baslayir-bas-prokuror-bitdi-dedi","status":"publish","type":"post","link":"https:\/\/arantv.az\/?p=750643","title":{"rendered":"Bak\u0131da Vardanyan v\u0259 dig\u0259r canil\u0259rin m\u0259hk\u0259m\u0259si ba\u015flay\u0131r &#8211; Ba\u015f prokuror &#8220;&#8230;bitdi&#8221;, dedi"},"content":{"rendered":"<p><strong>Az\u0259rbaycan\u0131n ba\u015f prokuroru Qaraba\u011fdak\u0131 separat\u00e7\u0131 rejimin cinay\u0259tkar h\u0259rbi-siyasi liderl\u0259rin\u0259 qar\u015f\u0131 ibtidai istintaq\u0131n ba\u015fa \u00e7atd\u0131\u011f\u0131n\u0131 elan edib.<\/strong><\/p>\n<p><strong>ARANTV.AZ <\/strong>\u00a0x\u0259b\u0259r verir ki, Rusiyada ke\u00e7iril\u0259n \u015e\u0259rq \u0130qtisadi Forumuna qat\u0131lan Az\u0259rbaycan\u0131n ba\u015f prokuroru Kamran \u018fliyev bu bar\u0259d\u0259\u00a0News.ru-ya a\u00e7\u0131qlama verib.<\/p>\n<p>Onun s\u00f6zl\u0259rin\u0259 g\u00f6r\u0259, yax\u0131n vaxtlarda i\u015fl\u0259r m\u0259hk\u0259m\u0259y\u0259 veril\u0259c\u0259k.<\/p>\n<p>Qanunsuz separat\u00e7\u0131 xuntan\u0131n \u00fc\u00e7 ke\u00e7mi\u015f &#8220;prezidenti&#8221; &#8211; Arkadi Qukasyan, Bako Saakyan v\u0259 Arayik Arutyunyan, &#8220;parlamentin spikeri&#8221; David \u0130\u015fxanyan, ke\u00e7mi\u015f &#8220;xarici i\u015fl\u0259r naziri&#8221; David Babayan, &#8220;m\u00fcdafi\u0259 ordusunun ke\u00e7mi\u015f komandan\u0131&#8221; Levon Mnatsakanyan, ke\u00e7mi\u015f &#8220;d\u00f6vl\u0259t naziri&#8221; Ruben Vardanyan v\u0259 ordunun ke\u00e7mi\u015f &#8220;ba\u015f q\u0259rargah r\u0259isi&#8221; David Manukyan art\u0131q bir il\u0259 yax\u0131nd\u0131r ki, Az\u0259rbaycanda h\u0259bsd\u0259dir.<\/p>\n<p>M\u0259lumat \u00fc\u00e7\u00fcn \u0259lav\u0259 ed\u0259k ki, Az\u0259rbaycan\u0131n Ba\u015f Prokurorlu\u011fu t\u0259r\u0259find\u0259n 15 separat\u00e7\u0131ya qar\u015f\u0131 cinay\u0259t i\u015fi ba\u015flan\u0131b v\u0259 onlar beyn\u0259lxalq axtar\u0131\u015fa verilibl\u0259r. 2023-c\u00fc ilin sentyabr\u0131nda ke\u00e7iril\u0259n \u0259m\u0259liyyatdan sonra onlar saxlan\u0131laraq Bak\u0131ya g\u0259tirilib v\u0259 istintaqa t\u0259hvil verilibl\u0259r. Onlara qar\u015f\u0131 terrorizm, terror\u00e7ulu\u011fu maliyy\u0259l\u0259\u015fdirm\u0259, qanunla n\u0259z\u0259rd\u0259 tutulmayan silahl\u0131 birl\u0259\u015fm\u0259 v\u0259 qrupla\u015fmalar yaratmaq, terrorizm m\u0259qs\u0259dil\u0259 t\u0259liml\u0259r ke\u00e7irm\u0259k ittihamlar\u0131 ir\u0259li s\u00fcr\u00fcl\u00fcb.<\/p>\n<p>Bu ilin iyununda Bak\u0131 onlar\u0131n i\u015fi \u00fczr\u0259 istintaq\u0131n ba\u015fa \u00e7atd\u0131\u011f\u0131n\u0131 elan edib.<\/p>\n","protected":false},"excerpt":{"rendered":"<p>Az\u0259rbaycan\u0131n ba\u015f prokuroru Qaraba\u011fdak\u0131 separat\u00e7\u0131 rejimin cinay\u0259tkar h\u0259rbi-siyasi liderl\u0259rin\u0259 qar\u015f\u0131 ibtidai istintaq\u0131n ba\u015fa \u00e7atd\u0131\u011f\u0131n\u0131 elan edib. ARANTV.AZ \u00a0x\u0259b\u0259r verir ki, Rusiyada ke\u00e7iril\u0259n \u015e\u0259rq \u0130qtisadi Forumuna qat\u0131lan Az\u0259rbaycan\u0131n ba\u015f prokuroru Kamran \u018fliyev bu bar\u0259d\u0259\u00a0News.ru-ya a\u00e7\u0131qlama verib. Onun s\u00f6zl\u0259rin\u0259 g\u00f6r\u0259, yax\u0131n vaxtlarda i\u015fl\u0259r m\u0259hk\u0259m\u0259y\u0259 veril\u0259c\u0259k. Qanunsuz separat\u00e7\u0131 xuntan\u0131n \u00fc\u00e7 ke\u00e7mi\u015f &#8220;prezidenti&#8221; &#8211; Arkadi Qukasyan, Bako Saakyan v\u0259 Arayik Arutyunyan, &#8220;parlamentin spikeri&#8221; David \u0130\u015fxanyan, ke\u00e7mi\u015f &#8220;xarici i\u015fl\u0259r naziri&#8221; David Babayan, &#8220;m\u00fcdafi\u0259 ordusunun ke\u00e7mi\u015f komandan\u0131&#8221; Levon Mnatsakanyan, ke\u00e7mi\u015f &#8220;d\u00f6vl\u0259t naziri&#8221; Ruben Vardanyan v\u0259 ordunun ke\u00e7mi\u015f &#8220;ba\u015f q\u0259rargah r\u0259isi&#8221; David Manukyan art\u0131q bir il\u0259 yax\u0131nd\u0131r&hellip;<\/p>\n","protected":false},"author":2,"featured_media":750644,"comment_status":"closed","ping_status":"closed","sticky":false,"template":"","format":"standard","meta":{"om_disable_all_campaigns":false,"_monsterinsights_skip_tracking":false,"_monsterinsights_sitenote_active":false,"_monsterinsights_sitenote_note":"","_monsterinsights_sitenote_category":0},"categories":[4],"tags":[],"aioseo_notices":[],"gutentor_comment":0,"rttpg_featured_image_url":{"full":["https:\/\/arantv.az\/wp-content\/uploads\/2024\/09\/3da9812ae9a8c8e45a9fac3b03ba19cb.jpg",870,500,false],"landscape":["https:\/\/arantv.az\/wp-content\/uploads\/2024\/09\/3da9812ae9a8c8e45a9fac3b03ba19cb.jpg",870,500,false],"portraits":["https:\/\/arantv.az\/wp-content\/uploads\/2024\/09\/3da9812ae9a8c8e45a9fac3b03ba19cb.jpg",870,500,false],"thumbnail":["https:\/\/arantv.az\/wp-content\/uploads\/2024\/09\/3da9812ae9a8c8e45a9fac3b03ba19cb-500x280.jpg",500,280,true],"medium":["https:\/\/arantv.az\/wp-content\/uploads\/2024\/09\/3da9812ae9a8c8e45a9fac3b03ba19cb-635x365.jpg",635,365,true],"large":["https:\/\/arantv.az\/wp-content\/uploads\/2024\/09\/3da9812ae9a8c8e45a9fac3b03ba19cb-840x483.jpg",640,368,true],"1536x1536":["https:\/\/arantv.az\/wp-content\/uploads\/2024\/09\/3da9812ae9a8c8e45a9fac3b03ba19cb.jpg",870,500,false],"2048x2048":["https:\/\/arantv.az\/wp-content\/uploads\/2024\/09\/3da9812ae9a8c8e45a9fac3b03ba19cb.jpg",870,500,false],"post-thumbnail":["https:\/\/arantv.az\/wp-content\/uploads\/2024\/09\/3da9812ae9a8c8e45a9fac3b03ba19cb-240x172.jpg",240,172,true],"advps-thumb-one":["https:\/\/arantv.az\/wp-content\/uploads\/2024\/09\/3da9812ae9a8c8e45a9fac3b03ba19cb.jpg",870,500,false]},"rttpg_author":{"display_name":"V\u00fcsal Rafiqo\u011flu","author_link":"https:\/\/arantv.az\/?author=2"},"rttpg_comment":0,"rttpg_category":"<a href=\"https:\/\/arantv.az\/?cat=4\" rel=\"category\">Siyas\u0259t<\/a>","rttpg_excerpt":"Az\u0259rbaycan\u0131n ba\u015f prokuroru Qaraba\u011fdak\u0131 separat\u00e7\u0131 rejimin cinay\u0259tkar h\u0259rbi-siyasi liderl\u0259rin\u0259 qar\u015f\u0131 ibtidai istintaq\u0131n ba\u015fa \u00e7atd\u0131\u011f\u0131n\u0131 elan edib. ARANTV.AZ \u00a0x\u0259b\u0259r verir ki, Rusiyada ke\u00e7iril\u0259n \u015e\u0259rq \u0130qtisadi Forumuna qat\u0131lan Az\u0259rbaycan\u0131n ba\u015f prokuroru Kamran \u018fliyev bu bar\u0259d\u0259\u00a0News.ru-ya a\u00e7\u0131qlama verib. Onun s\u00f6zl\u0259rin\u0259 g\u00f6r\u0259, yax\u0131n vaxtlarda i\u015fl\u0259r m\u0259hk\u0259m\u0259y\u0259 veril\u0259c\u0259k. Qanunsuz separat\u00e7\u0131 xuntan\u0131n \u00fc\u00e7 ke\u00e7mi\u015f &#8220;prezidenti&#8221; &#8211; Arkadi Qukasyan, Bako Saakyan v\u0259&hellip;","_links":{"self":[{"href":"https:\/\/arantv.az\/index.php?rest_route=\/wp\/v2\/posts\/750643"}],"collection":[{"href":"https:\/\/arantv.az\/index.php?rest_route=\/wp\/v2\/posts"}],"about":[{"href":"https:\/\/arantv.az\/index.php?rest_route=\/wp\/v2\/types\/post"}],"author":[{"embeddable":true,"href":"https:\/\/arantv.az\/index.php?rest_route=\/wp\/v2\/users\/2"}],"replies":[{"embeddable":true,"href":"https:\/\/arantv.az\/index.php?rest_route=%2Fwp%2Fv2%2Fcomments&post=750643"}],"version-history":[{"count":1,"href":"https:\/\/arantv.az\/index.php?rest_route=\/wp\/v2\/posts\/750643\/revisions"}],"predecessor-version":[{"id":750645,"href":"https:\/\/arantv.az\/index.php?rest_route=\/wp\/v2\/posts\/750643\/revisions\/750645"}],"wp:featuredmedia":[{"embeddable":true,"href":"https:\/\/arantv.az\/index.php?rest_route=\/wp\/v2\/media\/750644"}],"wp:attachment":[{"href":"https:\/\/arantv.az\/index.php?rest_route=%2Fwp%2Fv2%2Fmedia&parent=750643"}],"wp:term":[{"taxonomy":"category","embeddable":true,"href":"https:\/\/arantv.az\/index.php?rest_route=%2Fwp%2Fv2%2Fcategories&post=750643"},{"taxonomy":"post_tag","embeddable":true,"href":"https:\/\/arantv.az\/index.php?rest_route=%2Fwp%2Fv2%2Ftags&post=750643"}],"curies":[{"name":"wp","href":"https:\/\/api.w.org\/{rel}","templated":true}]}}