{"id":750666,"date":"2024-09-05T10:43:06","date_gmt":"2024-09-05T06:43:06","guid":{"rendered":"https:\/\/arantv.az\/?p=750666"},"modified":"2024-09-05T10:43:06","modified_gmt":"2024-09-05T06:43:06","slug":"c%c9%99nubi-qafqaz-qarisir-q%c9%99rbin-sok-plani","status":"publish","type":"post","link":"https:\/\/arantv.az\/?p=750666","title":{"rendered":"C\u0259nubi Qafqaz qar\u0131\u015f\u0131r &#8211; Q\u0259rbin \u015eOK PLANI"},"content":{"rendered":"<p><strong>Az\u0259rbaycandan al\u0131nmad\u0131, G\u00fcrc\u00fcstan z\u0259if b\u0259nd kimi se\u00e7ilib<\/strong><\/p>\n<p><em>Az\u0259rbaycanda 1 sentyabr parlament se\u00e7kil\u0259ri \u0259vv\u0259ld\u0259n ax\u0131ra kifay\u0259t q\u0259d\u0259r sakit ke\u00e7di.\u00a0\u00a0 Se\u00e7kil\u0259rd\u0259n hans\u0131sa xarici q\u00fcvv\u0259l\u0259rin istifad\u0259 edib aran\u0131 qar\u0131\u015fd\u0131rmaq planlar\u0131 olsa bel\u0259, bu planlar\u0131n ger\u00e7\u0259kl\u0259\u015fdirilm\u0259si m\u00fcmk\u00fcn olmad\u0131.\u00a0 Se\u00e7ki g\u00fcn\u00fc Meydan TV, Azadl\u0131qRadiosu, Azad s\u00f6z v\u0259 dig\u0259r platformalar\u0131n f\u0259aliyy\u0259ti \u0259slind\u0259 Q\u0259rbin Az\u0259rbaycandak\u0131 prosesl\u0259r\u0259 m\u00fcdaxil\u0259 c\u0259hdl\u0259ri kimi d\u0259 qiym\u0259tl\u0259ndiril\u0259 bil\u0259r.\u00a0\u00a0<\/em><\/p>\n<p>\u0130ndi is\u0259 AB\u015e-\u0131n oktyabr\u0131n 26-da G\u00fcrc\u00fcstanda ke\u00e7iril\u0259c\u0259k parlament se\u00e7kil\u0259ri \u00f6nc\u0259si v\u0259ziyy\u0259td\u0259n son d\u0259r\u0259c\u0259 naraz\u0131l\u0131\u011f\u0131 v\u0259 \u00f6lk\u0259d\u0259 \u201cr\u0259ngli inqilab\u201d haz\u0131rlamas\u0131 bar\u0259d\u0259 iddialar narahatl\u0131q do\u011furur.<\/p>\n<p>Rusiya Xarici K\u0259\u015ffiyyat Xidm\u0259tinin yayd\u0131\u011f\u0131 m\u0259lumatda bildirilir ki, \u201cTiflis Maydan\u0131\u201dnda s\u0259sverm\u0259 zaman\u0131 \u201csaxtakarl\u0131q s\u00fcbutlar\u0131\u201dn\u0131n d\u0259rc edilm\u0259si, se\u00e7kil\u0259rin n\u0259tic\u0259l\u0259rinin tan\u0131nmad\u0131\u011f\u0131n\u0131 elan etm\u0259k v\u0259 hakimiyy\u0259t d\u0259yi\u015fikliyini t\u0259l\u0259b etm\u0259k planla\u015fd\u0131r\u0131l\u0131r. \u201cEtirazlar\u0131 zorla yat\u0131rmaq \u00fc\u00e7\u00fcn h\u00fcquq-m\u00fchafiz\u0259 orqanlar\u0131 t\u0259hrik edil\u0259c\u0259k\u201d, &#8211; dey\u0259 m\u0259lumatda bildirilir.<\/p>\n<p>Bundan \u0259vv\u0259l Serbiyada se\u00e7kil\u0259r\u0259 m\u00fcdaxil\u0259 c\u0259hdl\u0259ri olmu\u015fdu. Az\u0259rbaycanda se\u00e7kil\u0259r\u0259 m\u00fcdaxil\u0259 ed\u0259 bilm\u0259s\u0259 d\u0259, indi G\u00fcrc\u00fcstan\u0131 m\u00fc\u0259yy\u0259n riskl\u0259r g\u00f6zl\u0259yir.<\/p>\n<p><strong>A\u00e7\u0131q-a\u015fkar g\u00f6r\u00fcn\u00fcr ki, Q\u0259rbin C\u0259nubi Qafqaz\u0131n iki \u00f6lk\u0259sind\u0259 daxili g\u0259rginlikl\u0259r ya\u015fanmas\u0131nda hans\u0131sa maraqlar\u0131 var. C\u0259nubi Qafqazda g\u0259rginlikl\u0259r meydana g\u0259tirm\u0259k ist\u0259yirl\u0259r. \u0130st\u0259dikl\u0259rin\u0259 nail ola bil\u0259c\u0259kl\u0259rmi?<\/strong><\/p>\n<p><strong><img src=\"https:\/\/kaspi.az\/storage\/posts\/large\/62373a9723c08.jpg\" alt=\"\u0130lyas H\u00fcseynov: Yerli istehsal maskalarla ba\u011fl\u0131 s\u00fcni qiym\u0259t art\u0131m\u0131n\u0131n  qar\u015f\u0131s\u0131n\u0131 alacaq | Kaspi.az\" \/><\/strong><\/p>\n<p><strong>\u0130lyas H\u00fcseynov<\/strong><\/p>\n<p>Sosial T\u0259dqiqatlar M\u0259rk\u0259zinin sektor m\u00fcdiri \u0130lyas H\u00fcseynov \u201cYeni M\u00fcsavat\u201da bildirdi ki, 1 sentyabr parlament se\u00e7kil\u0259ri u\u011furla ba\u015fa \u00e7atd\u0131. Baxmayaraq ki, bir s\u0131ra Q\u0259rb t\u0259sisatlar\u0131 \u00f6z q\u0259r\u0259zli m\u00f6vqeyini h\u0259l\u0259 se\u00e7kil\u0259r ba\u015fa \u00e7atmam\u0131\u015f ortaya qoydular. Q\u0259rbd\u0259n maliyy\u0259l\u0259\u015f\u0259n bir s\u0131ra media strukturlar\u0131 Az\u0259rbaycanda se\u00e7ki prosesin\u0259 m\u00fcdaxil\u0259 etm\u0259k c\u0259hdl\u0259ri etdil\u0259r. H\u0259min media strukturlar\u0131n\u0131n h\u0259r\u0259k\u0259tl\u0259rind\u0259 \u0259slind\u0259 s\u0259lahiyy\u0259t h\u0259dl\u0259rini a\u015fmaq v\u0259 d\u00f6vl\u0259tin daxili i\u015fl\u0259rin\u0259 zorla m\u00fcdaxil\u0259 etm\u0259k kimi c\u0259hdl\u0259ri a\u00e7\u0131q g\u00f6r\u00fcn\u00fcrd\u00fc. Lakin Az\u0259rbaycan c\u0259miyy\u0259ti, se\u00e7icil\u0259r bu c\u00fcr m\u0259krli planlar\u0131n n\u00f6vb\u0259ti m\u0259krli fazaya ke\u00e7m\u0259sin\u0259 \u015f\u0259rait yaratmad\u0131. Az\u0259rbaycan c\u0259miyy\u0259ti yen\u0259 d\u0259 d\u00f6vl\u0259tin maraqlar\u0131n\u0131n h\u0259r \u015feyd\u0259n \u00fcst\u00fcn oldu\u011fu d\u00fc\u015f\u00fcnc\u0259si il\u0259 h\u0259r\u0259k\u0259t etdi v\u0259 Q\u0259rbin Az\u0259rbaycanda se\u00e7kil\u0259rd\u0259n istifad\u0259 edib qar\u0131\u015f\u0131ql\u0131q yaratmaq niyy\u0259tl\u0259rini fiaskoya u\u011fratd\u0131. C\u0259nubi Qafqaz\u0131n Az\u0259rbaycan istiqam\u0259tind\u0259n qar\u0131\u015fd\u0131r\u0131lmas\u0131 planlar\u0131 iflasa u\u011frad\u0131. Qar\u015f\u0131da se\u00e7ki marafonu G\u00fcrc\u00fcstana ke\u00e7ir. Q\u0259rbin Az\u0259rbaycanla ba\u011fl\u0131 planlar\u0131 realla\u015fmad\u0131\u011f\u0131 \u00fc\u00e7\u00fcn senarini G\u00fcrc\u00fcstanda ger\u00e7\u0259kl\u0259\u015fdirmy\u0259 \u00e7al\u0131\u015facaqlar. Art\u0131q buna haz\u0131rl\u0131q gedir. \u0130lkin m\u0259\u015fql\u0259ri may-iyun aylar\u0131nda edibl\u0259r. G\u00fcrc\u00fcstandak\u0131 se\u00e7kil\u0259r\u0259 Q\u0259rb institutlar\u0131 ciddi haz\u0131rla\u015f\u0131blar. C\u0259nubi Qafqaz x\u00fcsusi se\u00e7ilib. Erm\u0259nistanda ged\u0259n prosesl\u0259r fonunda G\u00fcrc\u00fcstan v\u0259 Az\u0259rbaycanla ba\u011fl\u0131 da \u00e7ox \u00e7irkin planlar daim \u00fcz\u0259 \u00e7\u0131x\u0131r. Bu planlar h\u0259r d\u0259f\u0259 if\u015fa olunduqca n\u00f6vb\u0259ti yeni dal\u011fa il\u0259 h\u0259r\u0259k\u0259t\u0259 ke\u00e7irl\u0259r. B\u00fct\u00fcn vasit\u0259l\u0259r v\u0259 metodlardan \u00f6z m\u0259qs\u0259dl\u0259rin\u0259 \u00e7atmaq \u00fc\u00e7\u00fcn istifad\u0259 olunur&#8221;.<\/p>\n<p><strong>Etibar SEY\u0130DA\u011eA,<\/strong><br \/>\n<strong>\u201cYeni M\u00fcsavat\u201d<\/strong><\/p>\n","protected":false},"excerpt":{"rendered":"<p>Az\u0259rbaycandan al\u0131nmad\u0131, G\u00fcrc\u00fcstan z\u0259if b\u0259nd kimi se\u00e7ilib Az\u0259rbaycanda 1 sentyabr parlament se\u00e7kil\u0259ri \u0259vv\u0259ld\u0259n ax\u0131ra kifay\u0259t q\u0259d\u0259r sakit ke\u00e7di.\u00a0\u00a0 Se\u00e7kil\u0259rd\u0259n hans\u0131sa xarici q\u00fcvv\u0259l\u0259rin istifad\u0259 edib aran\u0131 qar\u0131\u015fd\u0131rmaq planlar\u0131 olsa bel\u0259, bu planlar\u0131n ger\u00e7\u0259kl\u0259\u015fdirilm\u0259si m\u00fcmk\u00fcn olmad\u0131.\u00a0 Se\u00e7ki g\u00fcn\u00fc Meydan TV, Azadl\u0131qRadiosu, Azad s\u00f6z v\u0259 dig\u0259r platformalar\u0131n f\u0259aliyy\u0259ti \u0259slind\u0259 Q\u0259rbin Az\u0259rbaycandak\u0131 prosesl\u0259r\u0259 m\u00fcdaxil\u0259 c\u0259hdl\u0259ri kimi d\u0259 qiym\u0259tl\u0259ndiril\u0259 bil\u0259r.\u00a0\u00a0 \u0130ndi is\u0259 AB\u015e-\u0131n oktyabr\u0131n 26-da G\u00fcrc\u00fcstanda ke\u00e7iril\u0259c\u0259k parlament se\u00e7kil\u0259ri \u00f6nc\u0259si v\u0259ziyy\u0259td\u0259n son d\u0259r\u0259c\u0259 naraz\u0131l\u0131\u011f\u0131 v\u0259 \u00f6lk\u0259d\u0259 \u201cr\u0259ngli inqilab\u201d haz\u0131rlamas\u0131 bar\u0259d\u0259 iddialar narahatl\u0131q do\u011furur. Rusiya Xarici K\u0259\u015ffiyyat Xidm\u0259tinin yayd\u0131\u011f\u0131 m\u0259lumatda bildirilir ki, \u201cTiflis Maydan\u0131\u201dnda s\u0259sverm\u0259 zaman\u0131&hellip;<\/p>\n","protected":false},"author":2,"featured_media":750667,"comment_status":"closed","ping_status":"closed","sticky":false,"template":"","format":"standard","meta":{"om_disable_all_campaigns":false,"_monsterinsights_skip_tracking":false,"_monsterinsights_sitenote_active":false,"_monsterinsights_sitenote_note":"","_monsterinsights_sitenote_category":0},"categories":[4],"tags":[],"aioseo_notices":[],"gutentor_comment":0,"rttpg_featured_image_url":{"full":["https:\/\/arantv.az\/wp-content\/uploads\/2024\/09\/f31e9ddcf20f8ee37ebe755d23897be1.jpg",610,380,false],"landscape":["https:\/\/arantv.az\/wp-content\/uploads\/2024\/09\/f31e9ddcf20f8ee37ebe755d23897be1.jpg",610,380,false],"portraits":["https:\/\/arantv.az\/wp-content\/uploads\/2024\/09\/f31e9ddcf20f8ee37ebe755d23897be1.jpg",610,380,false],"thumbnail":["https:\/\/arantv.az\/wp-content\/uploads\/2024\/09\/f31e9ddcf20f8ee37ebe755d23897be1-500x280.jpg",500,280,true],"medium":["https:\/\/arantv.az\/wp-content\/uploads\/2024\/09\/f31e9ddcf20f8ee37ebe755d23897be1-586x365.jpg",586,365,true],"large":["https:\/\/arantv.az\/wp-content\/uploads\/2024\/09\/f31e9ddcf20f8ee37ebe755d23897be1.jpg",610,380,false],"1536x1536":["https:\/\/arantv.az\/wp-content\/uploads\/2024\/09\/f31e9ddcf20f8ee37ebe755d23897be1.jpg",610,380,false],"2048x2048":["https:\/\/arantv.az\/wp-content\/uploads\/2024\/09\/f31e9ddcf20f8ee37ebe755d23897be1.jpg",610,380,false],"post-thumbnail":["https:\/\/arantv.az\/wp-content\/uploads\/2024\/09\/f31e9ddcf20f8ee37ebe755d23897be1-240x172.jpg",240,172,true],"advps-thumb-one":["https:\/\/arantv.az\/wp-content\/uploads\/2024\/09\/f31e9ddcf20f8ee37ebe755d23897be1.jpg",610,380,false]},"rttpg_author":{"display_name":"V\u00fcsal Rafiqo\u011flu","author_link":"https:\/\/arantv.az\/?author=2"},"rttpg_comment":0,"rttpg_category":"<a href=\"https:\/\/arantv.az\/?cat=4\" rel=\"category\">Siyas\u0259t<\/a>","rttpg_excerpt":"Az\u0259rbaycandan al\u0131nmad\u0131, G\u00fcrc\u00fcstan z\u0259if b\u0259nd kimi se\u00e7ilib Az\u0259rbaycanda 1 sentyabr parlament se\u00e7kil\u0259ri \u0259vv\u0259ld\u0259n ax\u0131ra kifay\u0259t q\u0259d\u0259r sakit ke\u00e7di.\u00a0\u00a0 Se\u00e7kil\u0259rd\u0259n hans\u0131sa xarici q\u00fcvv\u0259l\u0259rin istifad\u0259 edib aran\u0131 qar\u0131\u015fd\u0131rmaq planlar\u0131 olsa bel\u0259, bu planlar\u0131n ger\u00e7\u0259kl\u0259\u015fdirilm\u0259si m\u00fcmk\u00fcn olmad\u0131.\u00a0 Se\u00e7ki g\u00fcn\u00fc Meydan TV, Azadl\u0131qRadiosu, Azad s\u00f6z v\u0259 dig\u0259r platformalar\u0131n f\u0259aliyy\u0259ti \u0259slind\u0259 Q\u0259rbin Az\u0259rbaycandak\u0131 prosesl\u0259r\u0259 m\u00fcdaxil\u0259 c\u0259hdl\u0259ri kimi d\u0259 qiym\u0259tl\u0259ndiril\u0259 bil\u0259r.\u00a0\u00a0&hellip;","_links":{"self":[{"href":"https:\/\/arantv.az\/index.php?rest_route=\/wp\/v2\/posts\/750666"}],"collection":[{"href":"https:\/\/arantv.az\/index.php?rest_route=\/wp\/v2\/posts"}],"about":[{"href":"https:\/\/arantv.az\/index.php?rest_route=\/wp\/v2\/types\/post"}],"author":[{"embeddable":true,"href":"https:\/\/arantv.az\/index.php?rest_route=\/wp\/v2\/users\/2"}],"replies":[{"embeddable":true,"href":"https:\/\/arantv.az\/index.php?rest_route=%2Fwp%2Fv2%2Fcomments&post=750666"}],"version-history":[{"count":2,"href":"https:\/\/arantv.az\/index.php?rest_route=\/wp\/v2\/posts\/750666\/revisions"}],"predecessor-version":[{"id":750669,"href":"https:\/\/arantv.az\/index.php?rest_route=\/wp\/v2\/posts\/750666\/revisions\/750669"}],"wp:featuredmedia":[{"embeddable":true,"href":"https:\/\/arantv.az\/index.php?rest_route=\/wp\/v2\/media\/750667"}],"wp:attachment":[{"href":"https:\/\/arantv.az\/index.php?rest_route=%2Fwp%2Fv2%2Fmedia&parent=750666"}],"wp:term":[{"taxonomy":"category","embeddable":true,"href":"https:\/\/arantv.az\/index.php?rest_route=%2Fwp%2Fv2%2Fcategories&post=750666"},{"taxonomy":"post_tag","embeddable":true,"href":"https:\/\/arantv.az\/index.php?rest_route=%2Fwp%2Fv2%2Ftags&post=750666"}],"curies":[{"name":"wp","href":"https:\/\/api.w.org\/{rel}","templated":true}]}}