{"id":750730,"date":"2024-09-05T12:53:56","date_gmt":"2024-09-05T08:53:56","guid":{"rendered":"https:\/\/arantv.az\/?p=750730"},"modified":"2024-09-05T12:53:56","modified_gmt":"2024-09-05T08:53:56","slug":"az%c9%99rbaycan-37-ci-moskva-beyn%c9%99lxalq-kitab-s%c9%99rgisind%c9%99-t%c9%99msil-olunurfoto","status":"publish","type":"post","link":"https:\/\/arantv.az\/?p=750730","title":{"rendered":"Az\u0259rbaycan 37-ci Moskva Beyn\u0259lxalq Kitab S\u0259rgisind\u0259 t\u0259msil olunurFOTO"},"content":{"rendered":"<div class=\"text-content\" data-id=\"\" data-url=\"\">\n<p><strong>Rusiya Federasiyas\u0131n\u0131n Moskva \u015f\u0259h\u0259rind\u0259 t\u0259\u015fkil olunan 37-ci Moskva Beyn\u0259lxalq Kitab S\u0259rgisi 4 sentyabr 2024-c\u00fc il tarixind\u0259 \u00f6z i\u015fin\u0259 ba\u015flay\u0131b.<\/strong><\/p>\n<p><strong>ARANTV.AZ <\/strong>\u00a0x\u0259b\u0259r verir ki, Az\u0259rbaycan Respublikas\u0131n\u0131n M\u0259d\u0259niyy\u0259t Nazirliyinin t\u0259\u015fkilat\u00e7\u0131l\u0131\u011f\u0131 v\u0259 Az\u0259rbaycan Respublikas\u0131n\u0131n Rusiya Federasiyas\u0131ndak\u0131 S\u0259firliyinin d\u0259st\u0259yi il\u0259 \u00f6lk\u0259miz s\u0259rgid\u0259 t\u0259msil olunur.<\/p>\n<p>S\u0259rgid\u0259 M\u0259d\u0259niyy\u0259t Nazirliyinin n\u00fcmay\u0259nd\u0259l\u0259ri v\u0259 u\u015faq yaz\u0131\u00e7\u0131s\u0131 Solmaz Amanova i\u015ftirak edirl\u0259r.<\/p>\n<p>Nazirliyin n\u00fcmay\u0259nd\u0259 hey\u0259ti s\u0259rginin a\u00e7\u0131l\u0131\u015f g\u00fcn\u00fcnd\u0259 bir s\u0131ra t\u0259dbirl\u0259r\u0259 qat\u0131l\u0131b.<\/p>\n<p>Az\u0259rbaycana dair yeni n\u0259\u015fr olunan qiym\u0259tli kitablar\u0131n n\u00fcmayi\u015f olundu\u011fu milli stendd\u0259 Az\u0259rbaycan\u0131n tarixi, m\u0259d\u0259niyy\u0259ti v\u0259 kitab s\u0259n\u0259ti bar\u0259d\u0259 s\u0259rginin i\u015ftirak\u00e7\u0131lar\u0131na v\u0259 ziyar\u0259t\u00e7il\u0259rin\u0259 geni\u015f m\u0259lumat verilir.<\/p>\n<p>S\u0259rgi \u00e7\u0259r\u00e7iv\u0259sind\u0259 6 sentyabr tarixind\u0259 yaz\u0131\u00e7\u0131 Solmaz Amanovan\u0131n \u201cKitab s\u0259n\u0259ti\u201d m\u00fcsabiq\u0259sind\u0259 2 nominasiya \u00fczr\u0259 ( \u201cQran-pri\u201d m\u00fckafat\u0131 v\u0259 1-ci yer) m\u00fckafatland\u0131rma m\u0259rasimi ke\u00e7iril\u0259c\u0259k.<\/p>\n<p>Belarus Respublikas\u0131n\u0131n f\u0259xri qonaq \u00f6lk\u0259 oldu\u011fu Moskva Beyn\u0259lxalq Kitab S\u0259rgisi 8 sentyabr 2024-c\u00fc il tarixin\u0259d\u0259k davam ed\u0259c\u0259k.<\/p>\n<\/div>\n<div>\n<div class=\"form-group\"><img class=\"img-responsive\" src=\"https:\/\/cdn.musavat.com\/news\/images\/iqbal\/Untitled%20%2814%29-9.jpg\" \/><\/div>\n<div class=\"form-group\"><img class=\"img-responsive\" src=\"https:\/\/cdn.musavat.com\/news\/images\/iqbal\/Untitled%20%2813%29-12.jpg\" \/><\/div>\n<div class=\"form-group\"><img class=\"img-responsive\" src=\"https:\/\/cdn.musavat.com\/news\/images\/iqbal\/Untitled%20%2812%29-19.jpg\" \/><\/div>\n<div class=\"form-group\"><img class=\"img-responsive\" src=\"https:\/\/cdn.musavat.com\/news\/images\/iqbal\/Untitled%20%2811%29-19.jpg\" \/><\/div>\n<\/div>\n","protected":false},"excerpt":{"rendered":"<p>Rusiya Federasiyas\u0131n\u0131n Moskva \u015f\u0259h\u0259rind\u0259 t\u0259\u015fkil olunan 37-ci Moskva Beyn\u0259lxalq Kitab S\u0259rgisi 4 sentyabr 2024-c\u00fc il tarixind\u0259 \u00f6z i\u015fin\u0259 ba\u015flay\u0131b. ARANTV.AZ \u00a0x\u0259b\u0259r verir ki, Az\u0259rbaycan Respublikas\u0131n\u0131n M\u0259d\u0259niyy\u0259t Nazirliyinin t\u0259\u015fkilat\u00e7\u0131l\u0131\u011f\u0131 v\u0259 Az\u0259rbaycan Respublikas\u0131n\u0131n Rusiya Federasiyas\u0131ndak\u0131 S\u0259firliyinin d\u0259st\u0259yi il\u0259 \u00f6lk\u0259miz s\u0259rgid\u0259 t\u0259msil olunur. S\u0259rgid\u0259 M\u0259d\u0259niyy\u0259t Nazirliyinin n\u00fcmay\u0259nd\u0259l\u0259ri v\u0259 u\u015faq yaz\u0131\u00e7\u0131s\u0131 Solmaz Amanova i\u015ftirak edirl\u0259r. Nazirliyin n\u00fcmay\u0259nd\u0259 hey\u0259ti s\u0259rginin a\u00e7\u0131l\u0131\u015f g\u00fcn\u00fcnd\u0259 bir s\u0131ra t\u0259dbirl\u0259r\u0259 qat\u0131l\u0131b. Az\u0259rbaycana dair yeni n\u0259\u015fr olunan qiym\u0259tli kitablar\u0131n n\u00fcmayi\u015f olundu\u011fu milli stendd\u0259 Az\u0259rbaycan\u0131n tarixi, m\u0259d\u0259niyy\u0259ti v\u0259 kitab s\u0259n\u0259ti bar\u0259d\u0259 s\u0259rginin i\u015ftirak\u00e7\u0131lar\u0131na v\u0259 ziyar\u0259t\u00e7il\u0259rin\u0259 geni\u015f m\u0259lumat verilir. S\u0259rgi \u00e7\u0259r\u00e7iv\u0259sind\u0259 6 sentyabr&hellip;<\/p>\n","protected":false},"author":2,"featured_media":750731,"comment_status":"closed","ping_status":"closed","sticky":false,"template":"","format":"standard","meta":{"om_disable_all_campaigns":false,"_monsterinsights_skip_tracking":false,"_monsterinsights_sitenote_active":false,"_monsterinsights_sitenote_note":"","_monsterinsights_sitenote_category":0},"categories":[1],"tags":[],"aioseo_notices":[],"gutentor_comment":0,"rttpg_featured_image_url":{"full":["https:\/\/arantv.az\/wp-content\/uploads\/2024\/09\/0f3a711e674f0ac63bc8602a23b88422.jpg",870,500,false],"landscape":["https:\/\/arantv.az\/wp-content\/uploads\/2024\/09\/0f3a711e674f0ac63bc8602a23b88422.jpg",870,500,false],"portraits":["https:\/\/arantv.az\/wp-content\/uploads\/2024\/09\/0f3a711e674f0ac63bc8602a23b88422.jpg",870,500,false],"thumbnail":["https:\/\/arantv.az\/wp-content\/uploads\/2024\/09\/0f3a711e674f0ac63bc8602a23b88422-500x280.jpg",500,280,true],"medium":["https:\/\/arantv.az\/wp-content\/uploads\/2024\/09\/0f3a711e674f0ac63bc8602a23b88422-635x365.jpg",635,365,true],"large":["https:\/\/arantv.az\/wp-content\/uploads\/2024\/09\/0f3a711e674f0ac63bc8602a23b88422-840x483.jpg",640,368,true],"1536x1536":["https:\/\/arantv.az\/wp-content\/uploads\/2024\/09\/0f3a711e674f0ac63bc8602a23b88422.jpg",870,500,false],"2048x2048":["https:\/\/arantv.az\/wp-content\/uploads\/2024\/09\/0f3a711e674f0ac63bc8602a23b88422.jpg",870,500,false],"post-thumbnail":["https:\/\/arantv.az\/wp-content\/uploads\/2024\/09\/0f3a711e674f0ac63bc8602a23b88422-240x172.jpg",240,172,true],"advps-thumb-one":["https:\/\/arantv.az\/wp-content\/uploads\/2024\/09\/0f3a711e674f0ac63bc8602a23b88422.jpg",870,500,false]},"rttpg_author":{"display_name":"V\u00fcsal Rafiqo\u011flu","author_link":"https:\/\/arantv.az\/?author=2"},"rttpg_comment":0,"rttpg_category":"<a href=\"https:\/\/arantv.az\/?cat=1\" rel=\"category\">C\u0259miyy\u0259t<\/a>","rttpg_excerpt":"Rusiya Federasiyas\u0131n\u0131n Moskva \u015f\u0259h\u0259rind\u0259 t\u0259\u015fkil olunan 37-ci Moskva Beyn\u0259lxalq Kitab S\u0259rgisi 4 sentyabr 2024-c\u00fc il tarixind\u0259 \u00f6z i\u015fin\u0259 ba\u015flay\u0131b. ARANTV.AZ \u00a0x\u0259b\u0259r verir ki, Az\u0259rbaycan Respublikas\u0131n\u0131n M\u0259d\u0259niyy\u0259t Nazirliyinin t\u0259\u015fkilat\u00e7\u0131l\u0131\u011f\u0131 v\u0259 Az\u0259rbaycan Respublikas\u0131n\u0131n Rusiya Federasiyas\u0131ndak\u0131 S\u0259firliyinin d\u0259st\u0259yi il\u0259 \u00f6lk\u0259miz s\u0259rgid\u0259 t\u0259msil olunur. S\u0259rgid\u0259 M\u0259d\u0259niyy\u0259t Nazirliyinin n\u00fcmay\u0259nd\u0259l\u0259ri v\u0259 u\u015faq yaz\u0131\u00e7\u0131s\u0131 Solmaz Amanova i\u015ftirak edirl\u0259r. Nazirliyin n\u00fcmay\u0259nd\u0259 hey\u0259ti s\u0259rginin&hellip;","_links":{"self":[{"href":"https:\/\/arantv.az\/index.php?rest_route=\/wp\/v2\/posts\/750730"}],"collection":[{"href":"https:\/\/arantv.az\/index.php?rest_route=\/wp\/v2\/posts"}],"about":[{"href":"https:\/\/arantv.az\/index.php?rest_route=\/wp\/v2\/types\/post"}],"author":[{"embeddable":true,"href":"https:\/\/arantv.az\/index.php?rest_route=\/wp\/v2\/users\/2"}],"replies":[{"embeddable":true,"href":"https:\/\/arantv.az\/index.php?rest_route=%2Fwp%2Fv2%2Fcomments&post=750730"}],"version-history":[{"count":1,"href":"https:\/\/arantv.az\/index.php?rest_route=\/wp\/v2\/posts\/750730\/revisions"}],"predecessor-version":[{"id":750732,"href":"https:\/\/arantv.az\/index.php?rest_route=\/wp\/v2\/posts\/750730\/revisions\/750732"}],"wp:featuredmedia":[{"embeddable":true,"href":"https:\/\/arantv.az\/index.php?rest_route=\/wp\/v2\/media\/750731"}],"wp:attachment":[{"href":"https:\/\/arantv.az\/index.php?rest_route=%2Fwp%2Fv2%2Fmedia&parent=750730"}],"wp:term":[{"taxonomy":"category","embeddable":true,"href":"https:\/\/arantv.az\/index.php?rest_route=%2Fwp%2Fv2%2Fcategories&post=750730"},{"taxonomy":"post_tag","embeddable":true,"href":"https:\/\/arantv.az\/index.php?rest_route=%2Fwp%2Fv2%2Ftags&post=750730"}],"curies":[{"name":"wp","href":"https:\/\/api.w.org\/{rel}","templated":true}]}}