{"id":750733,"date":"2024-09-05T12:55:44","date_gmt":"2024-09-05T08:55:44","guid":{"rendered":"https:\/\/arantv.az\/?p=750733"},"modified":"2024-09-05T12:55:44","modified_gmt":"2024-09-05T08:55:44","slug":"onlarin-%c9%99mri-il%c9%99-istanbul-razilasmasi-bas-tutmadi-putin-detallari-aciqladi","status":"publish","type":"post","link":"https:\/\/arantv.az\/?p=750733","title":{"rendered":"Onlar\u0131n \u0259mri il\u0259 \u201c\u0130stanbul raz\u0131la\u015fmas\u0131\u201d ba\u015f tutmad\u0131 \u2013 Putin detallar\u0131 a\u00e7\u0131qlad\u0131"},"content":{"rendered":"<p><strong>Rusiya he\u00e7 vaxt \u201c\u0130stanbul raz\u0131la\u015fmalar\u0131\u201d \u0259sas\u0131nda Ukrayna il\u0259 ba\u011fl\u0131 dan\u0131\u015f\u0131qlardan imtina etm\u0259yib.<\/strong><\/p>\n<p><strong>ARANTV.AZ <\/strong>\u00a0x\u0259b\u0259r verir ki, bunu Rusiya Prezidenti Vladimir Putin \u015e\u0259rq \u0130qtisadi Forumunun plenar iclas\u0131nda \u00e7\u0131x\u0131\u015f\u0131 zaman\u0131 deyib.<\/p>\n<p>\u201cAncaq b\u0259zi m\u00fcv\u0259qq\u0259ti t\u0259l\u0259bl\u0259r \u0259sas\u0131nda deyil, \u0130stanbulda raz\u0131la\u015fd\u0131r\u0131lan v\u0259 faktiki olaraq paraflanan s\u0259n\u0259dl\u0259r \u0259sas\u0131nda dan\u0131\u015f\u0131qlardan s\u00f6hb\u0259t gedir. Moskva v\u0259 Kiyev 2022-ci ilin mart\u0131nda \u0130stanbulda m\u00fcnaqi\u015f\u0259nin h\u0259lli il\u0259 ba\u011fl\u0131 raz\u0131l\u0131\u011fa g\u0259libl\u0259r.<\/p>\n<p>Raz\u0131la\u015fmalar t\u0259kc\u0259 Rusiyan\u0131n strateji m\u0259\u011flubiyy\u0259tin\u0259 nail olmaq ist\u0259y\u0259n Q\u0259rbin \u0259mri il\u0259 q\u00fcvv\u0259y\u0259 minm\u0259di\u201d.<\/p>\n<p>Rusiya liderinin s\u00f6zl\u0259rin\u0259 g\u00f6r\u0259, AB\u015e, Avropa v\u0259 b\u0259zi Avropa \u00f6lk\u0259l\u0259rinin elitalar\u0131 aras\u0131nda Rusiyan\u0131n strateji m\u0259\u011flubiyy\u0259tin\u0259 nail olmaq ist\u0259yin\u0259 g\u00f6r\u0259 dan\u0131\u015f\u0131qlar l\u0259ngiyib.<\/p>\n","protected":false},"excerpt":{"rendered":"<p>Rusiya he\u00e7 vaxt \u201c\u0130stanbul raz\u0131la\u015fmalar\u0131\u201d \u0259sas\u0131nda Ukrayna il\u0259 ba\u011fl\u0131 dan\u0131\u015f\u0131qlardan imtina etm\u0259yib. ARANTV.AZ \u00a0x\u0259b\u0259r verir ki, bunu Rusiya Prezidenti Vladimir Putin \u015e\u0259rq \u0130qtisadi Forumunun plenar iclas\u0131nda \u00e7\u0131x\u0131\u015f\u0131 zaman\u0131 deyib. \u201cAncaq b\u0259zi m\u00fcv\u0259qq\u0259ti t\u0259l\u0259bl\u0259r \u0259sas\u0131nda deyil, \u0130stanbulda raz\u0131la\u015fd\u0131r\u0131lan v\u0259 faktiki olaraq paraflanan s\u0259n\u0259dl\u0259r \u0259sas\u0131nda dan\u0131\u015f\u0131qlardan s\u00f6hb\u0259t gedir. Moskva v\u0259 Kiyev 2022-ci ilin mart\u0131nda \u0130stanbulda m\u00fcnaqi\u015f\u0259nin h\u0259lli il\u0259 ba\u011fl\u0131 raz\u0131l\u0131\u011fa g\u0259libl\u0259r. Raz\u0131la\u015fmalar t\u0259kc\u0259 Rusiyan\u0131n strateji m\u0259\u011flubiyy\u0259tin\u0259 nail olmaq ist\u0259y\u0259n Q\u0259rbin \u0259mri il\u0259 q\u00fcvv\u0259y\u0259 minm\u0259di\u201d. Rusiya liderinin s\u00f6zl\u0259rin\u0259 g\u00f6r\u0259, AB\u015e, Avropa v\u0259 b\u0259zi Avropa \u00f6lk\u0259l\u0259rinin elitalar\u0131 aras\u0131nda Rusiyan\u0131n strateji m\u0259\u011flubiyy\u0259tin\u0259 nail olmaq ist\u0259yin\u0259&hellip;<\/p>\n","protected":false},"author":2,"featured_media":750734,"comment_status":"closed","ping_status":"closed","sticky":false,"template":"","format":"standard","meta":{"om_disable_all_campaigns":false,"_monsterinsights_skip_tracking":false,"_monsterinsights_sitenote_active":false,"_monsterinsights_sitenote_note":"","_monsterinsights_sitenote_category":0},"categories":[7],"tags":[],"aioseo_notices":[],"gutentor_comment":0,"rttpg_featured_image_url":{"full":["https:\/\/arantv.az\/wp-content\/uploads\/2024\/09\/50f8335d94077617e5470738a4a548ad.jpg",870,500,false],"landscape":["https:\/\/arantv.az\/wp-content\/uploads\/2024\/09\/50f8335d94077617e5470738a4a548ad.jpg",870,500,false],"portraits":["https:\/\/arantv.az\/wp-content\/uploads\/2024\/09\/50f8335d94077617e5470738a4a548ad.jpg",870,500,false],"thumbnail":["https:\/\/arantv.az\/wp-content\/uploads\/2024\/09\/50f8335d94077617e5470738a4a548ad-500x280.jpg",500,280,true],"medium":["https:\/\/arantv.az\/wp-content\/uploads\/2024\/09\/50f8335d94077617e5470738a4a548ad-635x365.jpg",635,365,true],"large":["https:\/\/arantv.az\/wp-content\/uploads\/2024\/09\/50f8335d94077617e5470738a4a548ad-840x483.jpg",640,368,true],"1536x1536":["https:\/\/arantv.az\/wp-content\/uploads\/2024\/09\/50f8335d94077617e5470738a4a548ad.jpg",870,500,false],"2048x2048":["https:\/\/arantv.az\/wp-content\/uploads\/2024\/09\/50f8335d94077617e5470738a4a548ad.jpg",870,500,false],"post-thumbnail":["https:\/\/arantv.az\/wp-content\/uploads\/2024\/09\/50f8335d94077617e5470738a4a548ad-240x172.jpg",240,172,true],"advps-thumb-one":["https:\/\/arantv.az\/wp-content\/uploads\/2024\/09\/50f8335d94077617e5470738a4a548ad.jpg",870,500,false]},"rttpg_author":{"display_name":"V\u00fcsal Rafiqo\u011flu","author_link":"https:\/\/arantv.az\/?author=2"},"rttpg_comment":0,"rttpg_category":"<a href=\"https:\/\/arantv.az\/?cat=7\" rel=\"category\">D\u00fcnya<\/a>","rttpg_excerpt":"Rusiya he\u00e7 vaxt \u201c\u0130stanbul raz\u0131la\u015fmalar\u0131\u201d \u0259sas\u0131nda Ukrayna il\u0259 ba\u011fl\u0131 dan\u0131\u015f\u0131qlardan imtina etm\u0259yib. ARANTV.AZ \u00a0x\u0259b\u0259r verir ki, bunu Rusiya Prezidenti Vladimir Putin \u015e\u0259rq \u0130qtisadi Forumunun plenar iclas\u0131nda \u00e7\u0131x\u0131\u015f\u0131 zaman\u0131 deyib. \u201cAncaq b\u0259zi m\u00fcv\u0259qq\u0259ti t\u0259l\u0259bl\u0259r \u0259sas\u0131nda deyil, \u0130stanbulda raz\u0131la\u015fd\u0131r\u0131lan v\u0259 faktiki olaraq paraflanan s\u0259n\u0259dl\u0259r \u0259sas\u0131nda dan\u0131\u015f\u0131qlardan s\u00f6hb\u0259t gedir. Moskva v\u0259 Kiyev 2022-ci ilin mart\u0131nda \u0130stanbulda m\u00fcnaqi\u015f\u0259nin h\u0259lli&hellip;","_links":{"self":[{"href":"https:\/\/arantv.az\/index.php?rest_route=\/wp\/v2\/posts\/750733"}],"collection":[{"href":"https:\/\/arantv.az\/index.php?rest_route=\/wp\/v2\/posts"}],"about":[{"href":"https:\/\/arantv.az\/index.php?rest_route=\/wp\/v2\/types\/post"}],"author":[{"embeddable":true,"href":"https:\/\/arantv.az\/index.php?rest_route=\/wp\/v2\/users\/2"}],"replies":[{"embeddable":true,"href":"https:\/\/arantv.az\/index.php?rest_route=%2Fwp%2Fv2%2Fcomments&post=750733"}],"version-history":[{"count":1,"href":"https:\/\/arantv.az\/index.php?rest_route=\/wp\/v2\/posts\/750733\/revisions"}],"predecessor-version":[{"id":750735,"href":"https:\/\/arantv.az\/index.php?rest_route=\/wp\/v2\/posts\/750733\/revisions\/750735"}],"wp:featuredmedia":[{"embeddable":true,"href":"https:\/\/arantv.az\/index.php?rest_route=\/wp\/v2\/media\/750734"}],"wp:attachment":[{"href":"https:\/\/arantv.az\/index.php?rest_route=%2Fwp%2Fv2%2Fmedia&parent=750733"}],"wp:term":[{"taxonomy":"category","embeddable":true,"href":"https:\/\/arantv.az\/index.php?rest_route=%2Fwp%2Fv2%2Fcategories&post=750733"},{"taxonomy":"post_tag","embeddable":true,"href":"https:\/\/arantv.az\/index.php?rest_route=%2Fwp%2Fv2%2Ftags&post=750733"}],"curies":[{"name":"wp","href":"https:\/\/api.w.org\/{rel}","templated":true}]}}