{"id":750829,"date":"2024-09-05T19:44:18","date_gmt":"2024-09-05T15:44:18","guid":{"rendered":"https:\/\/arantv.az\/?p=750829"},"modified":"2024-09-05T19:44:18","modified_gmt":"2024-09-05T15:44:18","slug":"italiyanin-bas-naziri-prezident-ilham-%c9%99liyevi-qarsilayib","status":"publish","type":"post","link":"https:\/\/arantv.az\/?p=750829","title":{"rendered":"\u0130taliyan\u0131n Ba\u015f naziri Prezident \u0130lham \u018fliyevi qar\u015f\u0131lay\u0131b"},"content":{"rendered":"<p>Romada Az\u0259rbaycan Prezidenti \u0130lham \u018fliyevin \u0130taliya Respublikas\u0131 Nazirl\u0259r \u015euras\u0131n\u0131n s\u0259dri Ciorcia Meloni il\u0259 g\u00f6r\u00fc\u015f\u00fc ba\u015flay\u0131b.<\/p>\n<p>&#8220;Report&#8221;un Romaya ezam olunmu\u015f \u0259m\u0259kda\u015f\u0131 x\u0259b\u0259r verir ki, Roman\u0131n &#8220;Chigi&#8221; Saray\u0131nda Prezident \u0130lham \u018fliyevin \u015f\u0259r\u0259fin\u0259 f\u0259xri qarovul d\u0259st\u0259si d\u00fcz\u00fclm\u00fc\u015fd\u00fc.<\/p>\n<p>\u0130taliya Nazirl\u0259r \u015euras\u0131n\u0131n s\u0259dri Ciorcia Meloni Az\u0259rbaycan Prezidenti \u0130lham \u018fliyevi qar\u015f\u0131lad\u0131.<\/p>\n<p>Az\u0259rbaycan Prezidenti \u0130lham \u018fliyev v\u0259 \u0130taliya Nazirl\u0259r \u015euras\u0131n\u0131n s\u0259dri Ciorcia Meloni f\u0259xri qarovul d\u0259st\u0259sinin qar\u015f\u0131s\u0131ndan ke\u00e7dil\u0259r.<\/p>\n<p>\u0130taliyan\u0131n n\u00fcmay\u0259nd\u0259 hey\u0259tinin \u00fczvl\u0259ri Az\u0259rbaycan Prezidenti \u0130lham \u018fliyev\u0259, Az\u0259rbaycan n\u00fcmay\u0259nd\u0259 hey\u0259tinin \u00fczvl\u0259ri is\u0259 \u0130taliya Nazirl\u0259r \u015euras\u0131n\u0131n s\u0259drin\u0259 t\u0259qdim olundu.<\/p>\n<p>Sonra d\u00f6vl\u0259t ba\u015f\u00e7\u0131s\u0131 \u0130lham \u018fliyev v\u0259 \u0130taliya Nazirl\u0259r \u015euras\u0131n\u0131n s\u0259dri Ciorcia Meloni birg\u0259 foto \u00e7\u0259kdirdil\u0259r.<\/p>\n","protected":false},"excerpt":{"rendered":"<p>Romada Az\u0259rbaycan Prezidenti \u0130lham \u018fliyevin \u0130taliya Respublikas\u0131 Nazirl\u0259r \u015euras\u0131n\u0131n s\u0259dri Ciorcia Meloni il\u0259 g\u00f6r\u00fc\u015f\u00fc ba\u015flay\u0131b. &#8220;Report&#8221;un Romaya ezam olunmu\u015f \u0259m\u0259kda\u015f\u0131 x\u0259b\u0259r verir ki, Roman\u0131n &#8220;Chigi&#8221; Saray\u0131nda Prezident \u0130lham \u018fliyevin \u015f\u0259r\u0259fin\u0259 f\u0259xri qarovul d\u0259st\u0259si d\u00fcz\u00fclm\u00fc\u015fd\u00fc. \u0130taliya Nazirl\u0259r \u015euras\u0131n\u0131n s\u0259dri Ciorcia Meloni Az\u0259rbaycan Prezidenti \u0130lham \u018fliyevi qar\u015f\u0131lad\u0131. Az\u0259rbaycan Prezidenti \u0130lham \u018fliyev v\u0259 \u0130taliya Nazirl\u0259r \u015euras\u0131n\u0131n s\u0259dri Ciorcia Meloni f\u0259xri qarovul d\u0259st\u0259sinin qar\u015f\u0131s\u0131ndan ke\u00e7dil\u0259r. \u0130taliyan\u0131n n\u00fcmay\u0259nd\u0259 hey\u0259tinin \u00fczvl\u0259ri Az\u0259rbaycan Prezidenti \u0130lham \u018fliyev\u0259, Az\u0259rbaycan n\u00fcmay\u0259nd\u0259 hey\u0259tinin \u00fczvl\u0259ri is\u0259 \u0130taliya Nazirl\u0259r \u015euras\u0131n\u0131n s\u0259drin\u0259 t\u0259qdim olundu. Sonra d\u00f6vl\u0259t ba\u015f\u00e7\u0131s\u0131 \u0130lham \u018fliyev v\u0259 \u0130taliya Nazirl\u0259r \u015euras\u0131n\u0131n s\u0259dri&hellip;<\/p>\n","protected":false},"author":2,"featured_media":750830,"comment_status":"closed","ping_status":"closed","sticky":false,"template":"","format":"standard","meta":{"om_disable_all_campaigns":false,"_monsterinsights_skip_tracking":false,"_monsterinsights_sitenote_active":false,"_monsterinsights_sitenote_note":"","_monsterinsights_sitenote_category":0},"categories":[4],"tags":[],"aioseo_notices":[],"gutentor_comment":0,"rttpg_featured_image_url":{"full":["https:\/\/arantv.az\/wp-content\/uploads\/2024\/09\/a2e0310ed5e1b439ef08cb2e7c0e0491.jpg",850,500,false],"landscape":["https:\/\/arantv.az\/wp-content\/uploads\/2024\/09\/a2e0310ed5e1b439ef08cb2e7c0e0491.jpg",850,500,false],"portraits":["https:\/\/arantv.az\/wp-content\/uploads\/2024\/09\/a2e0310ed5e1b439ef08cb2e7c0e0491.jpg",850,500,false],"thumbnail":["https:\/\/arantv.az\/wp-content\/uploads\/2024\/09\/a2e0310ed5e1b439ef08cb2e7c0e0491-500x280.jpg",500,280,true],"medium":["https:\/\/arantv.az\/wp-content\/uploads\/2024\/09\/a2e0310ed5e1b439ef08cb2e7c0e0491-621x365.jpg",621,365,true],"large":["https:\/\/arantv.az\/wp-content\/uploads\/2024\/09\/a2e0310ed5e1b439ef08cb2e7c0e0491-840x494.jpg",640,376,true],"1536x1536":["https:\/\/arantv.az\/wp-content\/uploads\/2024\/09\/a2e0310ed5e1b439ef08cb2e7c0e0491.jpg",850,500,false],"2048x2048":["https:\/\/arantv.az\/wp-content\/uploads\/2024\/09\/a2e0310ed5e1b439ef08cb2e7c0e0491.jpg",850,500,false],"post-thumbnail":["https:\/\/arantv.az\/wp-content\/uploads\/2024\/09\/a2e0310ed5e1b439ef08cb2e7c0e0491-240x172.jpg",240,172,true],"advps-thumb-one":["https:\/\/arantv.az\/wp-content\/uploads\/2024\/09\/a2e0310ed5e1b439ef08cb2e7c0e0491.jpg",850,500,false]},"rttpg_author":{"display_name":"V\u00fcsal Rafiqo\u011flu","author_link":"https:\/\/arantv.az\/?author=2"},"rttpg_comment":0,"rttpg_category":"<a href=\"https:\/\/arantv.az\/?cat=4\" rel=\"category\">Siyas\u0259t<\/a>","rttpg_excerpt":"Romada Az\u0259rbaycan Prezidenti \u0130lham \u018fliyevin \u0130taliya Respublikas\u0131 Nazirl\u0259r \u015euras\u0131n\u0131n s\u0259dri Ciorcia Meloni il\u0259 g\u00f6r\u00fc\u015f\u00fc ba\u015flay\u0131b. &#8220;Report&#8221;un Romaya ezam olunmu\u015f \u0259m\u0259kda\u015f\u0131 x\u0259b\u0259r verir ki, Roman\u0131n &#8220;Chigi&#8221; Saray\u0131nda Prezident \u0130lham \u018fliyevin \u015f\u0259r\u0259fin\u0259 f\u0259xri qarovul d\u0259st\u0259si d\u00fcz\u00fclm\u00fc\u015fd\u00fc. \u0130taliya Nazirl\u0259r \u015euras\u0131n\u0131n s\u0259dri Ciorcia Meloni Az\u0259rbaycan Prezidenti \u0130lham \u018fliyevi qar\u015f\u0131lad\u0131. Az\u0259rbaycan Prezidenti \u0130lham \u018fliyev v\u0259 \u0130taliya Nazirl\u0259r \u015euras\u0131n\u0131n s\u0259dri Ciorcia&hellip;","_links":{"self":[{"href":"https:\/\/arantv.az\/index.php?rest_route=\/wp\/v2\/posts\/750829"}],"collection":[{"href":"https:\/\/arantv.az\/index.php?rest_route=\/wp\/v2\/posts"}],"about":[{"href":"https:\/\/arantv.az\/index.php?rest_route=\/wp\/v2\/types\/post"}],"author":[{"embeddable":true,"href":"https:\/\/arantv.az\/index.php?rest_route=\/wp\/v2\/users\/2"}],"replies":[{"embeddable":true,"href":"https:\/\/arantv.az\/index.php?rest_route=%2Fwp%2Fv2%2Fcomments&post=750829"}],"version-history":[{"count":1,"href":"https:\/\/arantv.az\/index.php?rest_route=\/wp\/v2\/posts\/750829\/revisions"}],"predecessor-version":[{"id":750831,"href":"https:\/\/arantv.az\/index.php?rest_route=\/wp\/v2\/posts\/750829\/revisions\/750831"}],"wp:featuredmedia":[{"embeddable":true,"href":"https:\/\/arantv.az\/index.php?rest_route=\/wp\/v2\/media\/750830"}],"wp:attachment":[{"href":"https:\/\/arantv.az\/index.php?rest_route=%2Fwp%2Fv2%2Fmedia&parent=750829"}],"wp:term":[{"taxonomy":"category","embeddable":true,"href":"https:\/\/arantv.az\/index.php?rest_route=%2Fwp%2Fv2%2Fcategories&post=750829"},{"taxonomy":"post_tag","embeddable":true,"href":"https:\/\/arantv.az\/index.php?rest_route=%2Fwp%2Fv2%2Ftags&post=750829"}],"curies":[{"name":"wp","href":"https:\/\/api.w.org\/{rel}","templated":true}]}}