{"id":750842,"date":"2024-09-05T21:14:26","date_gmt":"2024-09-05T17:14:26","guid":{"rendered":"https:\/\/arantv.az\/?p=750842"},"modified":"2024-09-05T21:14:26","modified_gmt":"2024-09-05T17:14:26","slug":"quru-s%c9%99rh%c9%99dl%c9%99r-bu-t%c9%99qdird%c9%99-acila-bil%c9%99r-aciqlama","status":"publish","type":"post","link":"https:\/\/arantv.az\/?p=750842","title":{"rendered":"Quru s\u0259rh\u0259dl\u0259r bu t\u0259qdird\u0259 a\u00e7\u0131la bil\u0259r &#8211; A\u00c7IQLAMA"},"content":{"rendered":"<p><strong>Quru s\u0259rh\u0259dl\u0259ri m\u00fcv\u0259qq\u0259ti olaraq a\u00e7\u0131laca\u011f\u0131 il\u0259 ba\u011fl\u0131 m\u0259lumatlar var, do\u011frudur. Amma quru s\u0259rh\u0259dl\u0259rinin h\u0259mi\u015f\u0259lik a\u00e7\u0131lmas\u0131 m\u0259s\u0259l\u0259si is\u0259 bu h\u0259l\u0259 ki, sual alt\u0131ndad\u0131r.<\/strong><\/p>\n<p><strong>ARANTV.AZ <\/strong>\u00a0x\u0259b\u0259r verir ki, bu s\u00f6zl\u0259ri Demokrat.az-a a\u00e7\u0131qlamas\u0131nda t\u0259hl\u00fck\u0259sizlik m\u0259s\u0259l\u0259l\u0259ri \u00fczr\u0259 ekspert R\u0259\u015fad Rza deyib. O bildirib ki, quru s\u0259rh\u0259dl\u0259rin m\u00fcv\u0259qq\u0259ti ba\u011flanmas\u0131nda fayda var:<\/p>\n<p>\u201c\u00c7\u00fcnki regionda m\u00fc\u0259yy\u0259n prosesl\u0259rin getm\u0259si, qon\u015fu d\u00f6vl\u0259tl\u0259rd\u0259 olan agentura \u015f\u0259b\u0259k\u0259sinin Az\u0259rbaycana m\u00fcdaxil\u0259si v\u0259 bir \u00e7ox s\u0259b\u0259bl\u0259r var ki, s\u0259rh\u0259dl\u0259rin n\u0259zar\u0259td\u0259 saxlan\u0131lmas\u0131nda fayda var. Ona g\u00f6r\u0259 d\u0259 d\u00f6vl\u0259t bu t\u0259hl\u00fck\u0259sizlik qaydalar\u0131na \u0259m\u0259l ed\u0259r\u0259k bu c\u00fcr add\u0131mlar at\u0131r. N\u0259 zaman tamam\u0259n a\u00e7\u0131laca\u011f\u0131 is\u0259 COP29 hadis\u0259sind\u0259n sonra ola bil\u0259r. Regionda bir s\u0131ra d\u0259yi\u015fiklikl\u0259r v\u0259 t\u0259hl\u00fck\u0259sizlik qaydalar\u0131n\u0131n maksimuma qald\u0131r\u0131lmas\u0131, \u00f6lk\u0259l\u0259r aras\u0131nda anla\u015fmalar m\u00fcsb\u0259t n\u0259tic\u0259 g\u00f6st\u0259r\u0259rs\u0259, a\u00e7\u0131la bil\u0259r\u201d.<\/p>\n","protected":false},"excerpt":{"rendered":"<p>Quru s\u0259rh\u0259dl\u0259ri m\u00fcv\u0259qq\u0259ti olaraq a\u00e7\u0131laca\u011f\u0131 il\u0259 ba\u011fl\u0131 m\u0259lumatlar var, do\u011frudur. Amma quru s\u0259rh\u0259dl\u0259rinin h\u0259mi\u015f\u0259lik a\u00e7\u0131lmas\u0131 m\u0259s\u0259l\u0259si is\u0259 bu h\u0259l\u0259 ki, sual alt\u0131ndad\u0131r. ARANTV.AZ \u00a0x\u0259b\u0259r verir ki, bu s\u00f6zl\u0259ri Demokrat.az-a a\u00e7\u0131qlamas\u0131nda t\u0259hl\u00fck\u0259sizlik m\u0259s\u0259l\u0259l\u0259ri \u00fczr\u0259 ekspert R\u0259\u015fad Rza deyib. O bildirib ki, quru s\u0259rh\u0259dl\u0259rin m\u00fcv\u0259qq\u0259ti ba\u011flanmas\u0131nda fayda var: \u201c\u00c7\u00fcnki regionda m\u00fc\u0259yy\u0259n prosesl\u0259rin getm\u0259si, qon\u015fu d\u00f6vl\u0259tl\u0259rd\u0259 olan agentura \u015f\u0259b\u0259k\u0259sinin Az\u0259rbaycana m\u00fcdaxil\u0259si v\u0259 bir \u00e7ox s\u0259b\u0259bl\u0259r var ki, s\u0259rh\u0259dl\u0259rin n\u0259zar\u0259td\u0259 saxlan\u0131lmas\u0131nda fayda var. Ona g\u00f6r\u0259 d\u0259 d\u00f6vl\u0259t bu t\u0259hl\u00fck\u0259sizlik qaydalar\u0131na \u0259m\u0259l ed\u0259r\u0259k bu c\u00fcr add\u0131mlar at\u0131r. N\u0259 zaman tamam\u0259n a\u00e7\u0131laca\u011f\u0131 is\u0259 COP29 hadis\u0259sind\u0259n sonra&hellip;<\/p>\n","protected":false},"author":2,"featured_media":750843,"comment_status":"closed","ping_status":"closed","sticky":false,"template":"","format":"standard","meta":{"om_disable_all_campaigns":false,"_monsterinsights_skip_tracking":false,"_monsterinsights_sitenote_active":false,"_monsterinsights_sitenote_note":"","_monsterinsights_sitenote_category":0},"categories":[1],"tags":[],"aioseo_notices":[],"gutentor_comment":0,"rttpg_featured_image_url":{"full":["https:\/\/arantv.az\/wp-content\/uploads\/2024\/09\/a4b798cd56b542e703fe137146c3ce42.jpg",640,336,false],"landscape":["https:\/\/arantv.az\/wp-content\/uploads\/2024\/09\/a4b798cd56b542e703fe137146c3ce42.jpg",640,336,false],"portraits":["https:\/\/arantv.az\/wp-content\/uploads\/2024\/09\/a4b798cd56b542e703fe137146c3ce42.jpg",640,336,false],"thumbnail":["https:\/\/arantv.az\/wp-content\/uploads\/2024\/09\/a4b798cd56b542e703fe137146c3ce42-500x280.jpg",500,280,true],"medium":["https:\/\/arantv.az\/wp-content\/uploads\/2024\/09\/a4b798cd56b542e703fe137146c3ce42.jpg",640,336,false],"large":["https:\/\/arantv.az\/wp-content\/uploads\/2024\/09\/a4b798cd56b542e703fe137146c3ce42.jpg",640,336,false],"1536x1536":["https:\/\/arantv.az\/wp-content\/uploads\/2024\/09\/a4b798cd56b542e703fe137146c3ce42.jpg",640,336,false],"2048x2048":["https:\/\/arantv.az\/wp-content\/uploads\/2024\/09\/a4b798cd56b542e703fe137146c3ce42.jpg",640,336,false],"post-thumbnail":["https:\/\/arantv.az\/wp-content\/uploads\/2024\/09\/a4b798cd56b542e703fe137146c3ce42-240x172.jpg",240,172,true],"advps-thumb-one":["https:\/\/arantv.az\/wp-content\/uploads\/2024\/09\/a4b798cd56b542e703fe137146c3ce42.jpg",640,336,false]},"rttpg_author":{"display_name":"V\u00fcsal Rafiqo\u011flu","author_link":"https:\/\/arantv.az\/?author=2"},"rttpg_comment":0,"rttpg_category":"<a href=\"https:\/\/arantv.az\/?cat=1\" rel=\"category\">C\u0259miyy\u0259t<\/a>","rttpg_excerpt":"Quru s\u0259rh\u0259dl\u0259ri m\u00fcv\u0259qq\u0259ti olaraq a\u00e7\u0131laca\u011f\u0131 il\u0259 ba\u011fl\u0131 m\u0259lumatlar var, do\u011frudur. Amma quru s\u0259rh\u0259dl\u0259rinin h\u0259mi\u015f\u0259lik a\u00e7\u0131lmas\u0131 m\u0259s\u0259l\u0259si is\u0259 bu h\u0259l\u0259 ki, sual alt\u0131ndad\u0131r. ARANTV.AZ \u00a0x\u0259b\u0259r verir ki, bu s\u00f6zl\u0259ri Demokrat.az-a a\u00e7\u0131qlamas\u0131nda t\u0259hl\u00fck\u0259sizlik m\u0259s\u0259l\u0259l\u0259ri \u00fczr\u0259 ekspert R\u0259\u015fad Rza deyib. O bildirib ki, quru s\u0259rh\u0259dl\u0259rin m\u00fcv\u0259qq\u0259ti ba\u011flanmas\u0131nda fayda var: \u201c\u00c7\u00fcnki regionda m\u00fc\u0259yy\u0259n prosesl\u0259rin getm\u0259si, qon\u015fu d\u00f6vl\u0259tl\u0259rd\u0259 olan agentura&hellip;","_links":{"self":[{"href":"https:\/\/arantv.az\/index.php?rest_route=\/wp\/v2\/posts\/750842"}],"collection":[{"href":"https:\/\/arantv.az\/index.php?rest_route=\/wp\/v2\/posts"}],"about":[{"href":"https:\/\/arantv.az\/index.php?rest_route=\/wp\/v2\/types\/post"}],"author":[{"embeddable":true,"href":"https:\/\/arantv.az\/index.php?rest_route=\/wp\/v2\/users\/2"}],"replies":[{"embeddable":true,"href":"https:\/\/arantv.az\/index.php?rest_route=%2Fwp%2Fv2%2Fcomments&post=750842"}],"version-history":[{"count":2,"href":"https:\/\/arantv.az\/index.php?rest_route=\/wp\/v2\/posts\/750842\/revisions"}],"predecessor-version":[{"id":750845,"href":"https:\/\/arantv.az\/index.php?rest_route=\/wp\/v2\/posts\/750842\/revisions\/750845"}],"wp:featuredmedia":[{"embeddable":true,"href":"https:\/\/arantv.az\/index.php?rest_route=\/wp\/v2\/media\/750843"}],"wp:attachment":[{"href":"https:\/\/arantv.az\/index.php?rest_route=%2Fwp%2Fv2%2Fmedia&parent=750842"}],"wp:term":[{"taxonomy":"category","embeddable":true,"href":"https:\/\/arantv.az\/index.php?rest_route=%2Fwp%2Fv2%2Fcategories&post=750842"},{"taxonomy":"post_tag","embeddable":true,"href":"https:\/\/arantv.az\/index.php?rest_route=%2Fwp%2Fv2%2Ftags&post=750842"}],"curies":[{"name":"wp","href":"https:\/\/api.w.org\/{rel}","templated":true}]}}