{"id":751003,"date":"2024-09-06T10:51:17","date_gmt":"2024-09-06T06:51:17","guid":{"rendered":"https:\/\/arantv.az\/?p=751003"},"modified":"2024-09-06T10:51:17","modified_gmt":"2024-09-06T06:51:17","slug":"baki-binokl-diplomatiyasina-qarsi","status":"publish","type":"post","link":"https:\/\/arantv.az\/?p=751003","title":{"rendered":"Bak\u0131 \u201cbinokl diplomatiyas\u0131\u201dna qar\u015f\u0131"},"content":{"rendered":"<p><strong>Avropa \u0130ttifaq\u0131n\u0131n \u201cm\u00fclki m\u00fc\u015fahid\u0259\u201d ad\u0131 il\u0259 regiona g\u00f6nd\u0259rilmi\u015f h\u0259rb\u00e7il\u0259ri Erm\u0259nistan\u0131n t\u0259xribatlar\u0131n\u0131 g\u00f6rm\u0259zd\u0259n g\u0259lir; Br\u00fcsselin anti-Az\u0259rbaycan m\u00f6vqeyin\u0259 Bak\u0131dan s\u0259rt reaksiyalar v\u0259 konkret t\u0259l\u0259bl\u0259r<\/strong><\/p>\n<p><em>Az\u0259rbaycanla s\u0259rh\u0259dd\u0259ki v\u0259ziyy\u0259t\u0259 n\u0259zar\u0259t etm\u0259k \u00fc\u00e7\u00fcn Avropa \u0130ttifaq\u0131n\u0131n (A\u0130) m\u00fclki m\u00fc\u015fahid\u0259 missiyas\u0131n\u0131n Erm\u0259nistan \u0259razisind\u0259 olmas\u0131 \u201cBak\u0131n\u0131n deyil, s\u0131rf Br\u00fcssel v\u0259 \u0130r\u0259van\u0131n i\u015fidir\u201d.<\/em><\/p>\n<p>\u201cYeni M\u00fcsavat\u201d\u0131n m\u0259lumat\u0131na g\u00f6r\u0259, bunu parlamentin xarici \u0259laq\u0259l\u0259r komissiyas\u0131n\u0131n r\u0259hb\u0259ri, Erm\u0259nistan\u0131n ba\u015f naziri Nikol Pa\u015finyan\u0131n \u201cM\u00fclki m\u00fcqavil\u0259\u201d Partiyas\u0131n\u0131n \u00fczv\u00fc Sarqis Xandanyan ke\u00e7irdiyi brifinqd\u0259 deyib. Onun iddias\u0131na g\u00f6r\u0259, \u201cAvropa \u0130ttifaq\u0131 m\u00fc\u015fahid\u0259\u00e7il\u0259rinin Erm\u0259nistanda olmas\u0131 s\u0131rf Erm\u0259nistan Respublikas\u0131 il\u0259 Avropa \u0130ttifaq\u0131 aras\u0131nda m\u00fczakir\u0259 olunan m\u0259s\u0259l\u0259dir. M\u00fc\u015fahid\u0259\u00e7il\u0259r Erm\u0259nistan \u0259razisind\u0259 yerl\u0259\u015fdirilib v\u0259 s\u0259rh\u0259di Erm\u0259nistan t\u0259r\u0259fd\u0259n izl\u0259yirl\u0259r. M\u00fcvafiq olaraq, missiya il\u0259 ba\u011fl\u0131 yaln\u0131z bu t\u0259r\u0259fl\u0259r q\u0259rar verm\u0259lidir\u201d.<\/p>\n<p>Erm\u0259nistan\u0131n xarici i\u015fl\u0259r nazirinin m\u00fcavini Vahan Kostanyan bug\u00fcnl\u0259rd\u0259 Praqada ke\u00e7iril\u0259n \u201cErm\u0259nistan v\u0259 A\u0130\u201d adl\u0131 t\u0259dbird\u0259 m\u00fc\u015fahid\u0259\u00e7i missiyas\u0131n\u0131n regionda t\u0259hl\u00fck\u0259sizlik v\u0259 sabitliyin t\u0259min edilm\u0259sind\u0259 rolunu y\u00fcks\u0259k qiym\u0259tl\u0259ndirib. Avropa \u0130ttifaq\u0131n\u0131n Erm\u0259nistan-Az\u0259rbaycan s\u0259rh\u0259dind\u0259 m\u00fclki monitorinq missiyas\u0131 2022-ci il oktyabr\u0131n 17-d\u0259n f\u0259aliyy\u0259t g\u00f6st\u0259rir. \u0130lkin olaraq Erm\u0259nistan\u0131n Az\u0259rbaycanla s\u0259rh\u0259di boyunca 40 n\u0259f\u0259r m\u00fc\u015fahid\u0259\u00e7i yerl\u0259\u015fdirils\u0259 d\u0259, haz\u0131rda onlar\u0131n say\u0131 209 n\u0259f\u0259r\u0259d\u0259k art\u0131r\u0131l\u0131b. Bel\u0259 ki, Avropa \u0130ttifaq\u0131 2023-c\u00fc ilin dekabr\u0131nda m\u00fc\u015fahid\u0259\u00e7il\u0259rin say\u0131n\u0131n 209 n\u0259f\u0259r\u0259d\u0259k art\u0131r\u0131lmas\u0131 bar\u0259d\u0259 q\u0259rar q\u0259bul edib. Az\u0259rbaycan \u00f6z \u0259razisind\u0259 s\u0259rh\u0259di boyunca missiyan\u0131n yerl\u0259\u015fdirilm\u0259sin\u0259 raz\u0131l\u0131q verm\u0259yib. Az\u0259rbaycan Xarici \u0130\u015fl\u0259r Nazirliyi bir ne\u00e7\u0259 d\u0259f\u0259 b\u0259yanat ver\u0259r\u0259k bildirib ki, s\u00f6z\u00fcged\u0259n missiyan\u0131n regional sabitlik, habel\u0259 Az\u0259rbaycanla Erm\u0259nistan aras\u0131nda etimad quruculu\u011funa t\u00f6hf\u0259 verm\u0259k kimi b\u0259yan edilmi\u015f m\u0259qs\u0259dl\u0259rin\u0259 zidd olaraq, Az\u0259rbaycan \u0259leyhin\u0259 t\u0259bli\u011fat vasit\u0259sin\u0259 \u00e7evrilib. Missiyan\u0131n mahiyy\u0259t etibaril\u0259 m\u00fcxt\u0259lif Avropa r\u0259smil\u0259rinin, habel\u0259 qeyri-r\u0259smi n\u00fcmay\u0259nd\u0259 hey\u0259tl\u0259rinin s\u0259rh\u0259d b\u00f6lg\u0259l\u0259rin\u0259 s\u0259f\u0259rl\u0259rinin t\u0259\u015fkilin\u0259 t\u00f6hf\u0259 ver\u0259n \u201cbinokl diplomatiyas\u0131\u201dn\u0131n agentin\u0259 \u00e7evrildiyi A\u0130 t\u0259r\u0259finin diqq\u0259tin\u0259 \u00e7atd\u0131r\u0131l\u0131b. Erm\u0259nistan r\u0259smil\u0259rinin A\u0130-nin m\u00fc\u015fahid\u0259\u00e7i missiyas\u0131 haqda dedikl\u0259ri d\u0259 bu s\u0259b\u0259bd\u0259n r\u0259smi Bak\u0131n\u0131n m\u00f6vqeyi il\u0259 \u0259vv\u0259ld\u0259n \u00fcst-\u00fcst\u0259 d\u00fc\u015fm\u00fcr. Monitorinq missiyas\u0131 \u0259slind\u0259 Fransan\u0131n regiona ayaq a\u00e7maq v\u0259 \u00f6z h\u0259rbi kontingentini bu \u0259razid\u0259 yerl\u0259\u015fdirm\u0259k f\u00fcrs\u0259ti kimi d\u0259 qiym\u0259tl\u0259ndirilirdi. Ona g\u00f6r\u0259 d\u0259 Az\u0259rbaycan \u00f6z \u0259razisin\u0259 missiyan\u0131n g\u0259lm\u0259sin\u0259 raz\u0131l\u0131q verm\u0259di. Bu, h\u0259min s\u0259n\u0259dd\u0259 v\u0259 Prezident \u0130lham \u018fliyevin \u00e7\u0131x\u0131\u015f\u0131nda da vur\u011fulan\u0131b.<\/p>\n<p><img loading=\"lazy\" src=\"https:\/\/xalqqazeti.az\/uploads\/news\/95714\/1488543_19-06-2024_11-19-50.jpg\" alt=\"Hikm\u0259t Hac\u0131yev: Pa\u015finyan\u0131n Londonda \u0130lham \u018fliyevl\u0259 g\u00f6r\u00fc\u015fd\u0259n imtinas\u0131n\u0131 s\u00fclh  g\u00fcnd\u0259liyind\u0259n geri \u00e7\u0259kilm\u0259k kimi qiym\u0259tl\u0259ndiririk\" width=\"674\" height=\"412\" \/><\/p>\n<p><strong>Hikm\u0259t Hac\u0131yev\u00a0<\/strong><\/p>\n<p><strong>Son olaraq Prezident \u0130lham \u018fliyevin k\u00f6m\u0259k\u00e7isi Hikm\u0259t Hac\u0131yev Amerikan\u0131n \u201cPolitico\u201d n\u0259\u015frin\u0259 m\u00fcsahib\u0259sind\u0259 birm\u0259nal\u0131 olaraq bildirib ki, Az\u0259rbaycan v\u0259 Erm\u0259nistan aras\u0131nda s\u0259rh\u0259dl\u0259rin delimitasiyas\u0131 v\u0259 demarkasiyas\u0131 \u00fczr\u0259 h\u00f6kum\u0259t komissiyalar\u0131n\u0131n birg\u0259 i\u015fi haqq\u0131nda s\u0259n\u0259din imzalanmas\u0131 \u201cAvropa \u0130ttifaq\u0131 missiyas\u0131n\u0131n Erm\u0259nistandan \u00e7\u0131xar\u0131lmas\u0131 \u00fc\u00e7\u00fcn kifay\u0259t q\u0259d\u0259r \u0259sasd\u0131r\u201d. \u00dcmum\u0259n, s\u00f6z\u00fcged\u0259n missiyaya n\u0259inki indi, he\u00e7 vaxt ehtiyac olmay\u0131b. 2022-ci ilin dekabr\u0131ndan ba\u015flayaraq formala\u015fd\u0131r\u0131lmas\u0131na start verilmi\u015f bu t\u0259sisat\u0131n, prinsip etibaril\u0259, t\u0259xribat t\u00f6r\u0259tm\u0259y\u0259 hesabland\u0131\u011f\u0131 m\u0259lum idi. M\u00fc\u015fahid\u0259\u00e7il\u0259rl\u0259 ba\u011fl\u0131 Rusiyan\u0131n xarici i\u015fl\u0259r naziri Sergey Lavrovun \u201cregionda \u0259lav\u0259 q\u0131c\u0131qland\u0131r\u0131c\u0131lar\u201d ifad\u0259si yerin\u0259 d\u00fc\u015f\u00fcrd\u00fc.<\/strong><\/p>\n<p><strong>\u201cAz\u0259rbaycan-Erm\u0259nistan s\u0259rh\u0259dinin delimitasiyas\u0131 v\u0259 demarkasiyas\u0131 zaman\u0131 Erm\u0259nistanda avropal\u0131 m\u00fc\u015fahid\u0259\u00e7il\u0259rin statusunu m\u00fc\u0259yy\u0259nl\u0259\u015fdirm\u0259k v\u0259 Bak\u0131 il\u0259 raz\u0131la\u015fmaq laz\u0131md\u0131r\u201d.<\/strong>\u00a0Bunu is\u0259 Rusiya Beyn\u0259lxalq \u018flaq\u0259l\u0259r \u015euras\u0131n\u0131n elmi direktoru Andrey Kortunov deyib. \u201c\u018fg\u0259r s\u0259rh\u0259din demarkasiyas\u0131 v\u0259 delimitasiyas\u0131na dair ikit\u0259r\u0259fli add\u0131mlar ba\u015flayarsa, ola bilm\u0259z ki, s\u0259rh\u0259din bir t\u0259r\u0259find\u0259 beyn\u0259lxalq vasit\u0259\u00e7il\u0259r olsun, dig\u0259r t\u0259r\u0259find\u0259 is\u0259 yox. Vasit\u0259\u00e7ilik dedikd\u0259, h\u0259r iki t\u0259r\u0259fin raz\u0131l\u0131\u011f\u0131 n\u0259z\u0259rd\u0259 tutulur. Avropa s\u0259rh\u0259d\u00e7il\u0259rinin hans\u0131 funksiyan\u0131 yerin\u0259 yetir\u0259c\u0259yi h\u0259qiq\u0259t\u0259n d\u0259 b\u0259lli deyil. Bu, Az\u0259rbaycanla ikit\u0259r\u0259fli dan\u0131\u015f\u0131qlarda m\u00fczakir\u0259 edilm\u0259li v\u0259 raz\u0131la\u015fd\u0131r\u0131lmal\u0131 olan m\u0259s\u0259l\u0259dir\u201d, &#8211; Kortunov bildirib. Onun s\u00f6zl\u0259rin\u0259 g\u00f6r\u0259, bel\u0259 bir \u015f\u0259raitd\u0259 avropal\u0131 m\u00fc\u015fahid\u0259\u00e7il\u0259rin Erm\u0259nistanda uzun m\u00fcdd\u0259t qalmas\u0131 ehtimal\u0131 azd\u0131r. O qeyd edib ki, A\u0130 respublikan\u0131n t\u0259hl\u00fck\u0259sizliyin\u0259 t\u0259minat ver\u0259 bil\u0259c\u0259k struktur deyil. Ekspert qeyd edib ki, avropal\u0131lar\u0131n \u00f6lk\u0259ni qorumaq \u00fc\u00e7\u00fcn resurslar\u0131 v\u0259 imkanlar\u0131 yoxdur.<\/p>\n<p>Yeri g\u0259lmi\u015fk\u0259n, bu g\u00fcnl\u0259rd\u0259 Az\u0259rbaycan Xarici \u0130\u015fl\u0259r Nazirliyinin (X\u0130N) M\u0259tbuat xidm\u0259ti idar\u0259sinin r\u0259isi Ayxan Hac\u0131zad\u0259 Avropa \u0130ttifaq\u0131n\u0131 (A\u0130) Az\u0259rbaycan\u0131n daxili i\u015fl\u0259rin\u0259 u\u011fursuz m\u00fcdaxil\u0259l\u0259r h\u0259yata ke\u00e7irm\u0259m\u0259y\u0259 \u00e7a\u011f\u0131r\u0131b.<strong>\u00a0\u201cAvropa \u0130ttifaq\u0131n\u0131n Xarici F\u0259aliyy\u0259t Xidm\u0259ti r\u0259smil\u0259rini Az\u0259rbaycan\u0131n daxili i\u015fl\u0259rin\u0259 m\u00fcdaxil\u0259l\u0259rinin u\u011fursuz oldu\u011funu anlama\u011fa v\u0259 b\u0259zi A\u0130 d\u00f6vl\u0259tl\u0259rinin daxili probleml\u0259rin\u0259 diqq\u0259t yetirm\u0259y\u0259 \u00e7a\u011f\u0131r\u0131r\u0131q\u201d,<\/strong>\u00a0&#8211; o qeyd edib. A\u0130 r\u0259smil\u0259rinin A\u015e PA, Avropa Parlamenti, Makron Fransas\u0131 v\u0259 dig\u0259r Q\u0259rb t\u0259sisatlar\u0131n\u0131n, faktiki olaraq anti-Az\u0259rbaycan koalisiyas\u0131 yaratm\u0131\u015f q\u0259r\u0259zli \u00e7evr\u0259l\u0259rin yan\u0131nda yer alaraq \u00f6lk\u0259miz\u0259 qar\u015f\u0131 \u00e7\u0131x\u0131\u015flar etm\u0259si t\u0259bii olaraq Bak\u0131n\u0131n s\u0259rt reaksiyas\u0131na s\u0259b\u0259b olub. A\u0130 missiyas\u0131n\u0131n Erm\u0259nistanda m\u00f6vcud oldu\u011fu d\u00f6vrd\u0259 d\u0259 bu q\u0259r\u0259z, erm\u0259nip\u0259r\u0259st m\u00f6vqe daim hiss olunub. \u00dcst\u0259lik, ilk olaraq 40 n\u0259f\u0259rlik ki\u00e7ik hey\u0259td\u0259n ibar\u0259t olan, lakin sonradan h\u0259m say\u0131 be\u015f d\u0259f\u0259d\u0259n \u00e7ox art\u0131r\u0131lan, m\u00fcdd\u0259ti d\u0259 qayda il\u0259 uzad\u0131lan A\u0130 missiyas\u0131n\u0131n Erm\u0259nistan\u0131n t\u0259xribatlar\u0131n\u0131 g\u00f6rm\u0259zd\u0259n g\u0259lm\u0259si, ba\u015f ver\u0259nl\u0259rl\u0259 ba\u011fl\u0131 he\u00e7 zaman obyektiv r\u0259yini t\u0259qdim etm\u0259m\u0259si suallar do\u011furur. Erm\u0259ni t\u0259xribatlar\u0131 bug\u00fcnl\u0259rd\u0259 d\u0259 davam edir. M\u0259s\u0259l\u0259n, sentyabr\u0131n 4-d\u0259 Erm\u0259nistan ordusu Ordubad istiqam\u0259tind\u0259, 5- sentyabrda is\u0259 K\u0259lb\u0259c\u0259r istiqam\u0259tind\u0259 m\u00f6vqel\u0259rimizi at\u0259\u015f\u0259 tutub. Lakin n\u0259d\u0259ns\u0259 h\u0259r iki halda A\u0130-nin 209 n\u0259f\u0259rlik hey\u0259ti \u201cyuxuda olub\u201d, faktlar\u0131 qeyd\u0259 almay\u0131b. Paralel \u015f\u0259kild\u0259 A\u0130 t\u0259msil\u00e7il\u0259rinin Br\u00fcsseld\u0259n Az\u0259rbaycanla ba\u011fl\u0131 neqativ a\u00e7\u0131qlamalar yaymas\u0131 ger\u00e7\u0259k m\u00fcnasib\u0259ti g\u00f6st\u0259rir. Bel\u0259 oldu\u011fu halda, Bak\u0131n\u0131n tamamil\u0259 haqq\u0131 var ki, A\u0130-nin casus \u015f\u0259b\u0259k\u0259sinin Erm\u0259nistandan \u00e7\u0131xar\u0131lmas\u0131n\u0131 t\u0259l\u0259b etsin.<\/p>\n<p>Diqq\u0259t edin, A\u0130 missiyas\u0131 Erm\u0259nistanla Az\u0259rbaycan aras\u0131nda pozitiv hans\u0131sa add\u0131mlara da s\u0259ssiz qal\u0131r. Hans\u0131 ki, ger\u00e7\u0259kd\u0259n s\u00fclh, stabillik t\u0259r\u0259fdar\u0131 olsayd\u0131lar, m\u0259ntiql\u0259 Bak\u0131 il\u0259 \u0130r\u0259van aras\u0131nda s\u0259rh\u0259din delimitasiyas\u0131 \u00fczr\u0259 komissiyalar haqq\u0131nda \u0259sasnam\u0259nin raz\u0131la\u015fd\u0131r\u0131lmas\u0131n\u0131 alq\u0131\u015flad\u0131qlar\u0131n\u0131 elan ed\u0259rdil\u0259r. Budur, h\u0259tta Erm\u0259nistan h\u00f6kum\u0259ti Bak\u0131 il\u0259 raz\u0131la\u015fd\u0131r\u0131lan \u0259sasnam\u0259ni t\u0259sdiql\u0259yib, amma Avropanun casus missiyas\u0131 susur, \u00e7\u00fcnki m\u0259mnun deyil. Erm\u0259nistan Fransa, Hindistan, AB\u015e, \u0130randan ald\u0131\u011f\u0131 silahlar\u0131 \u015f\u0259rti s\u0259rh\u0259dl\u0259rd\u0259 yerl\u0259\u015fdirir, AB\u015e-\u0131n Q\u0259rbi Z\u0259ng\u0259zurda h\u0259rbi baza qurmas\u0131 plan\u0131na raz\u0131l\u0131q verib, A\u0130 missiyas\u0131 bu faktlar\u0131 da g\u00f6rm\u0259zd\u0259n g\u0259lir. Qeyd ed\u0259k ki, Erm\u0259nistan v\u0259 Az\u0259rbaycan t\u0259r\u0259find\u0259n avqustun 30-da imzalanm\u0131\u015f s\u0259rh\u0259dl\u0259rin delimitasiyas\u0131 komissiyalar\u0131n\u0131n birg\u0259 f\u0259aliyy\u0259ti haqq\u0131nda \u0259sasnam\u0259 yax\u0131n vaxtlarda Erm\u0259nistan Respublikas\u0131n\u0131n Konstitusiya M\u0259hk\u0259m\u0259sinin \u0259sas qanununauy\u011funlu\u011funun yoxlan\u0131lmas\u0131 \u00fc\u00e7\u00fcn \u00f6lk\u0259nin Konstitusiya M\u0259hk\u0259m\u0259sin\u0259 g\u00f6nd\u0259ril\u0259c\u0259k. Birg\u0259 f\u0259aliyy\u0259tl\u0259 ba\u011fl\u0131 \u0259sasnam\u0259nin iyulun 1-d\u0259 raz\u0131la\u015fd\u0131r\u0131lmas\u0131 planla\u015fd\u0131r\u0131lsa da, bu proses 30 avqustda yekunla\u015fd\u0131. He\u00e7 \u015f\u00fcbh\u0259 yoxdur ki, \u0259sasnam\u0259nin raz\u0131la\u015fd\u0131r\u0131lmas\u0131n\u0131n gecikm\u0259si h\u0259m d\u0259 Fransan\u0131n \u0259sas s\u00f6z sahibi oldu\u011fu A\u0130 missiyas\u0131n\u0131n \u0130r\u0259vana t\u0259zyiql\u0259ri n\u0259tic\u0259sind\u0259 ba\u015f verdi. Nec\u0259 olur ki, hans\u0131sa hallarda binokllar\u0131n\u0131 g\u00f6t\u00fcr\u00fcb La\u00e7\u0131n yoluna, yaxud K\u0259lb\u0259c\u0259r t\u0259r\u0259fl\u0259r\u0259 boylanan A\u0130 missiyas\u0131 sadalad\u0131\u011f\u0131m\u0131z dig\u0259r hallarda yoxa \u00e7\u0131x\u0131rlar? B\u0259lli siyas\u0259t var: Az\u0259rbaycanla Erm\u0259nistan aras\u0131nda s\u00fclh\u00fcn \u0259ld\u0259 olunmas\u0131n\u0131 ist\u0259mirl\u0259r. Faktiki olaraq bu missiya Fransa ba\u015fda olmaqla, kollektiv Q\u0259rbin C\u0259nubi Qafqazda k\u0259\u015ffiyyat xarakterli f\u0259aliyy\u0259tinin bir hiss\u0259sidir. B\u0259s Bak\u0131, el\u0259c\u0259 d\u0259 Rusiya bu missiyan\u0131n arzuolunmaz v\u0259 regionda g\u0259rginliyi t\u0259tikl\u0259y\u0259n f\u0259aliyy\u0259tin\u0259 son qoymasa, hadis\u0259l\u0259rin gedi\u015fi nec\u0259 olacaq?<\/p>\n<p><img src=\"https:\/\/xalqqazeti.az\/uploads\/news\/61006\/30.png\" alt=\"Qafar \u00c7axmaql\u0131: \u201cYurd h\u0259sr\u0259ti il\u0259 ya\u015fayan insanlar 7 fevral se\u00e7kisin\u0259  taley\u00fckl\u00fc hadis\u0259 kimi bax\u0131rlar\u201d\" \/><\/p>\n<p><strong>\u00a0Qafar \u00c7axmaql\u0131\u00a0<\/strong><\/p>\n<p><strong>Erm\u0259ni\u015f\u00fcnas alim, T\u00fcrkiy\u0259nin Erciyes Universitetinin professoru Qafar \u00c7axmaql\u0131 \u201cYeni M\u00fcsavat\u201da a\u00e7\u0131qlamas\u0131nda bildirdi ki, Avropa \u0130ttifaq\u0131n\u0131n 209 n\u0259f\u0259rlik m\u00fc\u015fahid\u0259\u00e7ilik missiyas\u0131n\u0131n Erm\u0259nistanla Az\u0259rbaycan s\u0259rh\u0259dind\u0259 yerl\u0259\u015fdirilm\u0259si Az\u0259rbaycan\u0131n raz\u0131l\u0131\u011f\u0131 il\u0259 olmay\u0131b:<\/strong>\u00a0\u201cBu, o dem\u0259kdir ki, h\u0259min missiyan\u0131n A\u0130-y\u0259 g\u00f6nd\u0259rdiyi m\u0259lumatlar da legitim say\u0131lm\u0131r. \u00c7\u00fcnki m\u00fc\u015fahid\u0259 iki \u00f6lk\u0259 s\u0259rh\u0259dl\u0259rini \u0259hat\u0259 etm\u0259lidir. H\u0259r iki \u00f6lk\u0259nin buna yana\u015fmas\u0131 il\u0259 olmal\u0131d\u0131r. X\u00fcsus\u0259n Fransadan olan bu m\u00fc\u015fahid\u0259\u00e7il\u0259r \u0259sas\u0259n k\u0259\u015ffiyyat m\u0259lumatlar\u0131 toplayan agentl\u0259r funksiyas\u0131n\u0131 yerin\u0259 yetirirl\u0259r. Az\u0259rbaycan haql\u0131 olaraq buna etiraz edib v\u0259 indiki halda, y\u0259ni ikit\u0259r\u0259fli demarkasiya v\u0259 delimitasiya i\u015fl\u0259ri il\u0259 ba\u011fl\u0131 komissiyan\u0131n i\u015fin\u0259 mane\u0259dir. T\u0259xribat t\u00f6r\u0259d\u0259c\u0259kl\u0259ri ehtimal\u0131 da Erm\u0259nistan\u0131n \u00f6z\u00fcnd\u0259 dil\u0259 g\u0259tirilir\u201d. Q.\u00c7axmaql\u0131 \u0259mindir ki, A\u0130 missiyas\u0131n\u0131n s\u00fclh\u00fcn \u0259ld\u0259 edilm\u0259sin\u0259 he\u00e7 bir t\u00f6hf\u0259si yoxdur: \u201cOnlar\u0131n statusunu m\u00fc\u0259yy\u0259nl\u0259\u015fdirm\u0259k m\u00fcmk\u00fcn deyil, onlar\u0131n missiyas\u0131 da vasit\u0259\u00e7ilik deyil. Erm\u0259nistanla Az\u0259rbaycan aras\u0131nda dan\u0131\u015f\u0131qlar ikit\u0259r\u0259fli formatda apar\u0131l\u0131r. Bu s\u0259b\u0259bd\u0259n d\u0259 Erm\u0259nistan onlar\u0131n qar\u015f\u0131s\u0131nda b\u00f6lg\u0259ni t\u0259rk etm\u0259k t\u0259klifi il\u0259 \u00e7\u0131x\u0131\u015f etm\u0259lidir\u201d.<\/p>\n<p>\u00dcmumil\u0259\u015fdirs\u0259k, dem\u0259li, Erm\u0259nistan Bak\u0131n\u0131n daha bir \u015f\u0259rtini icra etm\u0259li olacaq. Bundan \u0259vv\u0259l s\u00fclh\u00fcn imzalanmas\u0131 \u00fc\u00e7\u00fcn Az\u0259rbaycana, o c\u00fcml\u0259d\u0259n T\u00fcrkiy\u0259y\u0259 qar\u015f\u0131 \u0259razi iddialar\u0131n\u0131n \u0259ksini tapd\u0131\u011f\u0131 Erm\u0259nistan Konstitusiyas\u0131n\u0131n d\u0259yi\u015fdirilm\u0259si v\u0259 AT\u018fT-in Minsk Qrupunun l\u0259\u011fv olunmas\u0131 bar\u0259d\u0259 r\u0259smi m\u00f6vqenin ortaya qoyulmas\u0131 t\u0259l\u0259bi var idis\u0259, m\u00f6vcud situasiya \u0130r\u0259van\u0131n A\u0130 missiyas\u0131n\u0131 da \u00f6lk\u0259 \u0259razisind\u0259n \u00e7\u0131xar\u0131lmas\u0131 t\u0259l\u0259bini icra etm\u0259si z\u0259ruridir. Ger\u00e7\u0259klik bundan ibar\u0259tdir ki, A\u0130 missiyas\u0131 g\u0259rginliyi t\u0259tikl\u0259m\u0259k \u00fc\u00e7\u00fcn b\u00f6lg\u0259y\u0259 soxulub v\u0259 onlar burada qald\u0131qca erm\u0259ni revan\u015fistl\u0259r kirim\u0259y\u0259c\u0259kl\u0259r. Casus \u015f\u0259b\u0259k\u0259si \u00fcmumilikd\u0259 b\u00f6lg\u0259d\u0259 t\u0259hl\u00fck\u0259sizliyi t\u0259hdid ed\u0259n, t\u0259kc\u0259 Az\u0259rbaycana qar\u015f\u0131 deyil, T\u00fcrkiy\u0259, \u0130ran v\u0259 Rusiyaya qar\u015f\u0131 planlarda yer al\u0131r ki, bu da ba\u015fqa m\u00f6vzudur&#8230;<\/p>\n<p><strong>E.PA\u015eASOY,<\/strong><br \/>\n<strong>\u201cYeni M\u00fcsavat\u201d<\/strong><\/p>\n<p>&nbsp;<\/p>\n","protected":false},"excerpt":{"rendered":"<p>Avropa \u0130ttifaq\u0131n\u0131n \u201cm\u00fclki m\u00fc\u015fahid\u0259\u201d ad\u0131 il\u0259 regiona g\u00f6nd\u0259rilmi\u015f h\u0259rb\u00e7il\u0259ri Erm\u0259nistan\u0131n t\u0259xribatlar\u0131n\u0131 g\u00f6rm\u0259zd\u0259n g\u0259lir; Br\u00fcsselin anti-Az\u0259rbaycan m\u00f6vqeyin\u0259 Bak\u0131dan s\u0259rt reaksiyalar v\u0259 konkret t\u0259l\u0259bl\u0259r Az\u0259rbaycanla s\u0259rh\u0259dd\u0259ki v\u0259ziyy\u0259t\u0259 n\u0259zar\u0259t etm\u0259k \u00fc\u00e7\u00fcn Avropa \u0130ttifaq\u0131n\u0131n (A\u0130) m\u00fclki m\u00fc\u015fahid\u0259 missiyas\u0131n\u0131n Erm\u0259nistan \u0259razisind\u0259 olmas\u0131 \u201cBak\u0131n\u0131n deyil, s\u0131rf Br\u00fcssel v\u0259 \u0130r\u0259van\u0131n i\u015fidir\u201d. \u201cYeni M\u00fcsavat\u201d\u0131n m\u0259lumat\u0131na g\u00f6r\u0259, bunu parlamentin xarici \u0259laq\u0259l\u0259r komissiyas\u0131n\u0131n r\u0259hb\u0259ri, Erm\u0259nistan\u0131n ba\u015f naziri Nikol Pa\u015finyan\u0131n \u201cM\u00fclki m\u00fcqavil\u0259\u201d Partiyas\u0131n\u0131n \u00fczv\u00fc Sarqis Xandanyan ke\u00e7irdiyi brifinqd\u0259 deyib. Onun iddias\u0131na g\u00f6r\u0259, \u201cAvropa \u0130ttifaq\u0131 m\u00fc\u015fahid\u0259\u00e7il\u0259rinin Erm\u0259nistanda olmas\u0131 s\u0131rf Erm\u0259nistan Respublikas\u0131 il\u0259 Avropa \u0130ttifaq\u0131 aras\u0131nda m\u00fczakir\u0259 olunan m\u0259s\u0259l\u0259dir. M\u00fc\u015fahid\u0259\u00e7il\u0259r Erm\u0259nistan \u0259razisind\u0259 yerl\u0259\u015fdirilib&hellip;<\/p>\n","protected":false},"author":2,"featured_media":751004,"comment_status":"closed","ping_status":"closed","sticky":false,"template":"","format":"standard","meta":{"om_disable_all_campaigns":false,"_monsterinsights_skip_tracking":false,"_monsterinsights_sitenote_active":false,"_monsterinsights_sitenote_note":"","_monsterinsights_sitenote_category":0},"categories":[4],"tags":[],"aioseo_notices":[],"gutentor_comment":0,"rttpg_featured_image_url":{"full":["https:\/\/arantv.az\/wp-content\/uploads\/2024\/09\/304e9989fb9a488d4a1d7e7f0e721131.jpg",640,360,false],"landscape":["https:\/\/arantv.az\/wp-content\/uploads\/2024\/09\/304e9989fb9a488d4a1d7e7f0e721131.jpg",640,360,false],"portraits":["https:\/\/arantv.az\/wp-content\/uploads\/2024\/09\/304e9989fb9a488d4a1d7e7f0e721131.jpg",640,360,false],"thumbnail":["https:\/\/arantv.az\/wp-content\/uploads\/2024\/09\/304e9989fb9a488d4a1d7e7f0e721131-500x280.jpg",500,280,true],"medium":["https:\/\/arantv.az\/wp-content\/uploads\/2024\/09\/304e9989fb9a488d4a1d7e7f0e721131.jpg",640,360,false],"large":["https:\/\/arantv.az\/wp-content\/uploads\/2024\/09\/304e9989fb9a488d4a1d7e7f0e721131.jpg",640,360,false],"1536x1536":["https:\/\/arantv.az\/wp-content\/uploads\/2024\/09\/304e9989fb9a488d4a1d7e7f0e721131.jpg",640,360,false],"2048x2048":["https:\/\/arantv.az\/wp-content\/uploads\/2024\/09\/304e9989fb9a488d4a1d7e7f0e721131.jpg",640,360,false],"post-thumbnail":["https:\/\/arantv.az\/wp-content\/uploads\/2024\/09\/304e9989fb9a488d4a1d7e7f0e721131-240x172.jpg",240,172,true],"advps-thumb-one":["https:\/\/arantv.az\/wp-content\/uploads\/2024\/09\/304e9989fb9a488d4a1d7e7f0e721131.jpg",640,360,false]},"rttpg_author":{"display_name":"V\u00fcsal Rafiqo\u011flu","author_link":"https:\/\/arantv.az\/?author=2"},"rttpg_comment":0,"rttpg_category":"<a href=\"https:\/\/arantv.az\/?cat=4\" rel=\"category\">Siyas\u0259t<\/a>","rttpg_excerpt":"Avropa \u0130ttifaq\u0131n\u0131n \u201cm\u00fclki m\u00fc\u015fahid\u0259\u201d ad\u0131 il\u0259 regiona g\u00f6nd\u0259rilmi\u015f h\u0259rb\u00e7il\u0259ri Erm\u0259nistan\u0131n t\u0259xribatlar\u0131n\u0131 g\u00f6rm\u0259zd\u0259n g\u0259lir; Br\u00fcsselin anti-Az\u0259rbaycan m\u00f6vqeyin\u0259 Bak\u0131dan s\u0259rt reaksiyalar v\u0259 konkret t\u0259l\u0259bl\u0259r Az\u0259rbaycanla s\u0259rh\u0259dd\u0259ki v\u0259ziyy\u0259t\u0259 n\u0259zar\u0259t etm\u0259k \u00fc\u00e7\u00fcn Avropa \u0130ttifaq\u0131n\u0131n (A\u0130) m\u00fclki m\u00fc\u015fahid\u0259 missiyas\u0131n\u0131n Erm\u0259nistan \u0259razisind\u0259 olmas\u0131 \u201cBak\u0131n\u0131n deyil, s\u0131rf Br\u00fcssel v\u0259 \u0130r\u0259van\u0131n i\u015fidir\u201d. \u201cYeni M\u00fcsavat\u201d\u0131n m\u0259lumat\u0131na g\u00f6r\u0259, bunu parlamentin xarici \u0259laq\u0259l\u0259r komissiyas\u0131n\u0131n r\u0259hb\u0259ri, Erm\u0259nistan\u0131n&hellip;","_links":{"self":[{"href":"https:\/\/arantv.az\/index.php?rest_route=\/wp\/v2\/posts\/751003"}],"collection":[{"href":"https:\/\/arantv.az\/index.php?rest_route=\/wp\/v2\/posts"}],"about":[{"href":"https:\/\/arantv.az\/index.php?rest_route=\/wp\/v2\/types\/post"}],"author":[{"embeddable":true,"href":"https:\/\/arantv.az\/index.php?rest_route=\/wp\/v2\/users\/2"}],"replies":[{"embeddable":true,"href":"https:\/\/arantv.az\/index.php?rest_route=%2Fwp%2Fv2%2Fcomments&post=751003"}],"version-history":[{"count":1,"href":"https:\/\/arantv.az\/index.php?rest_route=\/wp\/v2\/posts\/751003\/revisions"}],"predecessor-version":[{"id":751005,"href":"https:\/\/arantv.az\/index.php?rest_route=\/wp\/v2\/posts\/751003\/revisions\/751005"}],"wp:featuredmedia":[{"embeddable":true,"href":"https:\/\/arantv.az\/index.php?rest_route=\/wp\/v2\/media\/751004"}],"wp:attachment":[{"href":"https:\/\/arantv.az\/index.php?rest_route=%2Fwp%2Fv2%2Fmedia&parent=751003"}],"wp:term":[{"taxonomy":"category","embeddable":true,"href":"https:\/\/arantv.az\/index.php?rest_route=%2Fwp%2Fv2%2Fcategories&post=751003"},{"taxonomy":"post_tag","embeddable":true,"href":"https:\/\/arantv.az\/index.php?rest_route=%2Fwp%2Fv2%2Ftags&post=751003"}],"curies":[{"name":"wp","href":"https:\/\/api.w.org\/{rel}","templated":true}]}}