{"id":751024,"date":"2024-09-06T11:44:41","date_gmt":"2024-09-06T07:44:41","guid":{"rendered":"https:\/\/arantv.az\/?p=751024"},"modified":"2024-09-06T11:44:41","modified_gmt":"2024-09-06T07:44:41","slug":"italiyada-50-ci-yubiley-cernobbio-forumu-kecirilir-prezident-ilham-%c9%99liyev-t%c9%99dbird%c9%99-istirak-edir","status":"publish","type":"post","link":"https:\/\/arantv.az\/?p=751024","title":{"rendered":"\u0130taliyada 50-ci yubiley \u00c7ernobbio Forumu ke\u00e7irilir, Prezident \u0130lham \u018fliyev t\u0259dbird\u0259 i\u015ftirak edir"},"content":{"rendered":"<p><strong>\u0130taliyan\u0131n \u201cThe European House &#8211; Ambrosetti\u201d beyin m\u0259rk\u0259zi t\u0259r\u0259find\u0259n t\u0259\u015fkil olunan \u201cR\u0259qab\u0259tli strategiyalar \u00fc\u00e7\u00fcn bu g\u00fcn\u00fcn v\u0259 sabah\u0131n ssenarisi\u201d m\u00f6vzusunda 50-ci yubiley Beyn\u0259lxalq \u00c7ernobbio Forumu (TEHA Forumu) i\u015f\u0259 ba\u015flay\u0131b.<\/strong><\/p>\n<p>Komo g\u00f6l\u00fcn\u00fcn sahilind\u0259ki Villa d&#8217;Ested\u0259 sentyabr\u0131n 6-dan 8-d\u0259k ke\u00e7iril\u0259c\u0259k \u0259n\u0259n\u0259vi forumda Az\u0259rbaycan Prezidenti \u0130lham \u018fliyev, \u0130taliya Nazirl\u0259r \u015euras\u0131n\u0131n S\u0259dri Ciorcia Meloni, Ukrayna Prezidenti Volodimir Zelenski, Macar\u0131stan\u0131n Ba\u015f naziri Viktor Orban v\u0259 \u0130ordaniya Krali\u00e7as\u0131 Raniy\u0259 \u0259l-Abdullah\u0131n i\u015ftirak\u0131 g\u00f6zl\u0259nilir. \u0130taliya Prezidenti Sercio Mattarella beyn\u0259lxalq t\u0259dbir i\u015ftirak\u00e7\u0131lar\u0131na videom\u00fcraci\u0259t \u00fcnvanlay\u0131b.<\/p>\n<p>Forumda 6 \u00f6lk\u0259nin d\u00f6vl\u0259t v\u0259 h\u00f6kum\u0259t ba\u015f\u00e7\u0131lar\u0131, \u0130taliyan\u0131n 13 yerli icraedici orqan\u0131n\u0131n r\u0259hb\u0259ri v\u0259 11 nazir, \u00fcmumilikd\u0259 is\u0259 27 \u00f6lk\u0259d\u0259n siyasi, akademik, institusional v\u0259 biznes sah\u0259sind\u0259 m\u0259ruz\u0259\u00e7il\u0259r v\u0259 qonaqlar i\u015ftirak ed\u0259c\u0259kl\u0259r. H\u0259r il 300 m\u0259ruz\u0259\u00e7inin i\u015ftirak etdiyi, 400-d\u0259k jurnalistin i\u015f\u0131qland\u0131rd\u0131\u011f\u0131 t\u0259dbirin ba\u015f tutmas\u0131 \u00fc\u00e7\u00fcn 1300-d\u0259n \u00e7ox insan \u00e7al\u0131\u015f\u0131r. Forum \u0130taliya \u00fc\u00e7\u00fcn t\u0259xmin\u0259n 4 milyon avro sosial-iqtisadi t\u0259sir\u0259 malikdir v\u0259 \u00dcDM-\u0259 2 milyon avro t\u00f6hf\u0259 verir.<\/p>\n<p>1975-ci ild\u0259n b\u0259ri h\u0259r il sentyabr ay\u0131nda t\u0259\u015fkil olunan v\u0259 \u00c7ernobbio Forumu kimi tan\u0131nan beyn\u0259lxalq t\u0259dbird\u0259 d\u00fcnya iqtisadiyyat\u0131 v\u0259 c\u0259miyy\u0259tl\u0259r qar\u015f\u0131s\u0131nda duran cari m\u0259s\u0259l\u0259l\u0259r, probleml\u0259r m\u00fczakir\u0259y\u0259 \u00e7\u0131xar\u0131l\u0131r. T\u0259dbirin birinci g\u00fcn\u00fc ad\u0259t\u0259n iqtisadi, geosiyasi, elmi v\u0259 texnoloji sah\u0259d\u0259 qlobal probleml\u0259r\u0259 h\u0259sr olunur. \u0130kinci g\u00fcn \u0259sas diqq\u0259t Avropaya y\u00f6n\u0259ldilir v\u0259 Avropa \u0130ttifaq\u0131 il\u0259 ba\u011fl\u0131 \u0259n aktual m\u0259s\u0259l\u0259l\u0259r m\u00fczakir\u0259 edilir. \u00dc\u00e7\u00fcnc\u00fc g\u00fcn is\u0259 h\u00f6kum\u0259t n\u00fcmay\u0259nd\u0259l\u0259rinin, r\u0259smil\u0259rin, biznes v\u0259 maliyy\u0259 sah\u0259sinin m\u00fch\u00fcm \u015f\u0259xsl\u0259rinin i\u015ftirak\u0131 il\u0259 \u0130taliyaya h\u0259sr olunur.<\/p>\n<p>Builki forum \u00e7\u0259r\u00e7iv\u0259sind\u0259 h\u0259m\u00e7inin Villa d&#8217;Ested\u0259 \u201cD\u00fcnyaya 50 illik bax\u0131\u015f\u201d adl\u0131 fotos\u0259rgi a\u00e7\u0131l\u0131b.\/Report<\/p>\n","protected":false},"excerpt":{"rendered":"<p>\u0130taliyan\u0131n \u201cThe European House &#8211; Ambrosetti\u201d beyin m\u0259rk\u0259zi t\u0259r\u0259find\u0259n t\u0259\u015fkil olunan \u201cR\u0259qab\u0259tli strategiyalar \u00fc\u00e7\u00fcn bu g\u00fcn\u00fcn v\u0259 sabah\u0131n ssenarisi\u201d m\u00f6vzusunda 50-ci yubiley Beyn\u0259lxalq \u00c7ernobbio Forumu (TEHA Forumu) i\u015f\u0259 ba\u015flay\u0131b. Komo g\u00f6l\u00fcn\u00fcn sahilind\u0259ki Villa d&#8217;Ested\u0259 sentyabr\u0131n 6-dan 8-d\u0259k ke\u00e7iril\u0259c\u0259k \u0259n\u0259n\u0259vi forumda Az\u0259rbaycan Prezidenti \u0130lham \u018fliyev, \u0130taliya Nazirl\u0259r \u015euras\u0131n\u0131n S\u0259dri Ciorcia Meloni, Ukrayna Prezidenti Volodimir Zelenski, Macar\u0131stan\u0131n Ba\u015f naziri Viktor Orban v\u0259 \u0130ordaniya Krali\u00e7as\u0131 Raniy\u0259 \u0259l-Abdullah\u0131n i\u015ftirak\u0131 g\u00f6zl\u0259nilir. \u0130taliya Prezidenti Sercio Mattarella beyn\u0259lxalq t\u0259dbir i\u015ftirak\u00e7\u0131lar\u0131na videom\u00fcraci\u0259t \u00fcnvanlay\u0131b. Forumda 6 \u00f6lk\u0259nin d\u00f6vl\u0259t v\u0259 h\u00f6kum\u0259t ba\u015f\u00e7\u0131lar\u0131, \u0130taliyan\u0131n 13 yerli icraedici orqan\u0131n\u0131n r\u0259hb\u0259ri v\u0259 11&hellip;<\/p>\n","protected":false},"author":2,"featured_media":751025,"comment_status":"closed","ping_status":"closed","sticky":false,"template":"","format":"standard","meta":{"om_disable_all_campaigns":false,"_monsterinsights_skip_tracking":false,"_monsterinsights_sitenote_active":false,"_monsterinsights_sitenote_note":"","_monsterinsights_sitenote_category":0},"categories":[4],"tags":[],"aioseo_notices":[],"gutentor_comment":0,"rttpg_featured_image_url":{"full":["https:\/\/arantv.az\/wp-content\/uploads\/2024\/09\/9d93514bc13c06ebc865f130e55d9fd5.jpg",850,500,false],"landscape":["https:\/\/arantv.az\/wp-content\/uploads\/2024\/09\/9d93514bc13c06ebc865f130e55d9fd5.jpg",850,500,false],"portraits":["https:\/\/arantv.az\/wp-content\/uploads\/2024\/09\/9d93514bc13c06ebc865f130e55d9fd5.jpg",850,500,false],"thumbnail":["https:\/\/arantv.az\/wp-content\/uploads\/2024\/09\/9d93514bc13c06ebc865f130e55d9fd5-500x280.jpg",500,280,true],"medium":["https:\/\/arantv.az\/wp-content\/uploads\/2024\/09\/9d93514bc13c06ebc865f130e55d9fd5-621x365.jpg",621,365,true],"large":["https:\/\/arantv.az\/wp-content\/uploads\/2024\/09\/9d93514bc13c06ebc865f130e55d9fd5-840x494.jpg",640,376,true],"1536x1536":["https:\/\/arantv.az\/wp-content\/uploads\/2024\/09\/9d93514bc13c06ebc865f130e55d9fd5.jpg",850,500,false],"2048x2048":["https:\/\/arantv.az\/wp-content\/uploads\/2024\/09\/9d93514bc13c06ebc865f130e55d9fd5.jpg",850,500,false],"post-thumbnail":["https:\/\/arantv.az\/wp-content\/uploads\/2024\/09\/9d93514bc13c06ebc865f130e55d9fd5-240x172.jpg",240,172,true],"advps-thumb-one":["https:\/\/arantv.az\/wp-content\/uploads\/2024\/09\/9d93514bc13c06ebc865f130e55d9fd5.jpg",850,500,false]},"rttpg_author":{"display_name":"V\u00fcsal Rafiqo\u011flu","author_link":"https:\/\/arantv.az\/?author=2"},"rttpg_comment":0,"rttpg_category":"<a href=\"https:\/\/arantv.az\/?cat=4\" rel=\"category\">Siyas\u0259t<\/a>","rttpg_excerpt":"\u0130taliyan\u0131n \u201cThe European House &#8211; Ambrosetti\u201d beyin m\u0259rk\u0259zi t\u0259r\u0259find\u0259n t\u0259\u015fkil olunan \u201cR\u0259qab\u0259tli strategiyalar \u00fc\u00e7\u00fcn bu g\u00fcn\u00fcn v\u0259 sabah\u0131n ssenarisi\u201d m\u00f6vzusunda 50-ci yubiley Beyn\u0259lxalq \u00c7ernobbio Forumu (TEHA Forumu) i\u015f\u0259 ba\u015flay\u0131b. Komo g\u00f6l\u00fcn\u00fcn sahilind\u0259ki Villa d&#8217;Ested\u0259 sentyabr\u0131n 6-dan 8-d\u0259k ke\u00e7iril\u0259c\u0259k \u0259n\u0259n\u0259vi forumda Az\u0259rbaycan Prezidenti \u0130lham \u018fliyev, \u0130taliya Nazirl\u0259r \u015euras\u0131n\u0131n S\u0259dri Ciorcia Meloni, Ukrayna Prezidenti Volodimir Zelenski, Macar\u0131stan\u0131n&hellip;","_links":{"self":[{"href":"https:\/\/arantv.az\/index.php?rest_route=\/wp\/v2\/posts\/751024"}],"collection":[{"href":"https:\/\/arantv.az\/index.php?rest_route=\/wp\/v2\/posts"}],"about":[{"href":"https:\/\/arantv.az\/index.php?rest_route=\/wp\/v2\/types\/post"}],"author":[{"embeddable":true,"href":"https:\/\/arantv.az\/index.php?rest_route=\/wp\/v2\/users\/2"}],"replies":[{"embeddable":true,"href":"https:\/\/arantv.az\/index.php?rest_route=%2Fwp%2Fv2%2Fcomments&post=751024"}],"version-history":[{"count":1,"href":"https:\/\/arantv.az\/index.php?rest_route=\/wp\/v2\/posts\/751024\/revisions"}],"predecessor-version":[{"id":751026,"href":"https:\/\/arantv.az\/index.php?rest_route=\/wp\/v2\/posts\/751024\/revisions\/751026"}],"wp:featuredmedia":[{"embeddable":true,"href":"https:\/\/arantv.az\/index.php?rest_route=\/wp\/v2\/media\/751025"}],"wp:attachment":[{"href":"https:\/\/arantv.az\/index.php?rest_route=%2Fwp%2Fv2%2Fmedia&parent=751024"}],"wp:term":[{"taxonomy":"category","embeddable":true,"href":"https:\/\/arantv.az\/index.php?rest_route=%2Fwp%2Fv2%2Fcategories&post=751024"},{"taxonomy":"post_tag","embeddable":true,"href":"https:\/\/arantv.az\/index.php?rest_route=%2Fwp%2Fv2%2Ftags&post=751024"}],"curies":[{"name":"wp","href":"https:\/\/api.w.org\/{rel}","templated":true}]}}