{"id":751028,"date":"2024-09-06T11:53:05","date_gmt":"2024-09-06T07:53:05","guid":{"rendered":"https:\/\/arantv.az\/?p=751028"},"modified":"2024-09-06T11:53:05","modified_gmt":"2024-09-06T07:53:05","slug":"ilham-%c9%99liyev-az%c9%99rbaycan-v%c9%99-italiya-uzun-ill%c9%99rdir-strateji-t%c9%99r%c9%99fdas-olaraq-f%c9%99aliyy%c9%99t-gost%c9%99rir","status":"publish","type":"post","link":"https:\/\/arantv.az\/?p=751028","title":{"rendered":"\u0130lham \u018fliyev: Az\u0259rbaycan v\u0259 \u0130taliya uzun ill\u0259rdir strateji t\u0259r\u0259fda\u015f olaraq f\u0259aliyy\u0259t g\u00f6st\u0259rir"},"content":{"rendered":"<p>Uzun ill\u0259rdir ki, Az\u0259rbaycan v\u0259 \u0130taliya strateji t\u0259r\u0259fda\u015f olaraq f\u0259aliyy\u0259t g\u00f6st\u0259rir v\u0259 m\u00fcvafiq b\u0259yannam\u0259 10 il bundan qabaq q\u0259bul edilmi\u015fdir. Bizim \u0259laq\u0259l\u0259rimiz b\u00fct\u00fcn sah\u0259l\u0259ri \u0259hat\u0259 edir, m\u00fcnt\u0259z\u0259m siyasi t\u0259maslar\u0131m\u0131z var.<\/p>\n<p><strong>ARANTV.AZ<\/strong> x\u0259b\u0259r verir ki, bu s\u00f6zl\u0259ri Prezident \u0130lham \u018fliyev Beyn\u0259lxalq \u00c7ernobbio Forumunda \u201cYeni geosiyasi \u015f\u0259raitd\u0259 Az\u0259rbaycan\u0131n rolu\u201d adl\u0131 sessiyada \u00e7\u0131x\u0131\u015f\u0131 zaman\u0131 s\u00f6yl\u0259yib.<\/p>\n<p>Bu s\u0259f\u0259rin 2020-ci ild\u0259n b\u0259ri onun \u0130taliyaya \u00fc\u00e7\u00fcnc\u00fc s\u0259f\u0259ri oldu\u011funu v\u0259 2018-ci ild\u0259 Prezident Mattarellan\u0131n Az\u0259rbaycanda s\u0259f\u0259rini xat\u0131rladan d\u00f6vl\u0259t ba\u015f\u00e7\u0131s\u0131 qeyd edib: \u201cBizim y\u00fcks\u0259k s\u0259viyy\u0259li t\u0259maslar\u0131m\u0131z onu n\u00fcmayi\u015f etdirir ki, biz \u00e7ox yax\u0131n t\u0259r\u0259fda\u015flar\u0131q\u201d.<\/p>\n","protected":false},"excerpt":{"rendered":"<p>Uzun ill\u0259rdir ki, Az\u0259rbaycan v\u0259 \u0130taliya strateji t\u0259r\u0259fda\u015f olaraq f\u0259aliyy\u0259t g\u00f6st\u0259rir v\u0259 m\u00fcvafiq b\u0259yannam\u0259 10 il bundan qabaq q\u0259bul edilmi\u015fdir. Bizim \u0259laq\u0259l\u0259rimiz b\u00fct\u00fcn sah\u0259l\u0259ri \u0259hat\u0259 edir, m\u00fcnt\u0259z\u0259m siyasi t\u0259maslar\u0131m\u0131z var. ARANTV.AZ x\u0259b\u0259r verir ki, bu s\u00f6zl\u0259ri Prezident \u0130lham \u018fliyev Beyn\u0259lxalq \u00c7ernobbio Forumunda \u201cYeni geosiyasi \u015f\u0259raitd\u0259 Az\u0259rbaycan\u0131n rolu\u201d adl\u0131 sessiyada \u00e7\u0131x\u0131\u015f\u0131 zaman\u0131 s\u00f6yl\u0259yib. Bu s\u0259f\u0259rin 2020-ci ild\u0259n b\u0259ri onun \u0130taliyaya \u00fc\u00e7\u00fcnc\u00fc s\u0259f\u0259ri oldu\u011funu v\u0259 2018-ci ild\u0259 Prezident Mattarellan\u0131n Az\u0259rbaycanda s\u0259f\u0259rini xat\u0131rladan d\u00f6vl\u0259t ba\u015f\u00e7\u0131s\u0131 qeyd edib: \u201cBizim y\u00fcks\u0259k s\u0259viyy\u0259li t\u0259maslar\u0131m\u0131z onu n\u00fcmayi\u015f etdirir ki, biz \u00e7ox yax\u0131n t\u0259r\u0259fda\u015flar\u0131q\u201d.<\/p>\n","protected":false},"author":2,"featured_media":751029,"comment_status":"closed","ping_status":"closed","sticky":false,"template":"","format":"standard","meta":{"om_disable_all_campaigns":false,"_monsterinsights_skip_tracking":false,"_monsterinsights_sitenote_active":false,"_monsterinsights_sitenote_note":"","_monsterinsights_sitenote_category":0},"categories":[4],"tags":[],"aioseo_notices":[],"gutentor_comment":0,"rttpg_featured_image_url":{"full":["https:\/\/arantv.az\/wp-content\/uploads\/2024\/09\/9d93514bc13c06ebc865f130e55d9fd5-1.jpg",850,500,false],"landscape":["https:\/\/arantv.az\/wp-content\/uploads\/2024\/09\/9d93514bc13c06ebc865f130e55d9fd5-1.jpg",850,500,false],"portraits":["https:\/\/arantv.az\/wp-content\/uploads\/2024\/09\/9d93514bc13c06ebc865f130e55d9fd5-1.jpg",850,500,false],"thumbnail":["https:\/\/arantv.az\/wp-content\/uploads\/2024\/09\/9d93514bc13c06ebc865f130e55d9fd5-1-500x280.jpg",500,280,true],"medium":["https:\/\/arantv.az\/wp-content\/uploads\/2024\/09\/9d93514bc13c06ebc865f130e55d9fd5-1-621x365.jpg",621,365,true],"large":["https:\/\/arantv.az\/wp-content\/uploads\/2024\/09\/9d93514bc13c06ebc865f130e55d9fd5-1-840x494.jpg",640,376,true],"1536x1536":["https:\/\/arantv.az\/wp-content\/uploads\/2024\/09\/9d93514bc13c06ebc865f130e55d9fd5-1.jpg",850,500,false],"2048x2048":["https:\/\/arantv.az\/wp-content\/uploads\/2024\/09\/9d93514bc13c06ebc865f130e55d9fd5-1.jpg",850,500,false],"post-thumbnail":["https:\/\/arantv.az\/wp-content\/uploads\/2024\/09\/9d93514bc13c06ebc865f130e55d9fd5-1-240x172.jpg",240,172,true],"advps-thumb-one":["https:\/\/arantv.az\/wp-content\/uploads\/2024\/09\/9d93514bc13c06ebc865f130e55d9fd5-1.jpg",850,500,false]},"rttpg_author":{"display_name":"V\u00fcsal Rafiqo\u011flu","author_link":"https:\/\/arantv.az\/?author=2"},"rttpg_comment":0,"rttpg_category":"<a href=\"https:\/\/arantv.az\/?cat=4\" rel=\"category\">Siyas\u0259t<\/a>","rttpg_excerpt":"Uzun ill\u0259rdir ki, Az\u0259rbaycan v\u0259 \u0130taliya strateji t\u0259r\u0259fda\u015f olaraq f\u0259aliyy\u0259t g\u00f6st\u0259rir v\u0259 m\u00fcvafiq b\u0259yannam\u0259 10 il bundan qabaq q\u0259bul edilmi\u015fdir. Bizim \u0259laq\u0259l\u0259rimiz b\u00fct\u00fcn sah\u0259l\u0259ri \u0259hat\u0259 edir, m\u00fcnt\u0259z\u0259m siyasi t\u0259maslar\u0131m\u0131z var. ARANTV.AZ x\u0259b\u0259r verir ki, bu s\u00f6zl\u0259ri Prezident \u0130lham \u018fliyev Beyn\u0259lxalq \u00c7ernobbio Forumunda \u201cYeni geosiyasi \u015f\u0259raitd\u0259 Az\u0259rbaycan\u0131n rolu\u201d adl\u0131 sessiyada \u00e7\u0131x\u0131\u015f\u0131 zaman\u0131 s\u00f6yl\u0259yib. Bu s\u0259f\u0259rin 2020-ci&hellip;","_links":{"self":[{"href":"https:\/\/arantv.az\/index.php?rest_route=\/wp\/v2\/posts\/751028"}],"collection":[{"href":"https:\/\/arantv.az\/index.php?rest_route=\/wp\/v2\/posts"}],"about":[{"href":"https:\/\/arantv.az\/index.php?rest_route=\/wp\/v2\/types\/post"}],"author":[{"embeddable":true,"href":"https:\/\/arantv.az\/index.php?rest_route=\/wp\/v2\/users\/2"}],"replies":[{"embeddable":true,"href":"https:\/\/arantv.az\/index.php?rest_route=%2Fwp%2Fv2%2Fcomments&post=751028"}],"version-history":[{"count":1,"href":"https:\/\/arantv.az\/index.php?rest_route=\/wp\/v2\/posts\/751028\/revisions"}],"predecessor-version":[{"id":751030,"href":"https:\/\/arantv.az\/index.php?rest_route=\/wp\/v2\/posts\/751028\/revisions\/751030"}],"wp:featuredmedia":[{"embeddable":true,"href":"https:\/\/arantv.az\/index.php?rest_route=\/wp\/v2\/media\/751029"}],"wp:attachment":[{"href":"https:\/\/arantv.az\/index.php?rest_route=%2Fwp%2Fv2%2Fmedia&parent=751028"}],"wp:term":[{"taxonomy":"category","embeddable":true,"href":"https:\/\/arantv.az\/index.php?rest_route=%2Fwp%2Fv2%2Fcategories&post=751028"},{"taxonomy":"post_tag","embeddable":true,"href":"https:\/\/arantv.az\/index.php?rest_route=%2Fwp%2Fv2%2Ftags&post=751028"}],"curies":[{"name":"wp","href":"https:\/\/api.w.org\/{rel}","templated":true}]}}