{"id":751031,"date":"2024-09-06T11:54:10","date_gmt":"2024-09-06T07:54:10","guid":{"rendered":"https:\/\/arantv.az\/?p=751031"},"modified":"2024-09-06T11:54:10","modified_gmt":"2024-09-06T07:54:10","slug":"italiya-prezidenti-cernobbio-forumu-qit%c9%99-ucun-bir-furs%c9%99tdir","status":"publish","type":"post","link":"https:\/\/arantv.az\/?p=751031","title":{"rendered":"\u0130taliya Prezidenti: \u00c7ernobbio Forumu qit\u0259 \u00fc\u00e7\u00fcn bir f\u00fcrs\u0259tdir"},"content":{"rendered":"<div class=\"text-content\" data-id=\"\" data-url=\"\">\n<p>Bu forum qit\u0259 \u00fc\u00e7\u00fcn bir f\u00fcrs\u0259tdir, \u00e7al\u0131\u015f\u0131r\u0131q bel\u0259 t\u0259dbirl\u0259ri ke\u00e7ir\u0259r\u0259k fikir v\u0259 t\u0259klifl\u0259ri b\u00f6l\u00fc\u015f\u0259k.<\/p>\n<p>&#8220;Report&#8221;un \u0130taliyaya ezam olunan \u0259m\u0259kda\u015f\u0131n\u0131n m\u0259lumat\u0131na g\u00f6r\u0259, bunu \u0130taliya Prezidenti Sercio Mattarella \u201cD\u00fcnya, Avropa v\u0259 \u0130taliya haqq\u0131nda bilgil\u0259r\u201d m\u00f6vzusuna h\u0259sr olunmu\u015f Beyn\u0259lxalq \u00c7ernobbio Forumunda onlayn \u00e7\u0131x\u0131\u015f\u0131 zaman\u0131 deyib.<\/p>\n<p>\u201cQ\u0259rarlar\u0131m\u0131z A\u0130 \u00e7\u0259r\u00e7iv\u0259sind\u0259 yekdil olmal\u0131d\u0131r. Birm\u0259nal\u0131 olaraq bu g\u00fcn biz h\u0259mr\u0259ylik d\u0259y\u0259rl\u0259rini davam etdiririk. Biz bilirik ki, bu forum Avropan\u0131n siyasi s\u0259hn\u0259sind\u0259 uzunm\u00fcdd\u0259tli bir layih\u0259dir&#8221;, &#8211; o qeyd edib.<\/p>\n<p>\u0130taliya prezidenti vur\u011fulay\u0131b ki, s\u00fclh s\u0259yl\u0259ri dayanmamal\u0131, h\u0259m\u00e7inin islahatlar davam etdirilm\u0259lidir:<\/p>\n<p>&#8220;B\u0259zi hallarda A\u0130-nin bir s\u0131ra \u00fczvl\u0259ri el\u0259 v\u0259ziyy\u0259td\u0259 qal\u0131rlar ki, q\u0259bul edilm\u0259y\u0259n se\u00e7iml\u0259r edirl\u0259r. B\u0259zil\u0259ri bunu iqtisadi v\u0259 siyasi m\u0259s\u0259l\u0259l\u0259rl\u0259 \u0259laq\u0259l\u0259ndirirl\u0259r. Biz bu uzun yolda ir\u0259liy\u0259 ged\u0259rk\u0259n bir-birimizin maraqlar\u0131n\u0131 n\u0259z\u0259r\u0259 almal\u0131, A\u0130-nin maliyy\u0259 durumunu fikirl\u0259\u015fm\u0259liyik. \u0130taliya A\u0130-y\u0259 m\u00fcraci\u0259t ed\u0259r\u0259k ya\u015f\u0131l ke\u00e7id\u0259 daha b\u00f6y\u00fck diqq\u0259t yetirilm\u0259sin\u0259 \u00e7al\u0131\u015f\u0131r. H\u0259m\u00e7inin s\u00fcni z\u0259ka sah\u0259sin\u0259, onun inki\u015faf\u0131na diqq\u0259t yetirilm\u0259lidir, s\u00fclh \u00fc\u00e7\u00fcn s\u0259yl\u0259r dayanmamal\u0131d\u0131r&#8221;.<\/p>\n<\/div>\n<div><\/div>\n<div><\/div>\n<div class=\"inner-social-box\">\n<div class=\"subs-in-social subs-whatsapp\"><\/div>\n<\/div>\n","protected":false},"excerpt":{"rendered":"<p>Bu forum qit\u0259 \u00fc\u00e7\u00fcn bir f\u00fcrs\u0259tdir, \u00e7al\u0131\u015f\u0131r\u0131q bel\u0259 t\u0259dbirl\u0259ri ke\u00e7ir\u0259r\u0259k fikir v\u0259 t\u0259klifl\u0259ri b\u00f6l\u00fc\u015f\u0259k. &#8220;Report&#8221;un \u0130taliyaya ezam olunan \u0259m\u0259kda\u015f\u0131n\u0131n m\u0259lumat\u0131na g\u00f6r\u0259, bunu \u0130taliya Prezidenti Sercio Mattarella \u201cD\u00fcnya, Avropa v\u0259 \u0130taliya haqq\u0131nda bilgil\u0259r\u201d m\u00f6vzusuna h\u0259sr olunmu\u015f Beyn\u0259lxalq \u00c7ernobbio Forumunda onlayn \u00e7\u0131x\u0131\u015f\u0131 zaman\u0131 deyib. \u201cQ\u0259rarlar\u0131m\u0131z A\u0130 \u00e7\u0259r\u00e7iv\u0259sind\u0259 yekdil olmal\u0131d\u0131r. Birm\u0259nal\u0131 olaraq bu g\u00fcn biz h\u0259mr\u0259ylik d\u0259y\u0259rl\u0259rini davam etdiririk. Biz bilirik ki, bu forum Avropan\u0131n siyasi s\u0259hn\u0259sind\u0259 uzunm\u00fcdd\u0259tli bir layih\u0259dir&#8221;, &#8211; o qeyd edib. \u0130taliya prezidenti vur\u011fulay\u0131b ki, s\u00fclh s\u0259yl\u0259ri dayanmamal\u0131, h\u0259m\u00e7inin islahatlar davam etdirilm\u0259lidir: &#8220;B\u0259zi hallarda A\u0130-nin bir s\u0131ra \u00fczvl\u0259ri el\u0259 v\u0259ziyy\u0259td\u0259&hellip;<\/p>\n","protected":false},"author":2,"featured_media":751032,"comment_status":"closed","ping_status":"closed","sticky":false,"template":"","format":"standard","meta":{"om_disable_all_campaigns":false,"_monsterinsights_skip_tracking":false,"_monsterinsights_sitenote_active":false,"_monsterinsights_sitenote_note":"","_monsterinsights_sitenote_category":0},"categories":[7],"tags":[],"aioseo_notices":[],"gutentor_comment":0,"rttpg_featured_image_url":{"full":["https:\/\/arantv.az\/wp-content\/uploads\/2024\/09\/cd9b7652a6c8fe14ac73c244095da604.jpg",850,500,false],"landscape":["https:\/\/arantv.az\/wp-content\/uploads\/2024\/09\/cd9b7652a6c8fe14ac73c244095da604.jpg",850,500,false],"portraits":["https:\/\/arantv.az\/wp-content\/uploads\/2024\/09\/cd9b7652a6c8fe14ac73c244095da604.jpg",850,500,false],"thumbnail":["https:\/\/arantv.az\/wp-content\/uploads\/2024\/09\/cd9b7652a6c8fe14ac73c244095da604-500x280.jpg",500,280,true],"medium":["https:\/\/arantv.az\/wp-content\/uploads\/2024\/09\/cd9b7652a6c8fe14ac73c244095da604-621x365.jpg",621,365,true],"large":["https:\/\/arantv.az\/wp-content\/uploads\/2024\/09\/cd9b7652a6c8fe14ac73c244095da604-840x494.jpg",640,376,true],"1536x1536":["https:\/\/arantv.az\/wp-content\/uploads\/2024\/09\/cd9b7652a6c8fe14ac73c244095da604.jpg",850,500,false],"2048x2048":["https:\/\/arantv.az\/wp-content\/uploads\/2024\/09\/cd9b7652a6c8fe14ac73c244095da604.jpg",850,500,false],"post-thumbnail":["https:\/\/arantv.az\/wp-content\/uploads\/2024\/09\/cd9b7652a6c8fe14ac73c244095da604-240x172.jpg",240,172,true],"advps-thumb-one":["https:\/\/arantv.az\/wp-content\/uploads\/2024\/09\/cd9b7652a6c8fe14ac73c244095da604.jpg",850,500,false]},"rttpg_author":{"display_name":"V\u00fcsal Rafiqo\u011flu","author_link":"https:\/\/arantv.az\/?author=2"},"rttpg_comment":0,"rttpg_category":"<a href=\"https:\/\/arantv.az\/?cat=7\" rel=\"category\">D\u00fcnya<\/a>","rttpg_excerpt":"Bu forum qit\u0259 \u00fc\u00e7\u00fcn bir f\u00fcrs\u0259tdir, \u00e7al\u0131\u015f\u0131r\u0131q bel\u0259 t\u0259dbirl\u0259ri ke\u00e7ir\u0259r\u0259k fikir v\u0259 t\u0259klifl\u0259ri b\u00f6l\u00fc\u015f\u0259k. &#8220;Report&#8221;un \u0130taliyaya ezam olunan \u0259m\u0259kda\u015f\u0131n\u0131n m\u0259lumat\u0131na g\u00f6r\u0259, bunu \u0130taliya Prezidenti Sercio Mattarella \u201cD\u00fcnya, Avropa v\u0259 \u0130taliya haqq\u0131nda bilgil\u0259r\u201d m\u00f6vzusuna h\u0259sr olunmu\u015f Beyn\u0259lxalq \u00c7ernobbio Forumunda onlayn \u00e7\u0131x\u0131\u015f\u0131 zaman\u0131 deyib. \u201cQ\u0259rarlar\u0131m\u0131z A\u0130 \u00e7\u0259r\u00e7iv\u0259sind\u0259 yekdil olmal\u0131d\u0131r. Birm\u0259nal\u0131 olaraq bu g\u00fcn biz h\u0259mr\u0259ylik d\u0259y\u0259rl\u0259rini davam&hellip;","_links":{"self":[{"href":"https:\/\/arantv.az\/index.php?rest_route=\/wp\/v2\/posts\/751031"}],"collection":[{"href":"https:\/\/arantv.az\/index.php?rest_route=\/wp\/v2\/posts"}],"about":[{"href":"https:\/\/arantv.az\/index.php?rest_route=\/wp\/v2\/types\/post"}],"author":[{"embeddable":true,"href":"https:\/\/arantv.az\/index.php?rest_route=\/wp\/v2\/users\/2"}],"replies":[{"embeddable":true,"href":"https:\/\/arantv.az\/index.php?rest_route=%2Fwp%2Fv2%2Fcomments&post=751031"}],"version-history":[{"count":2,"href":"https:\/\/arantv.az\/index.php?rest_route=\/wp\/v2\/posts\/751031\/revisions"}],"predecessor-version":[{"id":751034,"href":"https:\/\/arantv.az\/index.php?rest_route=\/wp\/v2\/posts\/751031\/revisions\/751034"}],"wp:featuredmedia":[{"embeddable":true,"href":"https:\/\/arantv.az\/index.php?rest_route=\/wp\/v2\/media\/751032"}],"wp:attachment":[{"href":"https:\/\/arantv.az\/index.php?rest_route=%2Fwp%2Fv2%2Fmedia&parent=751031"}],"wp:term":[{"taxonomy":"category","embeddable":true,"href":"https:\/\/arantv.az\/index.php?rest_route=%2Fwp%2Fv2%2Fcategories&post=751031"},{"taxonomy":"post_tag","embeddable":true,"href":"https:\/\/arantv.az\/index.php?rest_route=%2Fwp%2Fv2%2Ftags&post=751031"}],"curies":[{"name":"wp","href":"https:\/\/api.w.org\/{rel}","templated":true}]}}