{"id":751044,"date":"2024-09-06T15:45:28","date_gmt":"2024-09-06T11:45:28","guid":{"rendered":"https:\/\/arantv.az\/?p=751044"},"modified":"2024-09-06T15:45:28","modified_gmt":"2024-09-06T11:45:28","slug":"prezident-s%c9%99udiyy%c9%99-%c9%99r%c9%99bistani-kralliginin-investisiya-naziri-il%c9%99-gorusduyenil%c9%99nib","status":"publish","type":"post","link":"https:\/\/arantv.az\/?p=751044","title":{"rendered":"Prezident S\u0259udiyy\u0259 \u018fr\u0259bistan\u0131 Krall\u0131\u011f\u0131n\u0131n investisiya naziri il\u0259 g\u00f6r\u00fc\u015fd\u00fcYEN\u0130L\u018fN\u0130B"},"content":{"rendered":"<div class=\"text-content\" data-id=\"\" data-url=\"\">\n<p><strong>Az\u0259rbaycan Respublikas\u0131n\u0131n Prezidenti \u0130lham \u018fliyev sentyabr\u0131n 6-da \u0130taliyan\u0131n \u00c7ernobbio \u015f\u0259h\u0259rind\u0259 S\u0259udiyy\u0259 \u018fr\u0259bistan\u0131 Krall\u0131\u011f\u0131n\u0131n investisiya naziri, Az\u0259rbaycan Respublikas\u0131 il\u0259 S\u0259udiyy\u0259 \u018fr\u0259bistan\u0131 Krall\u0131\u011f\u0131 aras\u0131nda H\u00f6kum\u0259tl\u0259raras\u0131 M\u00fc\u015ft\u0259r\u0259k Komissiyan\u0131n h\u0259ms\u0259dri Xalid bin \u018fbd\u00fcl\u0259ziz \u018fl-Falih il\u0259 g\u00f6r\u00fc\u015f\u00fcb.<\/strong><\/p>\n<p><strong>ARANTV.AZ\u00a0 <\/strong>x\u0259b\u0259r verir ki, Xalid bin \u018fbd\u00fcl\u0259ziz \u018fl-Falih S\u0259udiyy\u0259 \u018fr\u0259bistan\u0131 Krall\u0131\u011f\u0131n\u0131n Ali r\u0259hb\u0259rliyinin salamlar\u0131n\u0131 d\u00f6vl\u0259timizin ba\u015f\u00e7\u0131s\u0131na \u00e7atd\u0131rd\u0131.<\/p>\n<p>Prezident \u0130lham \u018fliyev salamlara g\u00f6r\u0259 minn\u0259tdarl\u0131\u011f\u0131n\u0131 bildirdi, onun da salamlar\u0131n\u0131 S\u0259udiyy\u0259 \u018fr\u0259bistan\u0131 Krall\u0131\u011f\u0131n\u0131n Ali r\u0259hb\u0259rliyin\u0259 \u00e7atd\u0131rma\u011f\u0131 xahi\u015f etdi.<\/p>\n<p>Xalid bin \u018fbd\u00fcl\u0259ziz \u018fl-Falih Az\u0259rbaycana s\u0259f\u0259rl\u0259rini v\u0259 d\u00f6vl\u0259timizin ba\u015f\u00e7\u0131s\u0131 il\u0259 g\u00f6r\u00fc\u015fl\u0259rini m\u0259mnunluqla xat\u0131rlad\u0131.<\/p>\n<p>S\u00f6hb\u0259t zaman\u0131 iki \u00f6lk\u0259 aras\u0131nda x\u00fcsusil\u0259 enerji sektorunda \u0259m\u0259kda\u015fl\u0131q m\u0259s\u0259l\u0259l\u0259ri, o c\u00fcml\u0259d\u0259n S\u0259udiyy\u0259 \u018fr\u0259bistan\u0131 Krall\u0131\u011f\u0131n\u0131n \u201cAcwa Power\u201d \u015firk\u0259tinin f\u0259aliyy\u0259ti m\u00fczakir\u0259 olundu. Haz\u0131rda Az\u0259rbaycanda v\u0259 regionda \u0259n b\u00f6y\u00fck k\u00fcl\u0259k enerjisi stansiyas\u0131n\u0131n tikintisinin davam etdirildiyi qeyd olundu, g\u0259l\u0259n ilin sonunda h\u0259min stansiyas\u0131n\u0131n istifad\u0259y\u0259 veril\u0259c\u0259yi bildirildi. \u201cAcwa Power\u201d \u015firk\u0259ti il\u0259 Az\u0259rbaycan\u0131n Energetika Nazirliyi aras\u0131nda \u00f6lk\u0259mizd\u0259 ilk d\u0259f\u0259 200 MVa saxlama g\u00fccl\u0259rinin yarad\u0131lmas\u0131 il\u0259 ba\u011fl\u0131 raz\u0131la\u015fmaya uy\u011fun olaraq birg\u0259 f\u0259aliyy\u0259tin h\u0259yata ke\u00e7irildiyi vur\u011fuland\u0131, bu i\u015fl\u0259rin COP29-d\u0259k ba\u015fa \u00e7atd\u0131r\u0131lmas\u0131n\u0131n n\u0259z\u0259rd\u0259 tutuldu\u011fu qeyd edildi.<\/p>\n<p>G\u00f6r\u00fc\u015fd\u0259 \u201cAcwa Power\u201d \u015firk\u0259tinin Az\u0259rbaycandan Avropaya ya\u015f\u0131l enerjinin ixrac\u0131 sah\u0259sind\u0259 \u0259m\u0259kda\u015fl\u0131qda maraql\u0131 oldu\u011fu diqq\u0259t\u0259 \u00e7atd\u0131r\u0131ld\u0131. Bununla ba\u011fl\u0131 Az\u0259rbaycan\u0131n Energetika Nazirliyi v\u0259 \u201cAcwa Power\u201din X\u0259z\u0259r d\u0259nizind\u0259 k\u00fcl\u0259k enerjisi layih\u0259l\u0259ri \u00fcz\u0259rind\u0259 i\u015f apard\u0131qlar\u0131 qeyd edildi, bunun da n\u00f6vb\u0259ti m\u0259rh\u0259l\u0259d\u0259 ya\u015f\u0131l enerjinin ixrac\u0131 \u00fc\u00e7\u00fcn m\u0259nb\u0259 kimi rol oynayaca\u011f\u0131 vur\u011fuland\u0131.<\/p>\n<p><strong>***<\/strong><\/p>\n<div class=\"time-divider\"><strong>13:45<\/strong><\/div>\n<p><strong>Az\u0259rbaycan Prezidenti \u0130lham \u018fliyev sentyabr\u0131n 6-da S\u0259udiyy\u0259 \u018fr\u0259bistan\u0131 Krall\u0131\u011f\u0131n\u0131n investisiya naziri, Az\u0259rbaycan Respublikas\u0131 il\u0259 S\u0259udiyy\u0259 \u018fr\u0259bistan\u0131 Krall\u0131\u011f\u0131 aras\u0131nda H\u00f6kum\u0259tl\u0259raras\u0131 M\u00fc\u015ft\u0259r\u0259k Komissiyan\u0131n h\u0259ms\u0259dri Xalid bin \u018fbd\u00fcl\u0259ziz \u018fl-Falih il\u0259 g\u00f6r\u00fc\u015f\u00fcb.<\/strong><\/p>\n<p><strong>Musavat.com<\/strong>-un m\u0259lumat\u0131na g\u00f6r\u0259, g\u00f6r\u00fc\u015f \u0130taliyan\u0131n \u00c7ernobbio \u015f\u0259h\u0259rind\u0259 ba\u015f tutub.<\/p>\n<\/div>\n<div>\n<div class=\"form-group\"><img class=\"img-responsive\" src=\"https:\/\/cdn.musavat.com\/news\/images\/iqbal\/398a4db6-a0b1-3659-84aa-6358577c.jpg\" \/><\/div>\n<\/div>\n","protected":false},"excerpt":{"rendered":"<p>Az\u0259rbaycan Respublikas\u0131n\u0131n Prezidenti \u0130lham \u018fliyev sentyabr\u0131n 6-da \u0130taliyan\u0131n \u00c7ernobbio \u015f\u0259h\u0259rind\u0259 S\u0259udiyy\u0259 \u018fr\u0259bistan\u0131 Krall\u0131\u011f\u0131n\u0131n investisiya naziri, Az\u0259rbaycan Respublikas\u0131 il\u0259 S\u0259udiyy\u0259 \u018fr\u0259bistan\u0131 Krall\u0131\u011f\u0131 aras\u0131nda H\u00f6kum\u0259tl\u0259raras\u0131 M\u00fc\u015ft\u0259r\u0259k Komissiyan\u0131n h\u0259ms\u0259dri Xalid bin \u018fbd\u00fcl\u0259ziz \u018fl-Falih il\u0259 g\u00f6r\u00fc\u015f\u00fcb. ARANTV.AZ\u00a0 x\u0259b\u0259r verir ki, Xalid bin \u018fbd\u00fcl\u0259ziz \u018fl-Falih S\u0259udiyy\u0259 \u018fr\u0259bistan\u0131 Krall\u0131\u011f\u0131n\u0131n Ali r\u0259hb\u0259rliyinin salamlar\u0131n\u0131 d\u00f6vl\u0259timizin ba\u015f\u00e7\u0131s\u0131na \u00e7atd\u0131rd\u0131. Prezident \u0130lham \u018fliyev salamlara g\u00f6r\u0259 minn\u0259tdarl\u0131\u011f\u0131n\u0131 bildirdi, onun da salamlar\u0131n\u0131 S\u0259udiyy\u0259 \u018fr\u0259bistan\u0131 Krall\u0131\u011f\u0131n\u0131n Ali r\u0259hb\u0259rliyin\u0259 \u00e7atd\u0131rma\u011f\u0131 xahi\u015f etdi. Xalid bin \u018fbd\u00fcl\u0259ziz \u018fl-Falih Az\u0259rbaycana s\u0259f\u0259rl\u0259rini v\u0259 d\u00f6vl\u0259timizin ba\u015f\u00e7\u0131s\u0131 il\u0259 g\u00f6r\u00fc\u015fl\u0259rini m\u0259mnunluqla xat\u0131rlad\u0131. S\u00f6hb\u0259t zaman\u0131 iki \u00f6lk\u0259 aras\u0131nda x\u00fcsusil\u0259 enerji sektorunda \u0259m\u0259kda\u015fl\u0131q m\u0259s\u0259l\u0259l\u0259ri,&hellip;<\/p>\n","protected":false},"author":2,"featured_media":751045,"comment_status":"closed","ping_status":"closed","sticky":false,"template":"","format":"standard","meta":{"om_disable_all_campaigns":false,"_monsterinsights_skip_tracking":false,"_monsterinsights_sitenote_active":false,"_monsterinsights_sitenote_note":"","_monsterinsights_sitenote_category":0},"categories":[4],"tags":[],"aioseo_notices":[],"gutentor_comment":0,"rttpg_featured_image_url":{"full":["https:\/\/arantv.az\/wp-content\/uploads\/2024\/09\/60af9c6b2685eab52cc7500820b4d6da.jpg",850,500,false],"landscape":["https:\/\/arantv.az\/wp-content\/uploads\/2024\/09\/60af9c6b2685eab52cc7500820b4d6da.jpg",850,500,false],"portraits":["https:\/\/arantv.az\/wp-content\/uploads\/2024\/09\/60af9c6b2685eab52cc7500820b4d6da.jpg",850,500,false],"thumbnail":["https:\/\/arantv.az\/wp-content\/uploads\/2024\/09\/60af9c6b2685eab52cc7500820b4d6da-500x280.jpg",500,280,true],"medium":["https:\/\/arantv.az\/wp-content\/uploads\/2024\/09\/60af9c6b2685eab52cc7500820b4d6da-621x365.jpg",621,365,true],"large":["https:\/\/arantv.az\/wp-content\/uploads\/2024\/09\/60af9c6b2685eab52cc7500820b4d6da-840x494.jpg",640,376,true],"1536x1536":["https:\/\/arantv.az\/wp-content\/uploads\/2024\/09\/60af9c6b2685eab52cc7500820b4d6da.jpg",850,500,false],"2048x2048":["https:\/\/arantv.az\/wp-content\/uploads\/2024\/09\/60af9c6b2685eab52cc7500820b4d6da.jpg",850,500,false],"post-thumbnail":["https:\/\/arantv.az\/wp-content\/uploads\/2024\/09\/60af9c6b2685eab52cc7500820b4d6da-240x172.jpg",240,172,true],"advps-thumb-one":["https:\/\/arantv.az\/wp-content\/uploads\/2024\/09\/60af9c6b2685eab52cc7500820b4d6da.jpg",850,500,false]},"rttpg_author":{"display_name":"V\u00fcsal Rafiqo\u011flu","author_link":"https:\/\/arantv.az\/?author=2"},"rttpg_comment":0,"rttpg_category":"<a href=\"https:\/\/arantv.az\/?cat=4\" rel=\"category\">Siyas\u0259t<\/a>","rttpg_excerpt":"Az\u0259rbaycan Respublikas\u0131n\u0131n Prezidenti \u0130lham \u018fliyev sentyabr\u0131n 6-da \u0130taliyan\u0131n \u00c7ernobbio \u015f\u0259h\u0259rind\u0259 S\u0259udiyy\u0259 \u018fr\u0259bistan\u0131 Krall\u0131\u011f\u0131n\u0131n investisiya naziri, Az\u0259rbaycan Respublikas\u0131 il\u0259 S\u0259udiyy\u0259 \u018fr\u0259bistan\u0131 Krall\u0131\u011f\u0131 aras\u0131nda H\u00f6kum\u0259tl\u0259raras\u0131 M\u00fc\u015ft\u0259r\u0259k Komissiyan\u0131n h\u0259ms\u0259dri Xalid bin \u018fbd\u00fcl\u0259ziz \u018fl-Falih il\u0259 g\u00f6r\u00fc\u015f\u00fcb. ARANTV.AZ\u00a0 x\u0259b\u0259r verir ki, Xalid bin \u018fbd\u00fcl\u0259ziz \u018fl-Falih S\u0259udiyy\u0259 \u018fr\u0259bistan\u0131 Krall\u0131\u011f\u0131n\u0131n Ali r\u0259hb\u0259rliyinin salamlar\u0131n\u0131 d\u00f6vl\u0259timizin ba\u015f\u00e7\u0131s\u0131na \u00e7atd\u0131rd\u0131. Prezident \u0130lham \u018fliyev salamlara g\u00f6r\u0259 minn\u0259tdarl\u0131\u011f\u0131n\u0131&hellip;","_links":{"self":[{"href":"https:\/\/arantv.az\/index.php?rest_route=\/wp\/v2\/posts\/751044"}],"collection":[{"href":"https:\/\/arantv.az\/index.php?rest_route=\/wp\/v2\/posts"}],"about":[{"href":"https:\/\/arantv.az\/index.php?rest_route=\/wp\/v2\/types\/post"}],"author":[{"embeddable":true,"href":"https:\/\/arantv.az\/index.php?rest_route=\/wp\/v2\/users\/2"}],"replies":[{"embeddable":true,"href":"https:\/\/arantv.az\/index.php?rest_route=%2Fwp%2Fv2%2Fcomments&post=751044"}],"version-history":[{"count":1,"href":"https:\/\/arantv.az\/index.php?rest_route=\/wp\/v2\/posts\/751044\/revisions"}],"predecessor-version":[{"id":751046,"href":"https:\/\/arantv.az\/index.php?rest_route=\/wp\/v2\/posts\/751044\/revisions\/751046"}],"wp:featuredmedia":[{"embeddable":true,"href":"https:\/\/arantv.az\/index.php?rest_route=\/wp\/v2\/media\/751045"}],"wp:attachment":[{"href":"https:\/\/arantv.az\/index.php?rest_route=%2Fwp%2Fv2%2Fmedia&parent=751044"}],"wp:term":[{"taxonomy":"category","embeddable":true,"href":"https:\/\/arantv.az\/index.php?rest_route=%2Fwp%2Fv2%2Fcategories&post=751044"},{"taxonomy":"post_tag","embeddable":true,"href":"https:\/\/arantv.az\/index.php?rest_route=%2Fwp%2Fv2%2Ftags&post=751044"}],"curies":[{"name":"wp","href":"https:\/\/api.w.org\/{rel}","templated":true}]}}