{"id":751047,"date":"2024-09-06T15:47:15","date_gmt":"2024-09-06T11:47:15","guid":{"rendered":"https:\/\/arantv.az\/?p=751047"},"modified":"2024-09-06T15:47:15","modified_gmt":"2024-09-06T11:47:15","slug":"az%c9%99rbaycanli-surucunun-masini-yandi","status":"publish","type":"post","link":"https:\/\/arantv.az\/?p=751047","title":{"rendered":"Az\u0259rbaycanl\u0131 s\u00fcr\u00fcc\u00fcn\u00fcn ma\u015f\u0131n\u0131 yand\u0131"},"content":{"rendered":"<p>T\u00fcrkiy\u0259d\u0259 az\u0259rbaycanl\u0131 s\u00fcr\u00fcc\u00fcn\u00fcn avtomobili yan\u0131b.<\/p>\n<p>Lent.az\u00a0yerli mediaya istinadla bildirir ki, hadis\u0259 \u0130stanbul \u015f\u0259h\u0259rinin Esenyurt yolunda, M\u00f6vlana m\u0259h\u0259ll\u0259si \u0259razisind\u0259 ba\u015f verib. Az\u0259rbaycan \u0259silli s\u00fcr\u00fcc\u00fc hakim S-\u0259 m\u0259xsus avtomobilin m\u00fch\u0259rrikind\u0259 yan\u011f\u0131n ba\u015flay\u0131b. S\u00fcr\u00fcc\u00fc d\u0259rhal vtomobild\u0259n en\u0259r\u0259k uzaqla\u015f\u0131b.<\/p>\n<p>Yan\u011f\u0131n n\u0259tic\u0259sind\u0259 yolda s\u0131xl\u0131q yaran\u0131b. Hadis\u0259 yerin\u0259 polis v\u0259 yan\u011f\u0131n s\u00f6nd\u00fcr\u0259nl\u0259r c\u0259lb olunub. Yan\u011f\u0131n s\u00f6nd\u00fcr\u00fcl\u00fcb v\u0259 avtomobil \u0259razid\u0259n g\u00f6t\u00fcr\u00fcl\u00fcb.<\/p>\n<p>Hadis\u0259 zaman\u0131 x\u0259sar\u0259t alan olmay\u0131b.<\/p>\n","protected":false},"excerpt":{"rendered":"<p>T\u00fcrkiy\u0259d\u0259 az\u0259rbaycanl\u0131 s\u00fcr\u00fcc\u00fcn\u00fcn avtomobili yan\u0131b. Lent.az\u00a0yerli mediaya istinadla bildirir ki, hadis\u0259 \u0130stanbul \u015f\u0259h\u0259rinin Esenyurt yolunda, M\u00f6vlana m\u0259h\u0259ll\u0259si \u0259razisind\u0259 ba\u015f verib. Az\u0259rbaycan \u0259silli s\u00fcr\u00fcc\u00fc hakim S-\u0259 m\u0259xsus avtomobilin m\u00fch\u0259rrikind\u0259 yan\u011f\u0131n ba\u015flay\u0131b. S\u00fcr\u00fcc\u00fc d\u0259rhal vtomobild\u0259n en\u0259r\u0259k uzaqla\u015f\u0131b. Yan\u011f\u0131n n\u0259tic\u0259sind\u0259 yolda s\u0131xl\u0131q yaran\u0131b. Hadis\u0259 yerin\u0259 polis v\u0259 yan\u011f\u0131n s\u00f6nd\u00fcr\u0259nl\u0259r c\u0259lb olunub. Yan\u011f\u0131n s\u00f6nd\u00fcr\u00fcl\u00fcb v\u0259 avtomobil \u0259razid\u0259n g\u00f6t\u00fcr\u00fcl\u00fcb. Hadis\u0259 zaman\u0131 x\u0259sar\u0259t alan olmay\u0131b.<\/p>\n","protected":false},"author":2,"featured_media":751048,"comment_status":"closed","ping_status":"closed","sticky":false,"template":"","format":"standard","meta":{"om_disable_all_campaigns":false,"_monsterinsights_skip_tracking":false,"_monsterinsights_sitenote_active":false,"_monsterinsights_sitenote_note":"","_monsterinsights_sitenote_category":0},"categories":[5],"tags":[],"aioseo_notices":[],"gutentor_comment":0,"rttpg_featured_image_url":{"full":["https:\/\/arantv.az\/wp-content\/uploads\/2024\/09\/b7026e1611f5901c6df519e7ea9728d4.jpg",740,493,false],"landscape":["https:\/\/arantv.az\/wp-content\/uploads\/2024\/09\/b7026e1611f5901c6df519e7ea9728d4.jpg",740,493,false],"portraits":["https:\/\/arantv.az\/wp-content\/uploads\/2024\/09\/b7026e1611f5901c6df519e7ea9728d4.jpg",740,493,false],"thumbnail":["https:\/\/arantv.az\/wp-content\/uploads\/2024\/09\/b7026e1611f5901c6df519e7ea9728d4-500x280.jpg",500,280,true],"medium":["https:\/\/arantv.az\/wp-content\/uploads\/2024\/09\/b7026e1611f5901c6df519e7ea9728d4-548x365.jpg",548,365,true],"large":["https:\/\/arantv.az\/wp-content\/uploads\/2024\/09\/b7026e1611f5901c6df519e7ea9728d4.jpg",640,426,false],"1536x1536":["https:\/\/arantv.az\/wp-content\/uploads\/2024\/09\/b7026e1611f5901c6df519e7ea9728d4.jpg",740,493,false],"2048x2048":["https:\/\/arantv.az\/wp-content\/uploads\/2024\/09\/b7026e1611f5901c6df519e7ea9728d4.jpg",740,493,false],"post-thumbnail":["https:\/\/arantv.az\/wp-content\/uploads\/2024\/09\/b7026e1611f5901c6df519e7ea9728d4-240x172.jpg",240,172,true],"advps-thumb-one":["https:\/\/arantv.az\/wp-content\/uploads\/2024\/09\/b7026e1611f5901c6df519e7ea9728d4.jpg",740,493,false]},"rttpg_author":{"display_name":"V\u00fcsal Rafiqo\u011flu","author_link":"https:\/\/arantv.az\/?author=2"},"rttpg_comment":0,"rttpg_category":"<a href=\"https:\/\/arantv.az\/?cat=5\" rel=\"category\">Hadis\u0259<\/a>","rttpg_excerpt":"T\u00fcrkiy\u0259d\u0259 az\u0259rbaycanl\u0131 s\u00fcr\u00fcc\u00fcn\u00fcn avtomobili yan\u0131b. Lent.az\u00a0yerli mediaya istinadla bildirir ki, hadis\u0259 \u0130stanbul \u015f\u0259h\u0259rinin Esenyurt yolunda, M\u00f6vlana m\u0259h\u0259ll\u0259si \u0259razisind\u0259 ba\u015f verib. Az\u0259rbaycan \u0259silli s\u00fcr\u00fcc\u00fc hakim S-\u0259 m\u0259xsus avtomobilin m\u00fch\u0259rrikind\u0259 yan\u011f\u0131n ba\u015flay\u0131b. S\u00fcr\u00fcc\u00fc d\u0259rhal vtomobild\u0259n en\u0259r\u0259k uzaqla\u015f\u0131b. Yan\u011f\u0131n n\u0259tic\u0259sind\u0259 yolda s\u0131xl\u0131q yaran\u0131b. Hadis\u0259 yerin\u0259 polis v\u0259 yan\u011f\u0131n s\u00f6nd\u00fcr\u0259nl\u0259r c\u0259lb olunub. Yan\u011f\u0131n s\u00f6nd\u00fcr\u00fcl\u00fcb v\u0259 avtomobil \u0259razid\u0259n g\u00f6t\u00fcr\u00fcl\u00fcb. Hadis\u0259&hellip;","_links":{"self":[{"href":"https:\/\/arantv.az\/index.php?rest_route=\/wp\/v2\/posts\/751047"}],"collection":[{"href":"https:\/\/arantv.az\/index.php?rest_route=\/wp\/v2\/posts"}],"about":[{"href":"https:\/\/arantv.az\/index.php?rest_route=\/wp\/v2\/types\/post"}],"author":[{"embeddable":true,"href":"https:\/\/arantv.az\/index.php?rest_route=\/wp\/v2\/users\/2"}],"replies":[{"embeddable":true,"href":"https:\/\/arantv.az\/index.php?rest_route=%2Fwp%2Fv2%2Fcomments&post=751047"}],"version-history":[{"count":1,"href":"https:\/\/arantv.az\/index.php?rest_route=\/wp\/v2\/posts\/751047\/revisions"}],"predecessor-version":[{"id":751049,"href":"https:\/\/arantv.az\/index.php?rest_route=\/wp\/v2\/posts\/751047\/revisions\/751049"}],"wp:featuredmedia":[{"embeddable":true,"href":"https:\/\/arantv.az\/index.php?rest_route=\/wp\/v2\/media\/751048"}],"wp:attachment":[{"href":"https:\/\/arantv.az\/index.php?rest_route=%2Fwp%2Fv2%2Fmedia&parent=751047"}],"wp:term":[{"taxonomy":"category","embeddable":true,"href":"https:\/\/arantv.az\/index.php?rest_route=%2Fwp%2Fv2%2Fcategories&post=751047"},{"taxonomy":"post_tag","embeddable":true,"href":"https:\/\/arantv.az\/index.php?rest_route=%2Fwp%2Fv2%2Ftags&post=751047"}],"curies":[{"name":"wp","href":"https:\/\/api.w.org\/{rel}","templated":true}]}}