{"id":751050,"date":"2024-09-06T15:48:33","date_gmt":"2024-09-06T11:48:33","guid":{"rendered":"https:\/\/arantv.az\/?p=751050"},"modified":"2024-09-06T15:48:33","modified_gmt":"2024-09-06T11:48:33","slug":"prezidentin-italiyaya-isguzar-s%c9%99f%c9%99ri-basa-catdi","status":"publish","type":"post","link":"https:\/\/arantv.az\/?p=751050","title":{"rendered":"Prezidentin \u0130taliyaya i\u015fg\u00fczar s\u0259f\u0259ri ba\u015fa \u00e7atd\u0131"},"content":{"rendered":"<p><strong>Sentyabr\u0131n 6-da Az\u0259rbaycan Respublikas\u0131n\u0131n Prezidenti \u0130lham \u018fliyevin \u0130taliyaya i\u015fg\u00fczar s\u0259f\u0259ri ba\u015fa \u00e7at\u0131b.<\/strong><\/p>\n<p><strong>ARANTV.AZ <\/strong>\u00a0x\u0259b\u0259r verir ki, Milan\u0131n Malpensa hava liman\u0131nda Prezident \u0130lham \u018fliyevi v\u0259 birinci xan\u0131m Mehriban \u018fliyevan\u0131 \u0130taliyan\u0131n r\u0259smi \u015f\u0259xsl\u0259ri yola sald\u0131lar.<\/p>\n","protected":false},"excerpt":{"rendered":"<p>Sentyabr\u0131n 6-da Az\u0259rbaycan Respublikas\u0131n\u0131n Prezidenti \u0130lham \u018fliyevin \u0130taliyaya i\u015fg\u00fczar s\u0259f\u0259ri ba\u015fa \u00e7at\u0131b. ARANTV.AZ \u00a0x\u0259b\u0259r verir ki, Milan\u0131n Malpensa hava liman\u0131nda Prezident \u0130lham \u018fliyevi v\u0259 birinci xan\u0131m Mehriban \u018fliyevan\u0131 \u0130taliyan\u0131n r\u0259smi \u015f\u0259xsl\u0259ri yola sald\u0131lar.<\/p>\n","protected":false},"author":2,"featured_media":751051,"comment_status":"closed","ping_status":"closed","sticky":false,"template":"","format":"standard","meta":{"om_disable_all_campaigns":false,"_monsterinsights_skip_tracking":false,"_monsterinsights_sitenote_active":false,"_monsterinsights_sitenote_note":"","_monsterinsights_sitenote_category":0},"categories":[4],"tags":[],"aioseo_notices":[],"gutentor_comment":0,"rttpg_featured_image_url":{"full":["https:\/\/arantv.az\/wp-content\/uploads\/2024\/09\/02df4f7e568c5a908fa16574b5196c4b.jpg",870,500,false],"landscape":["https:\/\/arantv.az\/wp-content\/uploads\/2024\/09\/02df4f7e568c5a908fa16574b5196c4b.jpg",870,500,false],"portraits":["https:\/\/arantv.az\/wp-content\/uploads\/2024\/09\/02df4f7e568c5a908fa16574b5196c4b.jpg",870,500,false],"thumbnail":["https:\/\/arantv.az\/wp-content\/uploads\/2024\/09\/02df4f7e568c5a908fa16574b5196c4b-500x280.jpg",500,280,true],"medium":["https:\/\/arantv.az\/wp-content\/uploads\/2024\/09\/02df4f7e568c5a908fa16574b5196c4b-635x365.jpg",635,365,true],"large":["https:\/\/arantv.az\/wp-content\/uploads\/2024\/09\/02df4f7e568c5a908fa16574b5196c4b-840x483.jpg",640,368,true],"1536x1536":["https:\/\/arantv.az\/wp-content\/uploads\/2024\/09\/02df4f7e568c5a908fa16574b5196c4b.jpg",870,500,false],"2048x2048":["https:\/\/arantv.az\/wp-content\/uploads\/2024\/09\/02df4f7e568c5a908fa16574b5196c4b.jpg",870,500,false],"post-thumbnail":["https:\/\/arantv.az\/wp-content\/uploads\/2024\/09\/02df4f7e568c5a908fa16574b5196c4b-240x172.jpg",240,172,true],"advps-thumb-one":["https:\/\/arantv.az\/wp-content\/uploads\/2024\/09\/02df4f7e568c5a908fa16574b5196c4b.jpg",870,500,false]},"rttpg_author":{"display_name":"V\u00fcsal Rafiqo\u011flu","author_link":"https:\/\/arantv.az\/?author=2"},"rttpg_comment":0,"rttpg_category":"<a href=\"https:\/\/arantv.az\/?cat=4\" rel=\"category\">Siyas\u0259t<\/a>","rttpg_excerpt":"Sentyabr\u0131n 6-da Az\u0259rbaycan Respublikas\u0131n\u0131n Prezidenti \u0130lham \u018fliyevin \u0130taliyaya i\u015fg\u00fczar s\u0259f\u0259ri ba\u015fa \u00e7at\u0131b. ARANTV.AZ \u00a0x\u0259b\u0259r verir ki, Milan\u0131n Malpensa hava liman\u0131nda Prezident \u0130lham \u018fliyevi v\u0259 birinci xan\u0131m Mehriban \u018fliyevan\u0131 \u0130taliyan\u0131n r\u0259smi \u015f\u0259xsl\u0259ri yola sald\u0131lar.","_links":{"self":[{"href":"https:\/\/arantv.az\/index.php?rest_route=\/wp\/v2\/posts\/751050"}],"collection":[{"href":"https:\/\/arantv.az\/index.php?rest_route=\/wp\/v2\/posts"}],"about":[{"href":"https:\/\/arantv.az\/index.php?rest_route=\/wp\/v2\/types\/post"}],"author":[{"embeddable":true,"href":"https:\/\/arantv.az\/index.php?rest_route=\/wp\/v2\/users\/2"}],"replies":[{"embeddable":true,"href":"https:\/\/arantv.az\/index.php?rest_route=%2Fwp%2Fv2%2Fcomments&post=751050"}],"version-history":[{"count":1,"href":"https:\/\/arantv.az\/index.php?rest_route=\/wp\/v2\/posts\/751050\/revisions"}],"predecessor-version":[{"id":751052,"href":"https:\/\/arantv.az\/index.php?rest_route=\/wp\/v2\/posts\/751050\/revisions\/751052"}],"wp:featuredmedia":[{"embeddable":true,"href":"https:\/\/arantv.az\/index.php?rest_route=\/wp\/v2\/media\/751051"}],"wp:attachment":[{"href":"https:\/\/arantv.az\/index.php?rest_route=%2Fwp%2Fv2%2Fmedia&parent=751050"}],"wp:term":[{"taxonomy":"category","embeddable":true,"href":"https:\/\/arantv.az\/index.php?rest_route=%2Fwp%2Fv2%2Fcategories&post=751050"},{"taxonomy":"post_tag","embeddable":true,"href":"https:\/\/arantv.az\/index.php?rest_route=%2Fwp%2Fv2%2Ftags&post=751050"}],"curies":[{"name":"wp","href":"https:\/\/api.w.org\/{rel}","templated":true}]}}