{"id":751056,"date":"2024-09-06T15:50:37","date_gmt":"2024-09-06T11:50:37","guid":{"rendered":"https:\/\/arantv.az\/?p=751056"},"modified":"2024-09-06T15:50:37","modified_gmt":"2024-09-06T11:50:37","slug":"axsaq-atin-kor-nalb%c9%99ndi-bakinin-qara-siyahisindaki-adam-nec%c9%99-bas-nazir-oldu","status":"publish","type":"post","link":"https:\/\/arantv.az\/?p=751056","title":{"rendered":"Axsaq at\u0131n kor nalb\u0259ndi \u2013 Bak\u0131n\u0131n \u201cqara siyah\u0131s\u0131\u201dndak\u0131 adam nec\u0259 ba\u015f nazir oldu?"},"content":{"rendered":"<p><strong>Fransan\u0131n yeni ba\u015f naziri b\u0259lli oldu. Bu, Mi\u015fel Barnierdir. O \u015f\u0259xs ki, 2021-ci ild\u0259 (44 g\u00fcnl\u00fck m\u00fcharib\u0259d\u0259n sonra!) Qaraba\u011fda qanunsuz peyda olaraq, Az\u0259rbaycan\u0131n suverenliyi v\u0259 \u0259razi b\u00fct\u00f6vl\u00fcy\u00fcn\u0259 meydan oxumu\u015fdu.<\/strong><\/p>\n<p>O vaxt Barnier Fransada prezidentliy\u0259 namiz\u0259d Valeri Pekresl\u0259 i\u015f\u011fal alt\u0131ndak\u0131 \u0259razil\u0259rimizd\u0259ki erm\u0259ni separat\u00e7\u0131 \u00fcns\u00fcrl\u0259rl\u0259 bir araya g\u0259lmi\u015fdi. Bu azm\u0131\u015f kimi, o, Pekresin anti-Az\u0259rbaycan b\u0259yanatlar\u0131na qo\u015fularaq, Bak\u0131dak\u0131 frans\u0131z s\u0259firin geri \u00e7a\u011f\u0131r\u0131lmal\u0131 oldu\u011funu s\u00f6yl\u0259mi\u015f, \u00f6lk\u0259miz\u0259 qar\u015f\u0131 sanksiyalar\u0131n t\u0259tbiqin\u0259 \u00e7a\u011f\u0131r\u0131\u015f etmi\u015fdi.<\/p>\n<p>Az\u0259rbaycan X\u0130N-in \u201cqara siyah\u0131s\u0131\u201dnda olmu\u015f, beyn\u0259lxalq h\u00fcququ h\u0259rl\u0259m\u0259y\u0259n bel\u0259 birisinin ba\u015f nazir k\u00fcrs\u00fcs\u00fcnd\u0259 \u00f6lk\u0259miz\u0259 m\u00fcnasib\u0259tinin yax\u015f\u0131ya d\u0259yi\u015f\u0259c\u0259yini d\u00fc\u015f\u00fcnm\u0259k \u0259lb\u0259tt\u0259, sad\u0259l\u00f6vhl\u00fck olard\u0131. \u018fksin\u0259, onun y\u00fcks\u0259k posta g\u0259li\u015fi il\u0259 iki d\u00f6vl\u0259t aras\u0131nda m\u00fcnasib\u0259tl\u0259rin daha da q\u0259lizl\u0259\u015f\u0259c\u0259yi istisna deyil&#8230;<\/p>\n<p><strong>Erm\u0259ni lobbisinin \u0259siri olan Emmanuel Makrondan ab\u0131rl\u0131 t\u0259yinat g\u00f6zl\u0259nilmirdi d\u0259.<\/strong>\u00a0\u201cAxsaq at\u0131n kor nalb\u0259ndi\u201d m\u0259s\u0259li. \u015e\u00fcbh\u0259 yox ki, bu adam Az\u0259rbaycana destruktiv yana\u015fmada Makrondan geri qalmayacaq. Ola bilsin, ondan \u201ciki \u00e7\u00f6m\u00e7\u0259\u201d art\u0131q da olsun. Ancaq bununla kim\u0259 n\u0259 ed\u0259c\u0259kl\u0259r ki? Sirk\u0259 n\u0259 q\u0259d\u0259r t\u00fcnd olsa, \u00f6z qab\u0131n\u0131 s\u0131nd\u0131rar.<\/p>\n<p>Frans\u0131z fikir adam\u0131 v\u0259 diplomat\u0131 Taleyrana g\u00f6r\u0259, \u201cd\u00fc\u015fm\u0259nl\u0259rin say\u0131n\u0131 art\u0131ran diplomatiya yax\u015f\u0131 diplomatiya deyil\u201d. G\u00f6r\u0259s\u0259n Makron v\u0259 komandas\u0131 bunun f\u0259rqind\u0259mi, he\u00e7 olmasa, \u00f6z m\u00fcdrik soyda\u015f\u0131n\u0131n qiym\u0259tli s\u00f6zl\u0259rini n\u0259 vaxtsa ciddiy\u0259 alacaqm\u0131? Bir ovuc erm\u0259niy\u0259, \u00f6z\u00fc d\u0259 haqs\u0131z v\u0259 s\u0131rt\u0131q erm\u0259niy\u0259 g\u00f6r\u0259 G\u00fcney Qafqaz\u0131n a\u00e7ar \u00f6lk\u0259sin\u0259, dem\u0259li, h\u0259m d\u0259 T\u00fcrkiy\u0259y\u0259 d\u00fc\u015fm\u0259n k\u0259silm\u0259k Paris\u0259 n\u0259 g\u0259tir\u0259c\u0259k ki, ziyandan v\u0259 yeni geosiyasi u\u011fursuzluqdan savay\u0131&#8230;<\/p>\n<p>Bir daha yada salaq: \u015eu\u015fa azad edil\u0259nd\u0259n sonra Fransan\u0131n Bak\u0131dak\u0131 s\u0259firi bu \u015f\u0259h\u0259r\u0259 ayaq basmayan yegan\u0259 Q\u0259rb diplomat\u0131d\u0131r. H\u0259m\u00e7inin Az\u0259rbaycana qar\u015f\u0131 son ill\u0259r bitm\u0259k bilm\u0259y\u0259n dig\u0259r t\u0259xribatlar \u2013 2-ci Qaraba\u011f sava\u015f\u0131ndan d\u0259rhal sonra Fransa parlamentinin mifik \u201carsax\u201d\u0131 \u201cd\u00f6vl\u0259t\u201d kimi tan\u0131mas\u0131, BMT T\u015e-d\u0259 \u00f6lk\u0259miz \u0259leyhin\u0259 3 d\u0259f\u0259 q\u0259tnam\u0259 q\u0259buluna edil\u0259n c\u0259hdl\u0259r, Avropa Parlamentind\u0259 son d\u0259r\u0259c\u0259 q\u0259r\u0259zli anti-Az\u0259rbaycan q\u0259tnam\u0259l\u0259rinin q\u0259buluna moderatorluq v\u0259 lobbi\u00e7ilik etm\u0259k, habel\u0259 b\u00f6lg\u0259d\u0259 permanent \u015f\u0259kild\u0259 s\u00fclh\u0259 yarad\u0131lan \u0259ng\u0259ll\u0259r, o s\u0131rada Erm\u0259nistan\u0131n durmadan silahland\u0131r\u0131lmas\u0131 v\u0259 s\u00fclh m\u00fcqavil\u0259sind\u0259n yay\u0131nd\u0131r\u0131lmas\u0131, X.Nat\u0259van\u0131n heyk\u0259lin\u0259 qar\u015f\u0131 vandall\u0131\u011fa m\u00fcnasib\u0259td\u0259 heyr\u0259tamiz susqunluq, n\u0259hay\u0259t, Bak\u0131ya qar\u015f\u0131 olimpiada t\u0259xribatlar\u0131 v\u0259 s. Bel\u0259c\u0259, Makron Fransas\u0131n\u0131n Az\u0259rbaycana kin-hikk\u0259si bitmir.<\/p>\n<p><strong>Sentyabr\u0131n 21-d\u0259, Erm\u0259nistan\u0131n \u201cm\u00fcst\u0259qillik g\u00fcn\u00fc\u201dnd\u0259 is\u0259 (g\u00f6r\u0259s\u0259n bu qondarma d\u00f6vl\u0259t n\u0259 vaxt m\u00fcst\u0259qil olub?)<\/strong>\u00a0E.Makronun \u0130r\u0259vana g\u0259l\u0259c\u0259yi anons edilib. M\u0259lum m\u0259s\u0259l\u0259dir ki, ba\u015f tutaca\u011f\u0131 t\u0259qdird\u0259 s\u0259f\u0259r m\u00fcst\u0259sna olaraq kapitulyant \u00f6lk\u0259ni Az\u0259rbaycan v\u0259 T\u00fcrkiy\u0259y\u0259 qar\u015f\u0131 bir az da q\u0131z\u0131\u015fd\u0131rmaq v\u0259 daha aqressiv el\u0259m\u0259k niyy\u0259ti g\u00fcd\u0259c\u0259k. Separat\u00e7\u0131-revan\u015fist elementl\u0259r\u0259 yeni stimul, qol-qanad ver\u0259c\u0259k.<\/p>\n<p>Bu fonda Az\u0259rbaycan\u0131n \u0130taliya timsal\u0131nda Avropa \u0130ttifaq\u0131n\u0131n apar\u0131c\u0131 d\u00f6vl\u0259tl\u0259rind\u0259n biri il\u0259 \u0259laq\u0259l\u0259ri daha da s\u0131xla\u015fd\u0131rmas\u0131 m\u00fch\u00fcm \u00f6n\u0259m da\u015f\u0131y\u0131r v\u0259 r\u0259smi Parisin \u201ck\u00f6hn\u0259 qit\u0259\u201dd\u0259 \u00f6lk\u0259mizi t\u0259kl\u0259m\u0259k siyas\u0259tin\u0259 n\u00f6vb\u0259ti ciddi z\u0259rb\u0259dir. Erm\u0259ni lobbisin\u0259 v\u0259 Erm\u0259nistana da bu z\u0259rb\u0259d\u0259n pay d\u00fc\u015f\u0259c\u0259k&#8230;<\/p>\n<p><strong>Siyas\u0259t \u015f\u00f6b\u0259si,<\/strong><br \/>\n<strong>Musavat.com<\/strong><\/p>\n","protected":false},"excerpt":{"rendered":"<p>Fransan\u0131n yeni ba\u015f naziri b\u0259lli oldu. Bu, Mi\u015fel Barnierdir. O \u015f\u0259xs ki, 2021-ci ild\u0259 (44 g\u00fcnl\u00fck m\u00fcharib\u0259d\u0259n sonra!) Qaraba\u011fda qanunsuz peyda olaraq, Az\u0259rbaycan\u0131n suverenliyi v\u0259 \u0259razi b\u00fct\u00f6vl\u00fcy\u00fcn\u0259 meydan oxumu\u015fdu. O vaxt Barnier Fransada prezidentliy\u0259 namiz\u0259d Valeri Pekresl\u0259 i\u015f\u011fal alt\u0131ndak\u0131 \u0259razil\u0259rimizd\u0259ki erm\u0259ni separat\u00e7\u0131 \u00fcns\u00fcrl\u0259rl\u0259 bir araya g\u0259lmi\u015fdi. Bu azm\u0131\u015f kimi, o, Pekresin anti-Az\u0259rbaycan b\u0259yanatlar\u0131na qo\u015fularaq, Bak\u0131dak\u0131 frans\u0131z s\u0259firin geri \u00e7a\u011f\u0131r\u0131lmal\u0131 oldu\u011funu s\u00f6yl\u0259mi\u015f, \u00f6lk\u0259miz\u0259 qar\u015f\u0131 sanksiyalar\u0131n t\u0259tbiqin\u0259 \u00e7a\u011f\u0131r\u0131\u015f etmi\u015fdi. Az\u0259rbaycan X\u0130N-in \u201cqara siyah\u0131s\u0131\u201dnda olmu\u015f, beyn\u0259lxalq h\u00fcququ h\u0259rl\u0259m\u0259y\u0259n bel\u0259 birisinin ba\u015f nazir k\u00fcrs\u00fcs\u00fcnd\u0259 \u00f6lk\u0259miz\u0259 m\u00fcnasib\u0259tinin yax\u015f\u0131ya d\u0259yi\u015f\u0259c\u0259yini d\u00fc\u015f\u00fcnm\u0259k \u0259lb\u0259tt\u0259, sad\u0259l\u00f6vhl\u00fck olard\u0131. \u018fksin\u0259, onun&hellip;<\/p>\n","protected":false},"author":2,"featured_media":751057,"comment_status":"closed","ping_status":"closed","sticky":false,"template":"","format":"standard","meta":{"om_disable_all_campaigns":false,"_monsterinsights_skip_tracking":false,"_monsterinsights_sitenote_active":false,"_monsterinsights_sitenote_note":"","_monsterinsights_sitenote_category":0},"categories":[4],"tags":[],"aioseo_notices":[],"gutentor_comment":0,"rttpg_featured_image_url":{"full":["https:\/\/arantv.az\/wp-content\/uploads\/2024\/09\/5d7175631e24ad000a7131e99bb71102.png",870,500,false],"landscape":["https:\/\/arantv.az\/wp-content\/uploads\/2024\/09\/5d7175631e24ad000a7131e99bb71102.png",870,500,false],"portraits":["https:\/\/arantv.az\/wp-content\/uploads\/2024\/09\/5d7175631e24ad000a7131e99bb71102.png",870,500,false],"thumbnail":["https:\/\/arantv.az\/wp-content\/uploads\/2024\/09\/5d7175631e24ad000a7131e99bb71102-500x280.png",500,280,true],"medium":["https:\/\/arantv.az\/wp-content\/uploads\/2024\/09\/5d7175631e24ad000a7131e99bb71102-635x365.png",635,365,true],"large":["https:\/\/arantv.az\/wp-content\/uploads\/2024\/09\/5d7175631e24ad000a7131e99bb71102-840x483.png",640,368,true],"1536x1536":["https:\/\/arantv.az\/wp-content\/uploads\/2024\/09\/5d7175631e24ad000a7131e99bb71102.png",870,500,false],"2048x2048":["https:\/\/arantv.az\/wp-content\/uploads\/2024\/09\/5d7175631e24ad000a7131e99bb71102.png",870,500,false],"post-thumbnail":["https:\/\/arantv.az\/wp-content\/uploads\/2024\/09\/5d7175631e24ad000a7131e99bb71102-240x172.png",240,172,true],"advps-thumb-one":["https:\/\/arantv.az\/wp-content\/uploads\/2024\/09\/5d7175631e24ad000a7131e99bb71102.png",870,500,false]},"rttpg_author":{"display_name":"V\u00fcsal Rafiqo\u011flu","author_link":"https:\/\/arantv.az\/?author=2"},"rttpg_comment":0,"rttpg_category":"<a href=\"https:\/\/arantv.az\/?cat=4\" rel=\"category\">Siyas\u0259t<\/a>","rttpg_excerpt":"Fransan\u0131n yeni ba\u015f naziri b\u0259lli oldu. Bu, Mi\u015fel Barnierdir. O \u015f\u0259xs ki, 2021-ci ild\u0259 (44 g\u00fcnl\u00fck m\u00fcharib\u0259d\u0259n sonra!) Qaraba\u011fda qanunsuz peyda olaraq, Az\u0259rbaycan\u0131n suverenliyi v\u0259 \u0259razi b\u00fct\u00f6vl\u00fcy\u00fcn\u0259 meydan oxumu\u015fdu. O vaxt Barnier Fransada prezidentliy\u0259 namiz\u0259d Valeri Pekresl\u0259 i\u015f\u011fal alt\u0131ndak\u0131 \u0259razil\u0259rimizd\u0259ki erm\u0259ni separat\u00e7\u0131 \u00fcns\u00fcrl\u0259rl\u0259 bir araya g\u0259lmi\u015fdi. Bu azm\u0131\u015f kimi, o, Pekresin anti-Az\u0259rbaycan b\u0259yanatlar\u0131na qo\u015fularaq, Bak\u0131dak\u0131&hellip;","_links":{"self":[{"href":"https:\/\/arantv.az\/index.php?rest_route=\/wp\/v2\/posts\/751056"}],"collection":[{"href":"https:\/\/arantv.az\/index.php?rest_route=\/wp\/v2\/posts"}],"about":[{"href":"https:\/\/arantv.az\/index.php?rest_route=\/wp\/v2\/types\/post"}],"author":[{"embeddable":true,"href":"https:\/\/arantv.az\/index.php?rest_route=\/wp\/v2\/users\/2"}],"replies":[{"embeddable":true,"href":"https:\/\/arantv.az\/index.php?rest_route=%2Fwp%2Fv2%2Fcomments&post=751056"}],"version-history":[{"count":1,"href":"https:\/\/arantv.az\/index.php?rest_route=\/wp\/v2\/posts\/751056\/revisions"}],"predecessor-version":[{"id":751058,"href":"https:\/\/arantv.az\/index.php?rest_route=\/wp\/v2\/posts\/751056\/revisions\/751058"}],"wp:featuredmedia":[{"embeddable":true,"href":"https:\/\/arantv.az\/index.php?rest_route=\/wp\/v2\/media\/751057"}],"wp:attachment":[{"href":"https:\/\/arantv.az\/index.php?rest_route=%2Fwp%2Fv2%2Fmedia&parent=751056"}],"wp:term":[{"taxonomy":"category","embeddable":true,"href":"https:\/\/arantv.az\/index.php?rest_route=%2Fwp%2Fv2%2Fcategories&post=751056"},{"taxonomy":"post_tag","embeddable":true,"href":"https:\/\/arantv.az\/index.php?rest_route=%2Fwp%2Fv2%2Ftags&post=751056"}],"curies":[{"name":"wp","href":"https:\/\/api.w.org\/{rel}","templated":true}]}}