{"id":751059,"date":"2024-09-06T15:51:50","date_gmt":"2024-09-06T11:51:50","guid":{"rendered":"https:\/\/arantv.az\/?p=751059"},"modified":"2024-09-06T15:51:50","modified_gmt":"2024-09-06T11:51:50","slug":"d%c9%99rslikl%c9%99rin-%c9%99ld%c9%99-edilm%c9%99si-il%c9%99-bagli-valideynl%c9%99r%c9%99-muraci%c9%99t-edildi","status":"publish","type":"post","link":"https:\/\/arantv.az\/?p=751059","title":{"rendered":"D\u0259rslikl\u0259rin \u0259ld\u0259 edilm\u0259si il\u0259 ba\u011fl\u0131 valideynl\u0259r\u0259 m\u00fcraci\u0259t edildi"},"content":{"rendered":"<p><strong>M\u0259kt\u0259b\u0259q\u0259d\u0259r v\u0259 \u00dcmumi T\u0259hsil \u00fczr\u0259 D\u00f6vl\u0259t Agentliyi yeni t\u0259dris ilinin ba\u015flanmas\u0131 il\u0259 \u0259laq\u0259li d\u0259rslikl\u0259rin \u0259ld\u0259 edilm\u0259sin\u0259 g\u00f6r\u0259 valideynl\u0259r\u0259 m\u00fcraci\u0259t edib.<\/strong><\/p>\n<p><strong>Musavat.com<\/strong>-un m\u0259lumat\u0131na g\u00f6r\u0259, m\u00fcraci\u0259td\u0259 deyilir:<\/p>\n<p>&#8220;Yeni t\u0259dris ilinin ba\u015flamas\u0131na az qal\u0131b. Bu m\u0259qs\u0259dl\u0259 yerli t\u0259hsili idar\u0259etm\u0259 orqanlar\u0131na d\u0259rslikl\u0259rin t\u0259hsil m\u00fc\u0259ssis\u0259l\u0259rin\u0259 paylanmas\u0131 il\u0259 ba\u011fl\u0131 m\u00fcvafiq tap\u015f\u0131r\u0131qlar verilib. T\u0259dris ili ba\u015flamadan valideynl\u0259rd\u0259n \u00f6vladlar\u0131n\u0131n t\u0259hsil ald\u0131\u011f\u0131 m\u00fc\u0259ssis\u0259l\u0259r\u0259 yax\u0131nla\u015faraq d\u0259rslikl\u0259ri m\u0259sul \u015f\u0259xsl\u0259rd\u0259n t\u0259hvil almalar\u0131 xahi\u015f olunur. D\u0259rslikl\u0259rin vaxt\u0131nda \u0259ld\u0259 olunmas\u0131 t\u0259drisin s\u0259m\u0259r\u0259li v\u0259 fasil\u0259siz davam etm\u0259si \u00fc\u00e7\u00fcn vacibdir. Valideynl\u0259r d\u0259rslikl\u0259rin t\u0259hvil al\u0131nmas\u0131 \u00fc\u00e7\u00fcn m\u00fcvafiq t\u0259hsil m\u00fc\u0259ssis\u0259l\u0259ri il\u0259 \u0259laq\u0259 saxlayaraq prosesl\u0259 ba\u011fl\u0131 \u0259lav\u0259 m\u0259lumat \u0259ld\u0259 ed\u0259 bil\u0259rl\u0259r&#8221;.<\/p>\n","protected":false},"excerpt":{"rendered":"<p>M\u0259kt\u0259b\u0259q\u0259d\u0259r v\u0259 \u00dcmumi T\u0259hsil \u00fczr\u0259 D\u00f6vl\u0259t Agentliyi yeni t\u0259dris ilinin ba\u015flanmas\u0131 il\u0259 \u0259laq\u0259li d\u0259rslikl\u0259rin \u0259ld\u0259 edilm\u0259sin\u0259 g\u00f6r\u0259 valideynl\u0259r\u0259 m\u00fcraci\u0259t edib. Musavat.com-un m\u0259lumat\u0131na g\u00f6r\u0259, m\u00fcraci\u0259td\u0259 deyilir: &#8220;Yeni t\u0259dris ilinin ba\u015flamas\u0131na az qal\u0131b. Bu m\u0259qs\u0259dl\u0259 yerli t\u0259hsili idar\u0259etm\u0259 orqanlar\u0131na d\u0259rslikl\u0259rin t\u0259hsil m\u00fc\u0259ssis\u0259l\u0259rin\u0259 paylanmas\u0131 il\u0259 ba\u011fl\u0131 m\u00fcvafiq tap\u015f\u0131r\u0131qlar verilib. T\u0259dris ili ba\u015flamadan valideynl\u0259rd\u0259n \u00f6vladlar\u0131n\u0131n t\u0259hsil ald\u0131\u011f\u0131 m\u00fc\u0259ssis\u0259l\u0259r\u0259 yax\u0131nla\u015faraq d\u0259rslikl\u0259ri m\u0259sul \u015f\u0259xsl\u0259rd\u0259n t\u0259hvil almalar\u0131 xahi\u015f olunur. D\u0259rslikl\u0259rin vaxt\u0131nda \u0259ld\u0259 olunmas\u0131 t\u0259drisin s\u0259m\u0259r\u0259li v\u0259 fasil\u0259siz davam etm\u0259si \u00fc\u00e7\u00fcn vacibdir. Valideynl\u0259r d\u0259rslikl\u0259rin t\u0259hvil al\u0131nmas\u0131 \u00fc\u00e7\u00fcn m\u00fcvafiq t\u0259hsil m\u00fc\u0259ssis\u0259l\u0259ri il\u0259 \u0259laq\u0259 saxlayaraq prosesl\u0259 ba\u011fl\u0131 \u0259lav\u0259 m\u0259lumat \u0259ld\u0259&hellip;<\/p>\n","protected":false},"author":2,"featured_media":751060,"comment_status":"closed","ping_status":"closed","sticky":false,"template":"","format":"standard","meta":{"om_disable_all_campaigns":false,"_monsterinsights_skip_tracking":false,"_monsterinsights_sitenote_active":false,"_monsterinsights_sitenote_note":"","_monsterinsights_sitenote_category":0},"categories":[23],"tags":[],"aioseo_notices":[],"gutentor_comment":0,"rttpg_featured_image_url":{"full":["https:\/\/arantv.az\/wp-content\/uploads\/2024\/09\/cfa1dd648daa65dee17f264de8c5b768.jpg",850,500,false],"landscape":["https:\/\/arantv.az\/wp-content\/uploads\/2024\/09\/cfa1dd648daa65dee17f264de8c5b768.jpg",850,500,false],"portraits":["https:\/\/arantv.az\/wp-content\/uploads\/2024\/09\/cfa1dd648daa65dee17f264de8c5b768.jpg",850,500,false],"thumbnail":["https:\/\/arantv.az\/wp-content\/uploads\/2024\/09\/cfa1dd648daa65dee17f264de8c5b768-500x280.jpg",500,280,true],"medium":["https:\/\/arantv.az\/wp-content\/uploads\/2024\/09\/cfa1dd648daa65dee17f264de8c5b768-621x365.jpg",621,365,true],"large":["https:\/\/arantv.az\/wp-content\/uploads\/2024\/09\/cfa1dd648daa65dee17f264de8c5b768-840x494.jpg",640,376,true],"1536x1536":["https:\/\/arantv.az\/wp-content\/uploads\/2024\/09\/cfa1dd648daa65dee17f264de8c5b768.jpg",850,500,false],"2048x2048":["https:\/\/arantv.az\/wp-content\/uploads\/2024\/09\/cfa1dd648daa65dee17f264de8c5b768.jpg",850,500,false],"post-thumbnail":["https:\/\/arantv.az\/wp-content\/uploads\/2024\/09\/cfa1dd648daa65dee17f264de8c5b768-240x172.jpg",240,172,true],"advps-thumb-one":["https:\/\/arantv.az\/wp-content\/uploads\/2024\/09\/cfa1dd648daa65dee17f264de8c5b768.jpg",850,500,false]},"rttpg_author":{"display_name":"V\u00fcsal Rafiqo\u011flu","author_link":"https:\/\/arantv.az\/?author=2"},"rttpg_comment":0,"rttpg_category":"<a href=\"https:\/\/arantv.az\/?cat=23\" rel=\"category\">T\u0259hsil<\/a>","rttpg_excerpt":"M\u0259kt\u0259b\u0259q\u0259d\u0259r v\u0259 \u00dcmumi T\u0259hsil \u00fczr\u0259 D\u00f6vl\u0259t Agentliyi yeni t\u0259dris ilinin ba\u015flanmas\u0131 il\u0259 \u0259laq\u0259li d\u0259rslikl\u0259rin \u0259ld\u0259 edilm\u0259sin\u0259 g\u00f6r\u0259 valideynl\u0259r\u0259 m\u00fcraci\u0259t edib. Musavat.com-un m\u0259lumat\u0131na g\u00f6r\u0259, m\u00fcraci\u0259td\u0259 deyilir: &#8220;Yeni t\u0259dris ilinin ba\u015flamas\u0131na az qal\u0131b. Bu m\u0259qs\u0259dl\u0259 yerli t\u0259hsili idar\u0259etm\u0259 orqanlar\u0131na d\u0259rslikl\u0259rin t\u0259hsil m\u00fc\u0259ssis\u0259l\u0259rin\u0259 paylanmas\u0131 il\u0259 ba\u011fl\u0131 m\u00fcvafiq tap\u015f\u0131r\u0131qlar verilib. T\u0259dris ili ba\u015flamadan valideynl\u0259rd\u0259n \u00f6vladlar\u0131n\u0131n t\u0259hsil ald\u0131\u011f\u0131 m\u00fc\u0259ssis\u0259l\u0259r\u0259 yax\u0131nla\u015faraq&hellip;","_links":{"self":[{"href":"https:\/\/arantv.az\/index.php?rest_route=\/wp\/v2\/posts\/751059"}],"collection":[{"href":"https:\/\/arantv.az\/index.php?rest_route=\/wp\/v2\/posts"}],"about":[{"href":"https:\/\/arantv.az\/index.php?rest_route=\/wp\/v2\/types\/post"}],"author":[{"embeddable":true,"href":"https:\/\/arantv.az\/index.php?rest_route=\/wp\/v2\/users\/2"}],"replies":[{"embeddable":true,"href":"https:\/\/arantv.az\/index.php?rest_route=%2Fwp%2Fv2%2Fcomments&post=751059"}],"version-history":[{"count":1,"href":"https:\/\/arantv.az\/index.php?rest_route=\/wp\/v2\/posts\/751059\/revisions"}],"predecessor-version":[{"id":751061,"href":"https:\/\/arantv.az\/index.php?rest_route=\/wp\/v2\/posts\/751059\/revisions\/751061"}],"wp:featuredmedia":[{"embeddable":true,"href":"https:\/\/arantv.az\/index.php?rest_route=\/wp\/v2\/media\/751060"}],"wp:attachment":[{"href":"https:\/\/arantv.az\/index.php?rest_route=%2Fwp%2Fv2%2Fmedia&parent=751059"}],"wp:term":[{"taxonomy":"category","embeddable":true,"href":"https:\/\/arantv.az\/index.php?rest_route=%2Fwp%2Fv2%2Fcategories&post=751059"},{"taxonomy":"post_tag","embeddable":true,"href":"https:\/\/arantv.az\/index.php?rest_route=%2Fwp%2Fv2%2Ftags&post=751059"}],"curies":[{"name":"wp","href":"https:\/\/api.w.org\/{rel}","templated":true}]}}