{"id":751062,"date":"2024-09-06T15:52:45","date_gmt":"2024-09-06T11:52:45","guid":{"rendered":"https:\/\/arantv.az\/?p=751062"},"modified":"2024-09-06T15:52:45","modified_gmt":"2024-09-06T11:52:45","slug":"ukraynanin-q%c9%99birqazanlari","status":"publish","type":"post","link":"https:\/\/arantv.az\/?p=751062","title":{"rendered":"Ukraynan\u0131n \u201cq\u0259birqazanlar\u0131\u201d"},"content":{"rendered":"<h3><em><strong>\u201cB\u00f6y\u00fck adam\u0131n ki\u00e7ik \u00f6lk\u0259ni yey\u0259c\u0259yi d\u00fcnyada ya\u015famaq ist\u0259mirik\u201d dey\u0259nl\u0259r&#8230;<\/strong><\/em><\/h3>\n<p><strong>Putin v\u0259 Zelenski eyni g\u00fcnd\u0259 m\u00fcharib\u0259nin bitm\u0259si il\u0259 ba\u011fl\u0131 dan\u0131\u015fd\u0131lar. Vladivostok forumunda Putin dedi ki, Rusiya s\u00fclh dan\u0131\u015f\u0131qlardan he\u00e7 vaxt imtina etm\u0259yib, Ukraynan\u0131n neytrall\u0131\u011f\u0131n\u0131 da n\u0259z\u0259rd\u0259 tutan \u0130stanbul raz\u0131la\u015fmalar\u0131 \u0259sas\u0131nda buna yen\u0259 d\u0259 haz\u0131rd\u0131rlar. Zelenski is\u0259 \u201cNBC News\u201da m\u00fcsahib\u0259sind\u0259 deyib ki, Ukrayna \u0130sve\u00e7r\u0259d\u0259 ke\u00e7irilmi\u015f ilk s\u00fclh sammitinin q\u0259tnam\u0259sini imzalayanlarla birlikd\u0259 m\u00fcharib\u0259ni bitirm\u0259k \u00fc\u00e7\u00fcn plan haz\u0131rlayacaq v\u0259 ikinci sammitd\u0259 m\u00fczakir\u0259y\u0259 \u00e7\u0131xaracaq. O, Rusiyan\u0131n ikinci qlobal s\u00fclh sammitind\u0259 m\u00fctl\u0259q i\u015ftirak etm\u0259li oldu\u011funu vur\u011fulay\u0131b.<\/strong><\/p>\n<p><strong><img loading=\"lazy\" src=\"https:\/\/cdn.musavat.com\/news\/thumbnails\/2c1821f215340c18e9bf249193770e28.jpg\" alt=\"918e92397263746eef2fd47228581620.jpg (175 KB)\" width=\"700\" height=\"467\" \/><\/strong><\/p>\n<p>Biz iki Qaraba\u011f m\u00fcharib\u0259si ya\u015fam\u0131\u015f \u00f6lk\u0259yik v\u0259 bel\u0259 diplomatik tryuklar\u0131n n\u0259 dem\u0259k oldu\u011funun f\u0259rqind\u0259yik. \u00d6mr\u00fcm\u00fcz\u00fcn 30 ilinin \u201cyeyib\u201d s\u00fclh dan\u0131\u015f\u0131qlar\u0131. Ortada is\u0259 he\u00e7 bir n\u0259tic\u0259 olmay\u0131b. Ona g\u00f6r\u0259 el\u0259 \u0259n yax\u015f\u0131 biz bilirik ki, dan\u0131\u015f\u0131qlara haz\u0131r olmaqla m\u00fcharib\u0259ni bitirm\u0259k aras\u0131nda ciddi f\u0259rql\u0259r var. \u00c7\u00fcnki h\u0259r iki t\u0259r\u0259fin h\u0259rbi \u0259m\u0259liyyatlar\u0131 ba\u015fa \u00e7atd\u0131rmaq \u00fc\u00e7\u00fcn \u00f6z \u015f\u0259rtl\u0259ri var. Putinin \u015f\u0259rtl\u0259rinin xat\u0131rlayaq: Ukrayna \u00f6z qo\u015funlar\u0131n\u0131 d\u00f6rd regiondan (Donetsk, Zaporojye, Luqansk v\u0259 Xerson) \u00e7\u0131xarmal\u0131d\u0131r. Kiyevin r\u0259smi m\u00f6vqeyi d\u0259 d\u0259yi\u015fm\u0259zdir: b\u00fct\u00fcn rus qo\u015funlar\u0131 1991-ci il s\u0259rh\u0259dl\u0259ri daxilin\u0259 geri \u00e7\u0259kilm\u0259lidir. Zelenski Rusiyaya t\u0259klif olunacaq ayr\u0131ca s\u00fclh plan\u0131 haz\u0131rlanaca\u011f\u0131n\u0131 deyir, ancaq bu s\u0259n\u0259din d\u0259 Moskvan\u0131n art\u0131q q\u0259buledilm\u0259z adland\u0131rd\u0131\u011f\u0131 \u201cs\u00fclh formulundan\u201d \u0259sasl\u0131 \u015f\u0259kild\u0259 f\u0259rql\u0259n\u0259c\u0259yi g\u00f6zl\u0259nilmir. N\u0259 s\u00fclh formullar\u0131 e\u015fitm\u0259dik: \u201cKavano plan\u0131\u201d, \u201cLavrov plan\u0131\u201d, \u201cMedvedyev plan\u0131\u201d, Madrid prinsipl\u0259ri&#8230;Ham\u0131s\u0131 n\u0259tic\u0259siz. Ukrayna daha qlobal m\u00fcharib\u0259dir, b\u00fct\u00fcn d\u00fcnyan\u0131 silk\u0259l\u0259yir, yeni d\u0259ng\u0259l\u0259r yaran\u0131r, \u0259skil\u0259ri pozulur&#8230; 925 g\u00fcnd\u00fcr davam edir, n\u0259 q\u0259d\u0259r davam ed\u0259c\u0259yini is\u0259 \u201co lotular\u201d bilir.<\/p>\n<p><img loading=\"lazy\" src=\"https:\/\/cdn.musavat.com\/news\/thumbnails\/e9c8258b6ea65e46d9db79282b61e2e4.jpg\" alt=\"8f64d9592b0f25eedabeebdc6e4bf7c3.jpg (54 KB)\" width=\"700\" height=\"402\" \/><\/p>\n<p>Q\u0259rbd\u0259n d\u0259 bu m\u00f6vzuda qar\u0131\u015f\u0131q siqnallar g\u0259lm\u0259kd\u0259dir. M\u0259s\u0259l\u0259n, Avstriya kansleri dan\u0131\u015f\u0131qlar\u0131 \u00f6z \u00f6lk\u0259sind\u0259 t\u0259\u015fkil etm\u0259y\u0259 haz\u0131r oldu\u011funu deyib. Britaniyan\u0131n sabiq ba\u015f naziri, t\u00fcrk k\u00f6k\u0259nli Boris Conson is\u0259 yen\u0259 t\u0259\u0259cc\u00fcbl\u0259ndirm\u0259yib. Bu adam\u0131n Ukrayna xalq\u0131 il\u0259 n\u0259 d\u00fc\u015fm\u0259n\u00e7iliyi var, do\u011frusu anlamaq \u00e7\u0259tindir. Prankerl\u0259r \u201cVovan\u201d v\u0259 \u201cLexus\u201d onu kimins\u0259 ad\u0131 il\u0259 m\u00fcsahib\u0259y\u0259 \u00e7\u0259kibl\u0259r. Vaxtil\u0259 sonuncu ukraynal\u0131yad\u0259k m\u00fcharib\u0259nin davam etm\u0259sini ist\u0259y\u0259n Conson indi d\u0259 deyib ki, Ukraynaya daha \u00e7ox uzaqm\u0259nzilli raketl\u0259r verilm\u0259li, onlar\u0131n istifad\u0259sin\u0259 qoyulan m\u0259hdudiyy\u0259tl\u0259ri aradan qald\u0131rmal\u0131 v\u0259 Kr\u0131m k\u00f6rp\u00fcs\u00fc vurulmal\u0131d\u0131r. Conson onu da deyib ki, 18-25 ya\u015fl\u0131 g\u0259ncl\u0259r s\u0259f\u0259rb\u0259rliy\u0259 c\u0259lb olunursa, ordunun say\u0131 v\u0259 g\u00fcc\u00fc artar. Bu, el\u0259 sonuncu ukraynal\u0131yad\u0259k \u00f6lm\u0259y\u0259 \u00e7a\u011f\u0131r\u0131\u015f\u0131n t\u0259krar\u0131d\u0131r&#8230;<\/p>\n<p>\u0130ki il \u0259vv\u0259l istefaya ged\u0259nd\u0259 yazm\u0131\u015fd\u0131m ki, Consona d\u00fc\u015f\u0259n v\u0259 yara\u015fan bu olar ki, h\u0259rbi paltar\u0131n\u0131 geyinib getsin Kiyev\u0259, Zelenski d\u0259 onu \u00f6n c\u0259bh\u0259y\u0259 g\u00f6nd\u0259rsin, gedib Ukrayna sevgisini bir d\u0259 bel\u0259 s\u00fcbut etsin. Conson ba\u015f nazir olanda ortadan \u00e7\u0131xm\u0131rd\u0131, zaman\u0131n\u0131 v\u0259 enerjisini \u00f6z \u00f6lk\u0259sind\u0259n daha \u00e7ox \u201cRusiyan\u0131 m\u0259\u011flub etm\u0259yin yollar\u0131n\u0131 axtarma\u011fa\u201d s\u0259rf edirdi. Britaniya n\u0259h\u0259ng siyas\u0259t-diplomatiya adamlar\u0131n\u0131n v\u0259t\u0259nidir, amma Consona bu \u201cqazandan az pay d\u00fc\u015fd\u00fcy\u00fc\u201d \u0259vv\u0259ld\u0259n a\u015fkar idi. Siyas\u0259td\u0259n uzaqla\u015fsa da, a\u00e7\u0131qlamalar\u0131ndan g\u00f6r\u00fcn\u00fcr ki, \u0259ski kafadad\u0131r, he\u00e7 d\u0259yi\u015fm\u0259yib. Ukrayna ciddi itkil\u0259r verib, \u00f6lk\u0259 da\u011f\u0131l\u0131b, \u0259n az\u0131 9-10 milyonu xaric\u0259 qa\u00e7\u0131b. Bu \u201ca\u011f\u0131ll\u0131\u201d is\u0259 deyir ki, yeniyetm\u0259l\u0259ri d\u0259 s\u0259f\u0259rb\u0259r edin, g\u00f6nd\u0259rin q\u0131r\u0131ls\u0131nlar. V\u0259t\u0259ni qorumaq h\u0259r bir v\u0259t\u0259nda\u015f\u0131n borcudur, amma Ukraynada \u201co h\u0259na deyil\u201d v\u0259 bunu ham\u0131dan yax\u015f\u0131 Boris bilir&#8230;<\/p>\n<p><img loading=\"lazy\" src=\"https:\/\/cdn.musavat.com\/news\/thumbnails\/00f9b493151630739af44d9cf55e0a20.jpg\" alt=\"1633877610_sd.jpg (85 KB)\" width=\"700\" height=\"394\" \/><\/p>\n<p>AB\u015e d\u00f6vl\u0259t katibinin ke\u00e7mi\u015f m\u00fcavini Viktoriya Nuland da Ukraynan\u0131 yax\u015f\u0131 tan\u0131y\u0131r. \u201cMaydan h\u0259r\u0259kat\u0131\u201dndan b\u0259ri D\u00f6vl\u0259t Departamentind\u0259 Ukrayna onun kurasiyas\u0131nda olub. O da Rusiya il\u0259 s\u00fclh\u00fcn \u0259leyhin\u0259 fikirl\u0259r s\u0259sl\u0259ndirib, Amerika xalq\u0131n\u0131n Tramp\u0131n Ukraynadan \u00fcz d\u00f6nd\u0259rm\u0259sin\u0259 imkan verm\u0259y\u0259c\u0259yini deyib. Amma Nuland diqq\u0259t\u00e7\u0259k\u0259n bir fikir d\u0259 s\u00f6yl\u0259yib. \u201cBiz b\u00f6y\u00fck adam\u0131n ki\u00e7ik bir \u00f6lk\u0259ni ist\u0259diyi \u00fc\u00e7\u00fcn yey\u0259 bil\u0259c\u0259yi bir d\u00fcnyada ya\u015famaq ist\u0259mirik\u201d. Qula\u011fa xo\u015f g\u0259l\u0259n s\u00f6zl\u0259rdir. Amma demir ki, o \u00f6lk\u0259ni \u201cb\u00f6y\u00fck adam\u0131n a\u011fz\u0131na at\u0131b\u201d b\u0259db\u0259xt ed\u0259nl\u0259r el\u0259 \u00f6zl\u0259ridir. \u0130ndi k\u0259nardan da h\u0259l\u0259 \u201cdayanma, sava\u015f deyirl\u0259r&#8230;\u201d<\/p>\n<p>Q\u0259rb \u00f6lk\u0259l\u0259rinin indiki hakimiyy\u0259tl\u0259ri d\u0259 a\u015fa\u011f\u0131-yuxar\u0131 eyni m\u00f6vqed\u0259dirl\u0259r. M\u00fcharib\u0259nin sona \u00e7atmas\u0131 \u00fc\u00e7\u00fcn dan\u0131\u015f\u0131qlar\u0131n z\u0259ruriliyi haqda fikirl\u0259r s\u0259sl\u0259ns\u0259 d\u0259, bu m\u00f6vqe h\u0259l\u0259 dominant deyil&#8230;<\/p>\n<p><strong>Nazim SAB\u0130RO\u011eLU<\/strong><br \/>\n<strong>Musavat.com<\/strong><\/p>\n","protected":false},"excerpt":{"rendered":"<p>\u201cB\u00f6y\u00fck adam\u0131n ki\u00e7ik \u00f6lk\u0259ni yey\u0259c\u0259yi d\u00fcnyada ya\u015famaq ist\u0259mirik\u201d dey\u0259nl\u0259r&#8230; Putin v\u0259 Zelenski eyni g\u00fcnd\u0259 m\u00fcharib\u0259nin bitm\u0259si il\u0259 ba\u011fl\u0131 dan\u0131\u015fd\u0131lar. Vladivostok forumunda Putin dedi ki, Rusiya s\u00fclh dan\u0131\u015f\u0131qlardan he\u00e7 vaxt imtina etm\u0259yib, Ukraynan\u0131n neytrall\u0131\u011f\u0131n\u0131 da n\u0259z\u0259rd\u0259 tutan \u0130stanbul raz\u0131la\u015fmalar\u0131 \u0259sas\u0131nda buna yen\u0259 d\u0259 haz\u0131rd\u0131rlar. Zelenski is\u0259 \u201cNBC News\u201da m\u00fcsahib\u0259sind\u0259 deyib ki, Ukrayna \u0130sve\u00e7r\u0259d\u0259 ke\u00e7irilmi\u015f ilk s\u00fclh sammitinin q\u0259tnam\u0259sini imzalayanlarla birlikd\u0259 m\u00fcharib\u0259ni bitirm\u0259k \u00fc\u00e7\u00fcn plan haz\u0131rlayacaq v\u0259 ikinci sammitd\u0259 m\u00fczakir\u0259y\u0259 \u00e7\u0131xaracaq. O, Rusiyan\u0131n ikinci qlobal s\u00fclh sammitind\u0259 m\u00fctl\u0259q i\u015ftirak etm\u0259li oldu\u011funu vur\u011fulay\u0131b. Biz iki Qaraba\u011f m\u00fcharib\u0259si ya\u015fam\u0131\u015f \u00f6lk\u0259yik v\u0259 bel\u0259 diplomatik tryuklar\u0131n&hellip;<\/p>\n","protected":false},"author":2,"featured_media":751063,"comment_status":"closed","ping_status":"closed","sticky":false,"template":"","format":"standard","meta":{"om_disable_all_campaigns":false,"_monsterinsights_skip_tracking":false,"_monsterinsights_sitenote_active":false,"_monsterinsights_sitenote_note":"","_monsterinsights_sitenote_category":0},"categories":[1],"tags":[],"aioseo_notices":[],"gutentor_comment":0,"rttpg_featured_image_url":{"full":["https:\/\/arantv.az\/wp-content\/uploads\/2024\/09\/b1577840cc78181491dec8ed26b50d1a.jpg",870,500,false],"landscape":["https:\/\/arantv.az\/wp-content\/uploads\/2024\/09\/b1577840cc78181491dec8ed26b50d1a.jpg",870,500,false],"portraits":["https:\/\/arantv.az\/wp-content\/uploads\/2024\/09\/b1577840cc78181491dec8ed26b50d1a.jpg",870,500,false],"thumbnail":["https:\/\/arantv.az\/wp-content\/uploads\/2024\/09\/b1577840cc78181491dec8ed26b50d1a-500x280.jpg",500,280,true],"medium":["https:\/\/arantv.az\/wp-content\/uploads\/2024\/09\/b1577840cc78181491dec8ed26b50d1a-635x365.jpg",635,365,true],"large":["https:\/\/arantv.az\/wp-content\/uploads\/2024\/09\/b1577840cc78181491dec8ed26b50d1a-840x483.jpg",640,368,true],"1536x1536":["https:\/\/arantv.az\/wp-content\/uploads\/2024\/09\/b1577840cc78181491dec8ed26b50d1a.jpg",870,500,false],"2048x2048":["https:\/\/arantv.az\/wp-content\/uploads\/2024\/09\/b1577840cc78181491dec8ed26b50d1a.jpg",870,500,false],"post-thumbnail":["https:\/\/arantv.az\/wp-content\/uploads\/2024\/09\/b1577840cc78181491dec8ed26b50d1a-240x172.jpg",240,172,true],"advps-thumb-one":["https:\/\/arantv.az\/wp-content\/uploads\/2024\/09\/b1577840cc78181491dec8ed26b50d1a.jpg",870,500,false]},"rttpg_author":{"display_name":"V\u00fcsal Rafiqo\u011flu","author_link":"https:\/\/arantv.az\/?author=2"},"rttpg_comment":0,"rttpg_category":"<a href=\"https:\/\/arantv.az\/?cat=1\" rel=\"category\">C\u0259miyy\u0259t<\/a>","rttpg_excerpt":"\u201cB\u00f6y\u00fck adam\u0131n ki\u00e7ik \u00f6lk\u0259ni yey\u0259c\u0259yi d\u00fcnyada ya\u015famaq ist\u0259mirik\u201d dey\u0259nl\u0259r&#8230; Putin v\u0259 Zelenski eyni g\u00fcnd\u0259 m\u00fcharib\u0259nin bitm\u0259si il\u0259 ba\u011fl\u0131 dan\u0131\u015fd\u0131lar. Vladivostok forumunda Putin dedi ki, Rusiya s\u00fclh dan\u0131\u015f\u0131qlardan he\u00e7 vaxt imtina etm\u0259yib, Ukraynan\u0131n neytrall\u0131\u011f\u0131n\u0131 da n\u0259z\u0259rd\u0259 tutan \u0130stanbul raz\u0131la\u015fmalar\u0131 \u0259sas\u0131nda buna yen\u0259 d\u0259 haz\u0131rd\u0131rlar. Zelenski is\u0259 \u201cNBC News\u201da m\u00fcsahib\u0259sind\u0259 deyib ki, Ukrayna \u0130sve\u00e7r\u0259d\u0259 ke\u00e7irilmi\u015f ilk s\u00fclh&hellip;","_links":{"self":[{"href":"https:\/\/arantv.az\/index.php?rest_route=\/wp\/v2\/posts\/751062"}],"collection":[{"href":"https:\/\/arantv.az\/index.php?rest_route=\/wp\/v2\/posts"}],"about":[{"href":"https:\/\/arantv.az\/index.php?rest_route=\/wp\/v2\/types\/post"}],"author":[{"embeddable":true,"href":"https:\/\/arantv.az\/index.php?rest_route=\/wp\/v2\/users\/2"}],"replies":[{"embeddable":true,"href":"https:\/\/arantv.az\/index.php?rest_route=%2Fwp%2Fv2%2Fcomments&post=751062"}],"version-history":[{"count":2,"href":"https:\/\/arantv.az\/index.php?rest_route=\/wp\/v2\/posts\/751062\/revisions"}],"predecessor-version":[{"id":751065,"href":"https:\/\/arantv.az\/index.php?rest_route=\/wp\/v2\/posts\/751062\/revisions\/751065"}],"wp:featuredmedia":[{"embeddable":true,"href":"https:\/\/arantv.az\/index.php?rest_route=\/wp\/v2\/media\/751063"}],"wp:attachment":[{"href":"https:\/\/arantv.az\/index.php?rest_route=%2Fwp%2Fv2%2Fmedia&parent=751062"}],"wp:term":[{"taxonomy":"category","embeddable":true,"href":"https:\/\/arantv.az\/index.php?rest_route=%2Fwp%2Fv2%2Fcategories&post=751062"},{"taxonomy":"post_tag","embeddable":true,"href":"https:\/\/arantv.az\/index.php?rest_route=%2Fwp%2Fv2%2Ftags&post=751062"}],"curies":[{"name":"wp","href":"https:\/\/api.w.org\/{rel}","templated":true}]}}