{"id":751066,"date":"2024-09-06T15:53:27","date_gmt":"2024-09-06T11:53:27","guid":{"rendered":"https:\/\/arantv.az\/?p=751066"},"modified":"2024-09-06T15:53:27","modified_gmt":"2024-09-06T11:53:27","slug":"az%c9%99rbaycan-avropa-ucun-etibarli-olk%c9%99l%c9%99rd%c9%99n-biridir","status":"publish","type":"post","link":"https:\/\/arantv.az\/?p=751066","title":{"rendered":"Az\u0259rbaycan Avropa \u00fc\u00e7\u00fcn etibarl\u0131 \u00f6lk\u0259l\u0259rd\u0259n biridir"},"content":{"rendered":"<p><strong>\u201cAz\u0259rbaycanla \u0130taliya aras\u0131nda \u0259laq\u0259l\u0259rin tarixi uzundur. Bu g\u00fcn iki \u00f6lk\u0259 aras\u0131nda strateji t\u0259r\u0259fda\u015fl\u0131q m\u00fchiti formala\u015f\u0131r v\u0259 daim inki\u015fafdad\u0131r. Bu \u0259laq\u0259l\u0259r b\u00fct\u00fcn sah\u0259l\u0259ri \u0259hat\u0259 edir. T\u0259sad\u00fcfi deyil ki, Az\u0259rbaycan Prezidenti \u0130lham \u018fliyevin \u0130taliyaya 2020-ci ild\u0259n b\u0259ri \u00fc\u00e7\u00fcnc\u00fc s\u0259f\u0259ri ger\u00e7\u0259kl\u0259\u015fir. Bu da onu g\u00f6st\u0259rir ki, \u0130taliya il\u0259 Az\u0259rbaycan \u00e7ox yax\u0131n t\u0259r\u0259fda\u015flard\u0131r. \u0130taliyaya son s\u0259f\u0259rind\u0259 Prezident \u0130lham \u018fliyevin v\u0259 Birinci vitse-prezident Mehriban xan\u0131m \u018fliyevan\u0131n y\u00fcks\u0259k s\u0259viyy\u0259d\u0259 qar\u015f\u0131lanmas\u0131, ke\u00e7iril\u0259n g\u00f6r\u00fc\u015fl\u0259r, imzalanan s\u0259n\u0259dl\u0259rin m\u00fcbadil\u0259si bunu dem\u0259y\u0259 \u0259sas verir ki, Az\u0259rbaycan Avropa \u00fc\u00e7\u00fcn \u00e7ox \u00f6n\u0259mli, o c\u00fcml\u0259d\u0259n etibarl\u0131 v\u0259 etimad g\u00f6st\u0259ril\u0259si \u00f6lk\u0259dir. \u0130taliya prezidentinin d\u0259 dediyi kimi, Az\u0259rbaycan bu g\u00fcn Avropan\u0131n 10 \u00f6lk\u0259sinin enerji t\u0259hl\u00fck\u0259sizliyind\u0259 \u00e7ox \u00f6n\u0259mli m\u00f6vqe tutur\u201d.<\/strong><\/p>\n<p>Bunu\u00a0<strong>Musavat.com<\/strong>-a a\u00e7\u0131qlamas\u0131nda\u00a0<strong>S\u018fS Media Qrupunun r\u0259hb\u0259ri, siyasi ara\u015fd\u0131rma\u00e7\u0131 B\u0259hruz Quliyev<\/strong>\u00a0deyib.<\/p>\n<p><img loading=\"lazy\" src=\"https:\/\/cdn.musavat.com\/news\/thumbnails\/de3fa2f30def268ccf459d1c0174eaf9.jpg\" alt=\"BEHRUZ.jpg (279 KB)\" width=\"700\" height=\"478\" \/><\/p>\n<p><strong>O qeyd edib ki, \u0130taliya Az\u0259rbaycan\u0131n bir n\u00f6mr\u0259li ticar\u0259t t\u0259r\u0259fda\u015f\u0131d\u0131r:<\/strong><\/p>\n<p>\u201c\u00d6t\u0259n il iki \u00f6lk\u0259 aras\u0131nda ticar\u0259t d\u00f6vriyy\u0259sinin h\u0259cmi 16 milyarddan \u00e7ox olub. Burada enerji sektorunun pay\u0131 daha \u00e7oxdur. Bu da onu g\u00f6st\u0259rir ki, \u00f6lk\u0259l\u0259rin milli t\u0259hl\u00fck\u0259sizliyi enerji t\u0259hl\u00fck\u0259sizliyi il\u0259 s\u0131x ba\u011fl\u0131d\u0131r. Orta D\u0259hliz vasit\u0259sil\u0259 7-si Avropa \u0130ttinfaq\u0131n\u0131n \u00fczv\u00fc olan 10 \u201cqoca qit\u0259\u201d \u00f6lk\u0259sinin Az\u0259rbaycandan t\u0259bii qaz t\u0259dar\u00fck etm\u0259si s\u0259b\u0259bd\u0259n Avropa Komissiyas\u0131 Az\u0259rbaycan\u0131 etibarl\u0131 qaz t\u0259chizat\u00e7\u0131s\u0131 v\u0259 t\u0259r\u0259fda\u015f\u0131 adland\u0131r\u0131r. Bu bar\u0259d\u0259 Az\u0259rbaycan Prezidenti \u0130lham \u018fliyev \u201cD\u00fcnya, Avropa v\u0259 \u0130taliya haqq\u0131nda bilgil\u0259r\u201d m\u00f6vzusuna h\u0259sr olunmu\u015f Beyn\u0259lxalq \u00c7ernobbio Forumunda \u201cYeni geosiyasi \u015f\u0259raitd\u0259 Az\u0259rbaycan\u0131n rolu\u201d adl\u0131 sessiyada \u00e7\u0131x\u0131\u015f ed\u0259rk\u0259n d\u0259 deyib.<\/p>\n<p>D\u00f6vl\u0259timizin ba\u015f\u00e7\u0131s\u0131 b\u00fct\u00fcn d\u00fcnyada \u00f6lk\u0259l\u0259rin \u0259razi b\u00fct\u00f6vl\u00fcy\u00fc v\u0259 suverenliyinin b\u0259rpas\u0131n\u0131n ba\u015fl\u0131ca amil oldu\u011funa i\u015far\u0259 vuraraq qeyd edib ki, otuz il \u0259rzind\u0259 Az\u0259rbaycan\u0131n beyn\u0259lxalq s\u0259viyy\u0259d\u0259 tan\u0131nm\u0131\u015f \u0259razil\u0259ri Erm\u0259nistan\u0131n i\u015f\u011fal\u0131 alt\u0131nda idi. BMT T\u0259hl\u00fck\u0259sizlik \u015euras\u0131n\u0131n 4 q\u0259tnam\u0259sinin olmas\u0131na baxmayaraq, Erm\u0259nistan i\u015f\u011fal\u00e7\u0131 siyas\u0259tini davam edirirdi. AT\u018fT-in t\u0259sis etdiyi x\u00fcsusi qrup da 28 il \u0259rzind\u0259 s\u0131f\u0131r n\u0259tic\u0259 g\u00f6st\u0259rdi. \u0130lham \u018fliyev C\u0259nubi Qafqazda s\u00fclh formulunun Az\u0259rbaycanla Erm\u0259nistan aras\u0131nda s\u00fclh dan\u0131\u015f\u0131qlar\u0131nda oldu\u011funu bildirm\u0259kl\u0259 \u00f6lk\u0259mizin regional v\u0259 d\u00fcnya siyas\u0259tind\u0259 m\u00f6vqeyini bir daha diqq\u0259t\u0259 \u00e7atd\u0131r\u0131b\u201d.<\/p>\n","protected":false},"excerpt":{"rendered":"<p>\u201cAz\u0259rbaycanla \u0130taliya aras\u0131nda \u0259laq\u0259l\u0259rin tarixi uzundur. Bu g\u00fcn iki \u00f6lk\u0259 aras\u0131nda strateji t\u0259r\u0259fda\u015fl\u0131q m\u00fchiti formala\u015f\u0131r v\u0259 daim inki\u015fafdad\u0131r. Bu \u0259laq\u0259l\u0259r b\u00fct\u00fcn sah\u0259l\u0259ri \u0259hat\u0259 edir. T\u0259sad\u00fcfi deyil ki, Az\u0259rbaycan Prezidenti \u0130lham \u018fliyevin \u0130taliyaya 2020-ci ild\u0259n b\u0259ri \u00fc\u00e7\u00fcnc\u00fc s\u0259f\u0259ri ger\u00e7\u0259kl\u0259\u015fir. Bu da onu g\u00f6st\u0259rir ki, \u0130taliya il\u0259 Az\u0259rbaycan \u00e7ox yax\u0131n t\u0259r\u0259fda\u015flard\u0131r. \u0130taliyaya son s\u0259f\u0259rind\u0259 Prezident \u0130lham \u018fliyevin v\u0259 Birinci vitse-prezident Mehriban xan\u0131m \u018fliyevan\u0131n y\u00fcks\u0259k s\u0259viyy\u0259d\u0259 qar\u015f\u0131lanmas\u0131, ke\u00e7iril\u0259n g\u00f6r\u00fc\u015fl\u0259r, imzalanan s\u0259n\u0259dl\u0259rin m\u00fcbadil\u0259si bunu dem\u0259y\u0259 \u0259sas verir ki, Az\u0259rbaycan Avropa \u00fc\u00e7\u00fcn \u00e7ox \u00f6n\u0259mli, o c\u00fcml\u0259d\u0259n etibarl\u0131 v\u0259 etimad g\u00f6st\u0259ril\u0259si \u00f6lk\u0259dir. \u0130taliya prezidentinin d\u0259 dediyi&hellip;<\/p>\n","protected":false},"author":2,"featured_media":751067,"comment_status":"closed","ping_status":"closed","sticky":false,"template":"","format":"standard","meta":{"om_disable_all_campaigns":false,"_monsterinsights_skip_tracking":false,"_monsterinsights_sitenote_active":false,"_monsterinsights_sitenote_note":"","_monsterinsights_sitenote_category":0},"categories":[4],"tags":[],"aioseo_notices":[],"gutentor_comment":0,"rttpg_featured_image_url":{"full":["https:\/\/arantv.az\/wp-content\/uploads\/2024\/09\/3b25a6bc225a2f200ca57575b3ef533d.jpg",850,500,false],"landscape":["https:\/\/arantv.az\/wp-content\/uploads\/2024\/09\/3b25a6bc225a2f200ca57575b3ef533d.jpg",850,500,false],"portraits":["https:\/\/arantv.az\/wp-content\/uploads\/2024\/09\/3b25a6bc225a2f200ca57575b3ef533d.jpg",850,500,false],"thumbnail":["https:\/\/arantv.az\/wp-content\/uploads\/2024\/09\/3b25a6bc225a2f200ca57575b3ef533d-500x280.jpg",500,280,true],"medium":["https:\/\/arantv.az\/wp-content\/uploads\/2024\/09\/3b25a6bc225a2f200ca57575b3ef533d-621x365.jpg",621,365,true],"large":["https:\/\/arantv.az\/wp-content\/uploads\/2024\/09\/3b25a6bc225a2f200ca57575b3ef533d-840x494.jpg",640,376,true],"1536x1536":["https:\/\/arantv.az\/wp-content\/uploads\/2024\/09\/3b25a6bc225a2f200ca57575b3ef533d.jpg",850,500,false],"2048x2048":["https:\/\/arantv.az\/wp-content\/uploads\/2024\/09\/3b25a6bc225a2f200ca57575b3ef533d.jpg",850,500,false],"post-thumbnail":["https:\/\/arantv.az\/wp-content\/uploads\/2024\/09\/3b25a6bc225a2f200ca57575b3ef533d-240x172.jpg",240,172,true],"advps-thumb-one":["https:\/\/arantv.az\/wp-content\/uploads\/2024\/09\/3b25a6bc225a2f200ca57575b3ef533d.jpg",850,500,false]},"rttpg_author":{"display_name":"V\u00fcsal Rafiqo\u011flu","author_link":"https:\/\/arantv.az\/?author=2"},"rttpg_comment":0,"rttpg_category":"<a href=\"https:\/\/arantv.az\/?cat=4\" rel=\"category\">Siyas\u0259t<\/a>","rttpg_excerpt":"\u201cAz\u0259rbaycanla \u0130taliya aras\u0131nda \u0259laq\u0259l\u0259rin tarixi uzundur. Bu g\u00fcn iki \u00f6lk\u0259 aras\u0131nda strateji t\u0259r\u0259fda\u015fl\u0131q m\u00fchiti formala\u015f\u0131r v\u0259 daim inki\u015fafdad\u0131r. Bu \u0259laq\u0259l\u0259r b\u00fct\u00fcn sah\u0259l\u0259ri \u0259hat\u0259 edir. T\u0259sad\u00fcfi deyil ki, Az\u0259rbaycan Prezidenti \u0130lham \u018fliyevin \u0130taliyaya 2020-ci ild\u0259n b\u0259ri \u00fc\u00e7\u00fcnc\u00fc s\u0259f\u0259ri ger\u00e7\u0259kl\u0259\u015fir. Bu da onu g\u00f6st\u0259rir ki, \u0130taliya il\u0259 Az\u0259rbaycan \u00e7ox yax\u0131n t\u0259r\u0259fda\u015flard\u0131r. \u0130taliyaya son s\u0259f\u0259rind\u0259 Prezident \u0130lham \u018fliyevin&hellip;","_links":{"self":[{"href":"https:\/\/arantv.az\/index.php?rest_route=\/wp\/v2\/posts\/751066"}],"collection":[{"href":"https:\/\/arantv.az\/index.php?rest_route=\/wp\/v2\/posts"}],"about":[{"href":"https:\/\/arantv.az\/index.php?rest_route=\/wp\/v2\/types\/post"}],"author":[{"embeddable":true,"href":"https:\/\/arantv.az\/index.php?rest_route=\/wp\/v2\/users\/2"}],"replies":[{"embeddable":true,"href":"https:\/\/arantv.az\/index.php?rest_route=%2Fwp%2Fv2%2Fcomments&post=751066"}],"version-history":[{"count":1,"href":"https:\/\/arantv.az\/index.php?rest_route=\/wp\/v2\/posts\/751066\/revisions"}],"predecessor-version":[{"id":751068,"href":"https:\/\/arantv.az\/index.php?rest_route=\/wp\/v2\/posts\/751066\/revisions\/751068"}],"wp:featuredmedia":[{"embeddable":true,"href":"https:\/\/arantv.az\/index.php?rest_route=\/wp\/v2\/media\/751067"}],"wp:attachment":[{"href":"https:\/\/arantv.az\/index.php?rest_route=%2Fwp%2Fv2%2Fmedia&parent=751066"}],"wp:term":[{"taxonomy":"category","embeddable":true,"href":"https:\/\/arantv.az\/index.php?rest_route=%2Fwp%2Fv2%2Fcategories&post=751066"},{"taxonomy":"post_tag","embeddable":true,"href":"https:\/\/arantv.az\/index.php?rest_route=%2Fwp%2Fv2%2Ftags&post=751066"}],"curies":[{"name":"wp","href":"https:\/\/api.w.org\/{rel}","templated":true}]}}