{"id":751072,"date":"2024-09-06T15:55:42","date_gmt":"2024-09-06T11:55:42","guid":{"rendered":"https:\/\/arantv.az\/?p=751072"},"modified":"2024-09-06T15:55:42","modified_gmt":"2024-09-06T11:55:42","slug":"bas-prokurorla-gorusm%c9%99k-ist%c9%99y%c9%99nl%c9%99rin-n%c9%99z%c9%99rin%c9%99","status":"publish","type":"post","link":"https:\/\/arantv.az\/?p=751072","title":{"rendered":"Ba\u015f prokurorla g\u00f6r\u00fc\u015fm\u0259k ist\u0259y\u0259nl\u0259rin N\u018fZ\u018fR\u0130N\u018f"},"content":{"rendered":"<p>Ba\u015f prokuror Kamran \u018fliyev sentyabr\u0131n 10-da, saat 10:00-da Ab\u015feron rayon prokurorlu\u011funun inzibati binas\u0131nda Ab\u015feron v\u0259 Z\u0259ngilan rayon sakinl\u0259rinin q\u0259bulunu ke\u00e7ir\u0259c\u0259k.<\/p>\n<p>Ba\u015f Prokurorluqdan veril\u0259n x\u0259b\u0259r\u0259 g\u00f6r\u0259, v\u0259t\u0259nda\u015flar\u0131n q\u0259bulla ba\u011fl\u0131 qeydiyyat\u0131 v\u0259 Ab\u015feron rayonuna g\u0259lm\u0259l\u0259rinin t\u0259\u015fkili rayon prokurorlar\u0131 t\u0259r\u0259find\u0259n ke\u00e7iril\u0259c\u0259k.<\/p>\n<p>V\u0259t\u0259nda\u015flar ya\u015fad\u0131qlar\u0131 \u0259razi \u00fczr\u0259 rayon (\u015f\u0259h\u0259r) prokurorluqlar\u0131na yaz\u0131l\u0131 v\u0259 ya \u015fifahi m\u00fcraci\u0259t etm\u0259kl\u0259 yana\u015f\u0131, Ba\u015f Prokurorlu\u011fun S\u0259n\u0259dl\u0259rl\u0259 v\u0259 m\u00fcraci\u0259tl\u0259rl\u0259 i\u015fin t\u0259\u015fkili idar\u0259sinin (012) 361-01-48 n\u00f6mr\u0259li telefonu, contact@prosecutor.gov.az elektron po\u00e7t \u00fcnvan\u0131, h\u0259m\u00e7inin prokurorlu\u011fun sosial \u015f\u0259b\u0259k\u0259l\u0259rd\u0259ki s\u0259hif\u0259l\u0259ri (\u0130nstagram, Facebook v\u0259 X) vasit\u0259sil\u0259 d\u0259 q\u0259bula yaz\u0131la bil\u0259rl\u0259r.<\/p>\n","protected":false},"excerpt":{"rendered":"<p>Ba\u015f prokuror Kamran \u018fliyev sentyabr\u0131n 10-da, saat 10:00-da Ab\u015feron rayon prokurorlu\u011funun inzibati binas\u0131nda Ab\u015feron v\u0259 Z\u0259ngilan rayon sakinl\u0259rinin q\u0259bulunu ke\u00e7ir\u0259c\u0259k. Ba\u015f Prokurorluqdan veril\u0259n x\u0259b\u0259r\u0259 g\u00f6r\u0259, v\u0259t\u0259nda\u015flar\u0131n q\u0259bulla ba\u011fl\u0131 qeydiyyat\u0131 v\u0259 Ab\u015feron rayonuna g\u0259lm\u0259l\u0259rinin t\u0259\u015fkili rayon prokurorlar\u0131 t\u0259r\u0259find\u0259n ke\u00e7iril\u0259c\u0259k. V\u0259t\u0259nda\u015flar ya\u015fad\u0131qlar\u0131 \u0259razi \u00fczr\u0259 rayon (\u015f\u0259h\u0259r) prokurorluqlar\u0131na yaz\u0131l\u0131 v\u0259 ya \u015fifahi m\u00fcraci\u0259t etm\u0259kl\u0259 yana\u015f\u0131, Ba\u015f Prokurorlu\u011fun S\u0259n\u0259dl\u0259rl\u0259 v\u0259 m\u00fcraci\u0259tl\u0259rl\u0259 i\u015fin t\u0259\u015fkili idar\u0259sinin (012) 361-01-48 n\u00f6mr\u0259li telefonu, contact@prosecutor.gov.az elektron po\u00e7t \u00fcnvan\u0131, h\u0259m\u00e7inin prokurorlu\u011fun sosial \u015f\u0259b\u0259k\u0259l\u0259rd\u0259ki s\u0259hif\u0259l\u0259ri (\u0130nstagram, Facebook v\u0259 X) vasit\u0259sil\u0259 d\u0259 q\u0259bula yaz\u0131la bil\u0259rl\u0259r.<\/p>\n","protected":false},"author":2,"featured_media":751073,"comment_status":"closed","ping_status":"closed","sticky":false,"template":"","format":"standard","meta":{"om_disable_all_campaigns":false,"_monsterinsights_skip_tracking":false,"_monsterinsights_sitenote_active":false,"_monsterinsights_sitenote_note":"","_monsterinsights_sitenote_category":0},"categories":[1],"tags":[],"aioseo_notices":[],"gutentor_comment":0,"rttpg_featured_image_url":{"full":["https:\/\/arantv.az\/wp-content\/uploads\/2024\/09\/9d258430b94a1d83b3f115a01bcbf7d1.jpg",740,493,false],"landscape":["https:\/\/arantv.az\/wp-content\/uploads\/2024\/09\/9d258430b94a1d83b3f115a01bcbf7d1.jpg",740,493,false],"portraits":["https:\/\/arantv.az\/wp-content\/uploads\/2024\/09\/9d258430b94a1d83b3f115a01bcbf7d1.jpg",740,493,false],"thumbnail":["https:\/\/arantv.az\/wp-content\/uploads\/2024\/09\/9d258430b94a1d83b3f115a01bcbf7d1-500x280.jpg",500,280,true],"medium":["https:\/\/arantv.az\/wp-content\/uploads\/2024\/09\/9d258430b94a1d83b3f115a01bcbf7d1-548x365.jpg",548,365,true],"large":["https:\/\/arantv.az\/wp-content\/uploads\/2024\/09\/9d258430b94a1d83b3f115a01bcbf7d1.jpg",640,426,false],"1536x1536":["https:\/\/arantv.az\/wp-content\/uploads\/2024\/09\/9d258430b94a1d83b3f115a01bcbf7d1.jpg",740,493,false],"2048x2048":["https:\/\/arantv.az\/wp-content\/uploads\/2024\/09\/9d258430b94a1d83b3f115a01bcbf7d1.jpg",740,493,false],"post-thumbnail":["https:\/\/arantv.az\/wp-content\/uploads\/2024\/09\/9d258430b94a1d83b3f115a01bcbf7d1-240x172.jpg",240,172,true],"advps-thumb-one":["https:\/\/arantv.az\/wp-content\/uploads\/2024\/09\/9d258430b94a1d83b3f115a01bcbf7d1.jpg",740,493,false]},"rttpg_author":{"display_name":"V\u00fcsal Rafiqo\u011flu","author_link":"https:\/\/arantv.az\/?author=2"},"rttpg_comment":0,"rttpg_category":"<a href=\"https:\/\/arantv.az\/?cat=1\" rel=\"category\">C\u0259miyy\u0259t<\/a>","rttpg_excerpt":"Ba\u015f prokuror Kamran \u018fliyev sentyabr\u0131n 10-da, saat 10:00-da Ab\u015feron rayon prokurorlu\u011funun inzibati binas\u0131nda Ab\u015feron v\u0259 Z\u0259ngilan rayon sakinl\u0259rinin q\u0259bulunu ke\u00e7ir\u0259c\u0259k. Ba\u015f Prokurorluqdan veril\u0259n x\u0259b\u0259r\u0259 g\u00f6r\u0259, v\u0259t\u0259nda\u015flar\u0131n q\u0259bulla ba\u011fl\u0131 qeydiyyat\u0131 v\u0259 Ab\u015feron rayonuna g\u0259lm\u0259l\u0259rinin t\u0259\u015fkili rayon prokurorlar\u0131 t\u0259r\u0259find\u0259n ke\u00e7iril\u0259c\u0259k. V\u0259t\u0259nda\u015flar ya\u015fad\u0131qlar\u0131 \u0259razi \u00fczr\u0259 rayon (\u015f\u0259h\u0259r) prokurorluqlar\u0131na yaz\u0131l\u0131 v\u0259 ya \u015fifahi m\u00fcraci\u0259t etm\u0259kl\u0259 yana\u015f\u0131, Ba\u015f Prokurorlu\u011fun S\u0259n\u0259dl\u0259rl\u0259&hellip;","_links":{"self":[{"href":"https:\/\/arantv.az\/index.php?rest_route=\/wp\/v2\/posts\/751072"}],"collection":[{"href":"https:\/\/arantv.az\/index.php?rest_route=\/wp\/v2\/posts"}],"about":[{"href":"https:\/\/arantv.az\/index.php?rest_route=\/wp\/v2\/types\/post"}],"author":[{"embeddable":true,"href":"https:\/\/arantv.az\/index.php?rest_route=\/wp\/v2\/users\/2"}],"replies":[{"embeddable":true,"href":"https:\/\/arantv.az\/index.php?rest_route=%2Fwp%2Fv2%2Fcomments&post=751072"}],"version-history":[{"count":2,"href":"https:\/\/arantv.az\/index.php?rest_route=\/wp\/v2\/posts\/751072\/revisions"}],"predecessor-version":[{"id":751075,"href":"https:\/\/arantv.az\/index.php?rest_route=\/wp\/v2\/posts\/751072\/revisions\/751075"}],"wp:featuredmedia":[{"embeddable":true,"href":"https:\/\/arantv.az\/index.php?rest_route=\/wp\/v2\/media\/751073"}],"wp:attachment":[{"href":"https:\/\/arantv.az\/index.php?rest_route=%2Fwp%2Fv2%2Fmedia&parent=751072"}],"wp:term":[{"taxonomy":"category","embeddable":true,"href":"https:\/\/arantv.az\/index.php?rest_route=%2Fwp%2Fv2%2Fcategories&post=751072"},{"taxonomy":"post_tag","embeddable":true,"href":"https:\/\/arantv.az\/index.php?rest_route=%2Fwp%2Fv2%2Ftags&post=751072"}],"curies":[{"name":"wp","href":"https:\/\/api.w.org\/{rel}","templated":true}]}}