{"id":751866,"date":"2024-09-10T13:02:06","date_gmt":"2024-09-10T09:02:06","guid":{"rendered":"https:\/\/arantv.az\/?p=751866"},"modified":"2024-09-10T13:02:06","modified_gmt":"2024-09-10T09:02:06","slug":"cor%c9%99k-istehsalinda-g%c9%99r%c9%99kli-qaydalara-riay%c9%99t-edilirmi-aciqlama","status":"publish","type":"post","link":"https:\/\/arantv.az\/?p=751866","title":{"rendered":"\u00c7\u00f6r\u0259k istehsal\u0131nda g\u0259r\u0259kli qaydalara riay\u0259t edilirmi? &#8211; A\u00c7IQLAMA"},"content":{"rendered":"<p><b>\u00c7\u00f6r\u0259k-b\u00fct\u00fcn xalqlar\u0131n s\u00fcfr\u0259sind\u0259 q\u0259bul edilmi\u015f \u0259n\u0259n\u0259vi qida m\u0259hsuludur. Az\u0259rbaycan \u0259halisinin qida rasionu bol olsa da, \u0259n \u00e7ox istifad\u0259 etdiyi \u0259rzaq m\u0259hsullar\u0131 s\u0131ras\u0131nda \u00e7\u00f6r\u0259k v\u0259 un m\u0259mulatlar\u0131 \u00fcst\u00fcnl\u00fck t\u0259\u015fkil edir. El\u0259 bir yem\u0259k yoxdur ki, orada \u00e7\u00f6r\u0259kd\u0259n istifad\u0259 olunmas\u0131n. Y\u0259ni bu m\u0259hsul qida rasionumuzda geni\u015f yer tutur.B\u0259s bu g\u00fcn \u00e7\u00f6r\u0259k istehsal\u0131nda g\u0259r\u0259kli qaydalara riay\u0259t edilirmi?<\/b><\/p>\n<p>M\u00f6vzu il\u0259 ba\u011fl\u0131\u00a0<a title=\"xeberler son xeberler 2024\" href=\"https:\/\/big.az\/\" target=\"_blank\" rel=\"noopener\">BiG.AZ<\/a>-a a\u00e7\u0131qlama ver\u0259n sa\u011flam qida t\u0259bli\u011fat\u00e7\u0131s\u0131 Asim V\u0259liyev bildirib ki, \u00f6lk\u0259mizd\u0259 \u00e7\u00f6r\u0259k istehsal\u0131nda b\u0259zi probleml\u0259r m\u00f6vcuddur:<\/p>\n<p>&#8220;\u00c7\u00f6r\u0259yin istehsal prosesi, x\u00fcsusil\u0259 d\u0259 xammal\u0131n keyfiyy\u0259ti v\u0259 istehsal \u015f\u0259raiti, \u00e7ox vaxt m\u00fcvafiq standartlara uy\u011fun olmur. Lakin qida t\u0259hl\u00fck\u0259sizlik \u015f\u0259rtl\u0259rin\u0259, standartlara uy\u011fun \u00e7\u00f6r\u0259k istehsal\u0131 ed\u0259n m\u00fc\u0259ssis\u0259l\u0259rimiz d\u0259 az deyil. H\u0259r bir istehlak\u00e7\u0131 minimum s\u0259viyy\u0259d\u0259 qida t\u0259hl\u00fck\u0259sizliyi bar\u0259d\u0259 m\u0259lumatl\u0131 olsa v\u0259 qida se\u00e7imin\u0259 n\u0259zar\u0259ti \u00f6z\u00fc h\u0259yata ke\u00e7irs\u0259, o zaman b\u0259zi istehsal\u00e7\u0131lar da m\u0259cbur qal\u0131b daha keyfiyy\u0259tli v\u0259 sa\u011flam \u00e7\u00f6r\u0259k istehsal ed\u0259r.<br \/>\n\u00dcmumiyy\u0259tl\u0259, v\u0259t\u0259nda\u015flar\u0131n qida t\u0259hl\u00fck\u0259sizliyinin qorunmas\u0131, qida istehsal\u00e7\u0131lar\u0131 v\u0259 m\u00fcvafiq d\u00f6vl\u0259t orqanlar\u0131n\u0131n f\u0259aliyy\u0259tinin n\u0259zar\u0259tind\u0259dir. Amma bu sah\u0259d\u0259 ba\u015f ver\u0259n neqativ hallar, v\u0259t\u0259nda\u015flar\u0131n sa\u011flaml\u0131\u011f\u0131n\u0131 t\u0259hl\u00fck\u0259 alt\u0131na al bil\u0259r v\u0259 bunun qar\u015f\u0131s\u0131n\u0131n al\u0131nmas\u0131 \u00fc\u00e7\u00fcn m\u00fcvafiq t\u0259dbirl\u0259rin g\u00f6r\u00fclm\u0259si vacibdir. Qida istehsal\u00e7\u0131lar\u0131 daha ciddi qaydalara riay\u0259t etm\u0259li v\u0259 istehlak\u00e7\u0131lar\u0131n t\u0259hl\u00fck\u0259sizliyini t\u0259min etm\u0259k \u00fc\u00e7\u00fcn m\u00fcnt\u0259z\u0259m yoxlamalar h\u0259yata ke\u00e7irilm\u0259lidir.<br \/>\n<img class=\"imgbcode\" src=\"https:\/\/upload.az\/foto\/arxiv\/WhatsApp_image_2024-09-10_at_12.13.39_1..jpeg\" alt=\"\u00c7\u00f6r\u0259k istehsal\u0131nda g\u0259r\u0259kli qaydalara riay\u0259t edilirmi? - A\u00c7IQLAMA\" \/>Asim V\u0259liyev vur\u011fulay\u0131b ki, qida t\u0259hl\u00fck\u0259sizliyi il\u0259 ba\u011fl\u0131 probleml\u0259r d\u00fcnyan\u0131n apar\u0131c\u0131 v\u0259 inki\u015faf etmi\u015f \u00f6lk\u0259l\u0259rind\u0259 bel\u0259 var:<\/p>\n<p>&#8220;Aidiyy\u0259ti qurum bu sah\u0259d\u0259 g\u00fcc\u00fc \u00e7atd\u0131\u011f\u0131 q\u0259d\u0259r \u00f6nl\u0259yici t\u0259dbirl\u0259r g\u00f6r\u00fcr. Lakin unutmamal\u0131y\u0131q ki, zirz\u0259mi istehsal\u00e7\u0131lar\u0131 da az deyil. Bunlar\u0131 a\u015fkarlamaqda v\u0259 diqq\u0259tli olmaqda v\u0259t\u0259nda\u015flar\u0131n \u00fcz\u0259rin\u0259 d\u0259 m\u0259suliyy\u0259t d\u00fc\u015f\u00fcr. G\u0259l\u0259c\u0259kd\u0259 bel\u0259 hallar\u0131n qar\u015f\u0131s\u0131n\u0131 almaq \u00fc\u00e7\u00fcn daha s\u0259rt t\u0259l\u0259bl\u0259rin v\u0259 n\u0259zar\u0259t mexanizml\u0259rinin t\u0259tbiq olunmas\u0131 laz\u0131m olacaqd\u0131r&#8221;.<\/p>\n<div class=\"AdviadNativeVideo\"><\/div>\n","protected":false},"excerpt":{"rendered":"<p>\u00c7\u00f6r\u0259k-b\u00fct\u00fcn xalqlar\u0131n s\u00fcfr\u0259sind\u0259 q\u0259bul edilmi\u015f \u0259n\u0259n\u0259vi qida m\u0259hsuludur. Az\u0259rbaycan \u0259halisinin qida rasionu bol olsa da, \u0259n \u00e7ox istifad\u0259 etdiyi \u0259rzaq m\u0259hsullar\u0131 s\u0131ras\u0131nda \u00e7\u00f6r\u0259k v\u0259 un m\u0259mulatlar\u0131 \u00fcst\u00fcnl\u00fck t\u0259\u015fkil edir. El\u0259 bir yem\u0259k yoxdur ki, orada \u00e7\u00f6r\u0259kd\u0259n istifad\u0259 olunmas\u0131n. Y\u0259ni bu m\u0259hsul qida rasionumuzda geni\u015f yer tutur.B\u0259s bu g\u00fcn \u00e7\u00f6r\u0259k istehsal\u0131nda g\u0259r\u0259kli qaydalara riay\u0259t edilirmi? M\u00f6vzu il\u0259 ba\u011fl\u0131\u00a0BiG.AZ-a a\u00e7\u0131qlama ver\u0259n sa\u011flam qida t\u0259bli\u011fat\u00e7\u0131s\u0131 Asim V\u0259liyev bildirib ki, \u00f6lk\u0259mizd\u0259 \u00e7\u00f6r\u0259k istehsal\u0131nda b\u0259zi probleml\u0259r m\u00f6vcuddur: &#8220;\u00c7\u00f6r\u0259yin istehsal prosesi, x\u00fcsusil\u0259 d\u0259 xammal\u0131n keyfiyy\u0259ti v\u0259 istehsal \u015f\u0259raiti, \u00e7ox vaxt m\u00fcvafiq standartlara uy\u011fun olmur. Lakin qida&hellip;<\/p>\n","protected":false},"author":2,"featured_media":751867,"comment_status":"closed","ping_status":"closed","sticky":false,"template":"","format":"standard","meta":{"om_disable_all_campaigns":false,"_monsterinsights_skip_tracking":false,"_monsterinsights_sitenote_active":false,"_monsterinsights_sitenote_note":"","_monsterinsights_sitenote_category":0},"categories":[1],"tags":[],"aioseo_notices":[],"gutentor_comment":0,"rttpg_featured_image_url":{"full":["https:\/\/arantv.az\/wp-content\/uploads\/2024\/09\/pirallahi-cordek-zavodu-e1500382250467.j.jpg",649,331,false],"landscape":["https:\/\/arantv.az\/wp-content\/uploads\/2024\/09\/pirallahi-cordek-zavodu-e1500382250467.j.jpg",649,331,false],"portraits":["https:\/\/arantv.az\/wp-content\/uploads\/2024\/09\/pirallahi-cordek-zavodu-e1500382250467.j.jpg",649,331,false],"thumbnail":["https:\/\/arantv.az\/wp-content\/uploads\/2024\/09\/pirallahi-cordek-zavodu-e1500382250467.j-500x280.jpg",500,280,true],"medium":["https:\/\/arantv.az\/wp-content\/uploads\/2024\/09\/pirallahi-cordek-zavodu-e1500382250467.j.jpg",649,331,false],"large":["https:\/\/arantv.az\/wp-content\/uploads\/2024\/09\/pirallahi-cordek-zavodu-e1500382250467.j.jpg",640,326,false],"1536x1536":["https:\/\/arantv.az\/wp-content\/uploads\/2024\/09\/pirallahi-cordek-zavodu-e1500382250467.j.jpg",649,331,false],"2048x2048":["https:\/\/arantv.az\/wp-content\/uploads\/2024\/09\/pirallahi-cordek-zavodu-e1500382250467.j.jpg",649,331,false],"post-thumbnail":["https:\/\/arantv.az\/wp-content\/uploads\/2024\/09\/pirallahi-cordek-zavodu-e1500382250467.j-240x172.jpg",240,172,true],"advps-thumb-one":["https:\/\/arantv.az\/wp-content\/uploads\/2024\/09\/pirallahi-cordek-zavodu-e1500382250467.j.jpg",649,331,false]},"rttpg_author":{"display_name":"V\u00fcsal Rafiqo\u011flu","author_link":"https:\/\/arantv.az\/?author=2"},"rttpg_comment":0,"rttpg_category":"<a href=\"https:\/\/arantv.az\/?cat=1\" rel=\"category\">C\u0259miyy\u0259t<\/a>","rttpg_excerpt":"\u00c7\u00f6r\u0259k-b\u00fct\u00fcn xalqlar\u0131n s\u00fcfr\u0259sind\u0259 q\u0259bul edilmi\u015f \u0259n\u0259n\u0259vi qida m\u0259hsuludur. Az\u0259rbaycan \u0259halisinin qida rasionu bol olsa da, \u0259n \u00e7ox istifad\u0259 etdiyi \u0259rzaq m\u0259hsullar\u0131 s\u0131ras\u0131nda \u00e7\u00f6r\u0259k v\u0259 un m\u0259mulatlar\u0131 \u00fcst\u00fcnl\u00fck t\u0259\u015fkil edir. El\u0259 bir yem\u0259k yoxdur ki, orada \u00e7\u00f6r\u0259kd\u0259n istifad\u0259 olunmas\u0131n. Y\u0259ni bu m\u0259hsul qida rasionumuzda geni\u015f yer tutur.B\u0259s bu g\u00fcn \u00e7\u00f6r\u0259k istehsal\u0131nda g\u0259r\u0259kli qaydalara riay\u0259t edilirmi? M\u00f6vzu&hellip;","_links":{"self":[{"href":"https:\/\/arantv.az\/index.php?rest_route=\/wp\/v2\/posts\/751866"}],"collection":[{"href":"https:\/\/arantv.az\/index.php?rest_route=\/wp\/v2\/posts"}],"about":[{"href":"https:\/\/arantv.az\/index.php?rest_route=\/wp\/v2\/types\/post"}],"author":[{"embeddable":true,"href":"https:\/\/arantv.az\/index.php?rest_route=\/wp\/v2\/users\/2"}],"replies":[{"embeddable":true,"href":"https:\/\/arantv.az\/index.php?rest_route=%2Fwp%2Fv2%2Fcomments&post=751866"}],"version-history":[{"count":1,"href":"https:\/\/arantv.az\/index.php?rest_route=\/wp\/v2\/posts\/751866\/revisions"}],"predecessor-version":[{"id":751868,"href":"https:\/\/arantv.az\/index.php?rest_route=\/wp\/v2\/posts\/751866\/revisions\/751868"}],"wp:featuredmedia":[{"embeddable":true,"href":"https:\/\/arantv.az\/index.php?rest_route=\/wp\/v2\/media\/751867"}],"wp:attachment":[{"href":"https:\/\/arantv.az\/index.php?rest_route=%2Fwp%2Fv2%2Fmedia&parent=751866"}],"wp:term":[{"taxonomy":"category","embeddable":true,"href":"https:\/\/arantv.az\/index.php?rest_route=%2Fwp%2Fv2%2Fcategories&post=751866"},{"taxonomy":"post_tag","embeddable":true,"href":"https:\/\/arantv.az\/index.php?rest_route=%2Fwp%2Fv2%2Ftags&post=751866"}],"curies":[{"name":"wp","href":"https:\/\/api.w.org\/{rel}","templated":true}]}}