{"id":751950,"date":"2024-09-10T21:15:48","date_gmt":"2024-09-10T17:15:48","guid":{"rendered":"https:\/\/arantv.az\/?p=751950"},"modified":"2024-09-10T21:15:48","modified_gmt":"2024-09-10T17:15:48","slug":"ilham-%c9%99liyev-%c9%99lc%c9%99zairli-h%c9%99mkarini-t%c9%99brik-edib","status":"publish","type":"post","link":"https:\/\/arantv.az\/?p=751950","title":{"rendered":"\u0130lham \u018fliyev \u0259lc\u0259zairli h\u0259mkar\u0131n\u0131 t\u0259brik edib"},"content":{"rendered":"<p>Az\u0259rbaycan Prezidenti \u0130lham \u018fliyev \u018flc\u0259zair Prezidenti Abdelmacid Tebbuna t\u0259brik m\u0259ktubu \u00fcnvanlay\u0131b.<\/p>\n<p><strong>ARANTV.AZ<\/strong> AZ\u018fRTAC-a istinad\u0259n bildirir ki, m\u0259ktubda deyilir:<\/p>\n<p>&#8220;H\u00f6rm\u0259tli c\u0259nab Prezident,<\/p>\n<p>\u018fziz Qarda\u015f\u0131m,<\/p>\n<p>\u018flc\u0259zair Xalq Demokratik Respublikas\u0131n\u0131n Prezidenti v\u0259zif\u0259sin\u0259 yenid\u0259n se\u00e7ilm\u0259yiniz m\u00fcnasib\u0259til\u0259 Sizi s\u0259mimi-q\u0259lbd\u0259n t\u0259brik edir\u0259m. Se\u00e7kil\u0259rd\u0259 qazand\u0131\u011f\u0131n\u0131z inaml\u0131 q\u0259l\u0259b\u0259 qarda\u015f \u018flc\u0259zair xalq\u0131n\u0131n \u015f\u0259xs\u0259n Siz\u0259, tutdu\u011funuz siyasi x\u0259tt\u0259 b\u00f6y\u00fck inam v\u0259 etimad\u0131n\u0131n a\u015fkar t\u0259zah\u00fcr\u00fcd\u00fcr.<\/p>\n<p>Biz Az\u0259rbaycan-\u018flc\u0259zair dostluq v\u0259 \u0259m\u0259kda\u015fl\u0131q m\u00fcnasib\u0259tl\u0259rinin inki\u015faf\u0131na x\u00fcsusi \u0259h\u0259miyy\u0259t veririk. D\u00f6vl\u0259tl\u0259raras\u0131 \u0259laq\u0259l\u0259rimizin bug\u00fcnk\u00fc s\u0259viyy\u0259si m\u0259mnunluq do\u011furur.<\/p>\n<p>\u018fmin\u0259m ki, xalqlar\u0131m\u0131z\u0131n m\u0259nafel\u0259rin\u0259 uy\u011fun olaraq \u00f6lk\u0259l\u0259rimiz aras\u0131nda \u0259laq\u0259l\u0259rin d\u0259rinl\u0259\u015fdirilm\u0259si, qar\u015f\u0131l\u0131ql\u0131 faydal\u0131 \u0259m\u0259kda\u015fl\u0131\u011f\u0131n daha da geni\u015fl\u0259ndirilm\u0259si istiqam\u0259tind\u0259 birg\u0259 s\u0259yl\u0259rimizi bundan sonra da u\u011furla davam etdir\u0259c\u0259yik.<\/p>\n<p>Siz\u0259 m\u00f6hk\u0259m cansa\u011fl\u0131\u011f\u0131, xo\u015fb\u0259xtlik, qarda\u015f \u018flc\u0259zair xalq\u0131n\u0131n rifah\u0131 namin\u0259 ali d\u00f6vl\u0259ti f\u0259aliyy\u0259tinizd\u0259 daim m\u00fcv\u0259ff\u0259qiyy\u0259tl\u0259r arzulay\u0131ram&#8221;.<\/p>\n","protected":false},"excerpt":{"rendered":"<p>Az\u0259rbaycan Prezidenti \u0130lham \u018fliyev \u018flc\u0259zair Prezidenti Abdelmacid Tebbuna t\u0259brik m\u0259ktubu \u00fcnvanlay\u0131b. ARANTV.AZ AZ\u018fRTAC-a istinad\u0259n bildirir ki, m\u0259ktubda deyilir: &#8220;H\u00f6rm\u0259tli c\u0259nab Prezident, \u018fziz Qarda\u015f\u0131m, \u018flc\u0259zair Xalq Demokratik Respublikas\u0131n\u0131n Prezidenti v\u0259zif\u0259sin\u0259 yenid\u0259n se\u00e7ilm\u0259yiniz m\u00fcnasib\u0259til\u0259 Sizi s\u0259mimi-q\u0259lbd\u0259n t\u0259brik edir\u0259m. Se\u00e7kil\u0259rd\u0259 qazand\u0131\u011f\u0131n\u0131z inaml\u0131 q\u0259l\u0259b\u0259 qarda\u015f \u018flc\u0259zair xalq\u0131n\u0131n \u015f\u0259xs\u0259n Siz\u0259, tutdu\u011funuz siyasi x\u0259tt\u0259 b\u00f6y\u00fck inam v\u0259 etimad\u0131n\u0131n a\u015fkar t\u0259zah\u00fcr\u00fcd\u00fcr. Biz Az\u0259rbaycan-\u018flc\u0259zair dostluq v\u0259 \u0259m\u0259kda\u015fl\u0131q m\u00fcnasib\u0259tl\u0259rinin inki\u015faf\u0131na x\u00fcsusi \u0259h\u0259miyy\u0259t veririk. D\u00f6vl\u0259tl\u0259raras\u0131 \u0259laq\u0259l\u0259rimizin bug\u00fcnk\u00fc s\u0259viyy\u0259si m\u0259mnunluq do\u011furur. \u018fmin\u0259m ki, xalqlar\u0131m\u0131z\u0131n m\u0259nafel\u0259rin\u0259 uy\u011fun olaraq \u00f6lk\u0259l\u0259rimiz aras\u0131nda \u0259laq\u0259l\u0259rin d\u0259rinl\u0259\u015fdirilm\u0259si, qar\u015f\u0131l\u0131ql\u0131 faydal\u0131 \u0259m\u0259kda\u015fl\u0131\u011f\u0131n daha da geni\u015fl\u0259ndirilm\u0259si istiqam\u0259tind\u0259 birg\u0259 s\u0259yl\u0259rimizi bundan&hellip;<\/p>\n","protected":false},"author":2,"featured_media":751951,"comment_status":"closed","ping_status":"closed","sticky":false,"template":"","format":"standard","meta":{"om_disable_all_campaigns":false,"_monsterinsights_skip_tracking":false,"_monsterinsights_sitenote_active":false,"_monsterinsights_sitenote_note":"","_monsterinsights_sitenote_category":0},"categories":[4],"tags":[],"aioseo_notices":[],"gutentor_comment":0,"rttpg_featured_image_url":{"full":["https:\/\/arantv.az\/wp-content\/uploads\/2024\/09\/45dc6c2e4c762411769d9c5656ef7ed0.jpg",800,500,false],"landscape":["https:\/\/arantv.az\/wp-content\/uploads\/2024\/09\/45dc6c2e4c762411769d9c5656ef7ed0.jpg",800,500,false],"portraits":["https:\/\/arantv.az\/wp-content\/uploads\/2024\/09\/45dc6c2e4c762411769d9c5656ef7ed0.jpg",800,500,false],"thumbnail":["https:\/\/arantv.az\/wp-content\/uploads\/2024\/09\/45dc6c2e4c762411769d9c5656ef7ed0-500x280.jpg",500,280,true],"medium":["https:\/\/arantv.az\/wp-content\/uploads\/2024\/09\/45dc6c2e4c762411769d9c5656ef7ed0-584x365.jpg",584,365,true],"large":["https:\/\/arantv.az\/wp-content\/uploads\/2024\/09\/45dc6c2e4c762411769d9c5656ef7ed0.jpg",640,400,false],"1536x1536":["https:\/\/arantv.az\/wp-content\/uploads\/2024\/09\/45dc6c2e4c762411769d9c5656ef7ed0.jpg",800,500,false],"2048x2048":["https:\/\/arantv.az\/wp-content\/uploads\/2024\/09\/45dc6c2e4c762411769d9c5656ef7ed0.jpg",800,500,false],"post-thumbnail":["https:\/\/arantv.az\/wp-content\/uploads\/2024\/09\/45dc6c2e4c762411769d9c5656ef7ed0-240x172.jpg",240,172,true],"advps-thumb-one":["https:\/\/arantv.az\/wp-content\/uploads\/2024\/09\/45dc6c2e4c762411769d9c5656ef7ed0.jpg",800,500,false]},"rttpg_author":{"display_name":"V\u00fcsal Rafiqo\u011flu","author_link":"https:\/\/arantv.az\/?author=2"},"rttpg_comment":0,"rttpg_category":"<a href=\"https:\/\/arantv.az\/?cat=4\" rel=\"category\">Siyas\u0259t<\/a>","rttpg_excerpt":"Az\u0259rbaycan Prezidenti \u0130lham \u018fliyev \u018flc\u0259zair Prezidenti Abdelmacid Tebbuna t\u0259brik m\u0259ktubu \u00fcnvanlay\u0131b. ARANTV.AZ AZ\u018fRTAC-a istinad\u0259n bildirir ki, m\u0259ktubda deyilir: &#8220;H\u00f6rm\u0259tli c\u0259nab Prezident, \u018fziz Qarda\u015f\u0131m, \u018flc\u0259zair Xalq Demokratik Respublikas\u0131n\u0131n Prezidenti v\u0259zif\u0259sin\u0259 yenid\u0259n se\u00e7ilm\u0259yiniz m\u00fcnasib\u0259til\u0259 Sizi s\u0259mimi-q\u0259lbd\u0259n t\u0259brik edir\u0259m. Se\u00e7kil\u0259rd\u0259 qazand\u0131\u011f\u0131n\u0131z inaml\u0131 q\u0259l\u0259b\u0259 qarda\u015f \u018flc\u0259zair xalq\u0131n\u0131n \u015f\u0259xs\u0259n Siz\u0259, tutdu\u011funuz siyasi x\u0259tt\u0259 b\u00f6y\u00fck inam v\u0259 etimad\u0131n\u0131n a\u015fkar t\u0259zah\u00fcr\u00fcd\u00fcr. Biz&hellip;","_links":{"self":[{"href":"https:\/\/arantv.az\/index.php?rest_route=\/wp\/v2\/posts\/751950"}],"collection":[{"href":"https:\/\/arantv.az\/index.php?rest_route=\/wp\/v2\/posts"}],"about":[{"href":"https:\/\/arantv.az\/index.php?rest_route=\/wp\/v2\/types\/post"}],"author":[{"embeddable":true,"href":"https:\/\/arantv.az\/index.php?rest_route=\/wp\/v2\/users\/2"}],"replies":[{"embeddable":true,"href":"https:\/\/arantv.az\/index.php?rest_route=%2Fwp%2Fv2%2Fcomments&post=751950"}],"version-history":[{"count":1,"href":"https:\/\/arantv.az\/index.php?rest_route=\/wp\/v2\/posts\/751950\/revisions"}],"predecessor-version":[{"id":751952,"href":"https:\/\/arantv.az\/index.php?rest_route=\/wp\/v2\/posts\/751950\/revisions\/751952"}],"wp:featuredmedia":[{"embeddable":true,"href":"https:\/\/arantv.az\/index.php?rest_route=\/wp\/v2\/media\/751951"}],"wp:attachment":[{"href":"https:\/\/arantv.az\/index.php?rest_route=%2Fwp%2Fv2%2Fmedia&parent=751950"}],"wp:term":[{"taxonomy":"category","embeddable":true,"href":"https:\/\/arantv.az\/index.php?rest_route=%2Fwp%2Fv2%2Fcategories&post=751950"},{"taxonomy":"post_tag","embeddable":true,"href":"https:\/\/arantv.az\/index.php?rest_route=%2Fwp%2Fv2%2Ftags&post=751950"}],"curies":[{"name":"wp","href":"https:\/\/api.w.org\/{rel}","templated":true}]}}