{"id":751953,"date":"2024-09-10T21:17:34","date_gmt":"2024-09-10T17:17:34","guid":{"rendered":"https:\/\/arantv.az\/?p=751953"},"modified":"2024-09-10T21:17:34","modified_gmt":"2024-09-10T17:17:34","slug":"r%c9%99smi-bakidan-pasinyana-cavab","status":"publish","type":"post","link":"https:\/\/arantv.az\/?p=751953","title":{"rendered":"R\u0259smi Bak\u0131dan Pa\u015finyana cavab"},"content":{"rendered":"<p>\u201cErm\u0259nistan Ba\u015f nazirinin 10 sentyabr tarixind\u0259 \u201cYerevan Dialoqu\u201d adl\u0131 forumda \u00e7\u0131x\u0131\u015f\u0131 zaman\u0131 h\u0259m \u201cs\u00fclh sazi\u015fi\u201d layih\u0259si, h\u0259m d\u0259 \u00fcmumilikd\u0259 10 noyabr tarixli \u00fc\u00e7t\u0259r\u0259fli b\u0259yanatla ba\u011fl\u0131 s\u0259sl\u0259ndirdiyi iddialar reall\u0131qlar\u0131n a\u00e7\u0131q-a\u015fkar t\u0259hrif olunmas\u0131d\u0131r\u201d.<\/p>\n<p><strong>ARANTV.AZ <\/strong>\u00a0x\u0259b\u0259r verir ki, bu bar\u0259d\u0259 Xarici \u0130\u015fl\u0259r Nazirliyinin m\u0259tbuat katibi Ayxan Hac\u0131zad\u0259nin Erm\u0259nistan ba\u015f nazirinin 10 sentyabr tarixind\u0259 \u201cYerevan Dialoqu\u201d adl\u0131 forumda \u00e7\u0131x\u0131\u015f\u0131 zaman\u0131 Az\u0259rbaycana qar\u015f\u0131 s\u0259sl\u0259ndirdiyi fikirl\u0259r\u0259 dair \u015f\u0259rhind\u0259 bildirilib.<\/p>\n<p>Qeyd edilib ki, Erm\u0259nistan r\u0259smil\u0259rinin \u201cs\u00fclh sazi\u015fi\u201d layih\u0259sini raz\u0131la\u015fd\u0131r\u0131lmam\u0131\u015f m\u00fcdd\u0259alar \u00e7\u0131xar\u0131lmaqla imzalanmas\u0131 \u00e7a\u011f\u0131r\u0131\u015f\u0131, bununla ikit\u0259r\u0259fli m\u00fcnasib\u0259tl\u0259rd\u0259 m\u00f6vcud probleml\u0259rin h\u0259llini n\u00f6vb\u0259ti m\u0259rh\u0259l\u0259y\u0259 saxlamaq c\u0259hdl\u0259ri q\u0259buledilm\u0259zdir.<\/p>\n<p>\u201cBir daha xat\u0131rlad\u0131r\u0131q ki, Erm\u0259nistan t\u0259r\u0259finin \u201cs\u00fclh sazi\u015fi\u201d layih\u0259sini hans\u0131 formada imzalamaq niyy\u0259tind\u0259n as\u0131l\u0131 olmayaraq, Az\u0259rbaycanla Erm\u0259nistan aras\u0131nda real v\u0259 davaml\u0131 s\u00fclh m\u00fcqavil\u0259sinin imzalanmas\u0131 \u00fc\u00e7\u00fcn \u0259sas \u015f\u0259rt, ba\u015fda \u201cErm\u0259nistan v\u0259 Da\u011fl\u0131q Qaraba\u011f\u0131n birl\u0259\u015fm\u0259si\u201dn\u0259 \u00e7a\u011f\u0131ran Erm\u0259nistan\u0131n M\u00fcst\u0259qillik Akt\u0131na a\u00e7\u0131q \u015f\u0259kild\u0259 istinad ed\u0259n Erm\u0259nistan Konstitusiyas\u0131 olmaqla, bu \u00f6lk\u0259nin \u00e7oxsayl\u0131 h\u00fcquqi v\u0259 siyasi s\u0259n\u0259dl\u0259rind\u0259 t\u0259sbit edilmi\u015f Az\u0259rbaycana qar\u015f\u0131 davam ed\u0259n \u0259razi iddialar\u0131na son qoyulmas\u0131d\u0131r.<\/p>\n<p>Guya Az\u0259rbaycan\u0131n Konstitusiya akt\u0131nda Erm\u0259nistana qar\u015f\u0131 \u0259razi iddialar\u0131n\u0131n olmas\u0131 bar\u0259d\u0259 iddialara g\u0259ldikd\u0259 bir daha qeyd ed\u0259k ki, Az\u0259rbaycan Konstitusiyas\u0131 il\u0259 Erm\u0259nistan Konstitusiyas\u0131 aras\u0131nda paralellik v\u0259 b\u0259rab\u0259rlik yaratmaq c\u0259hdi he\u00e7 bir n\u0259tic\u0259 verm\u0259y\u0259c\u0259k. Erm\u0259nistan Konstitusiyas\u0131ndan f\u0259rqli olaraq, Az\u0259rbaycan Konstitusiyas\u0131nda istinad olunan 1991-ci il D\u00f6vl\u0259t M\u00fcst\u0259qilliyi haqq\u0131nda Konstitusiya Akt\u0131 v\u0259 1918-ci il \u0130stiqlal B\u0259yannam\u0259sind\u0259 Erm\u0259nistana qar\u015f\u0131 he\u00e7 bir \u0259razi iddias\u0131 m\u00f6vcud deyil.<\/p>\n<p>Erm\u0259nistan t\u0259r\u0259finin s\u00fclh m\u00fcqavil\u0259si layih\u0259sind\u0259 m\u00f6vcud olan \u201che\u00e7 bir t\u0259r\u0259f s\u00fclh sazi\u015fi \u00e7\u0259r\u00e7iv\u0259sind\u0259 \u00f6z \u00f6hd\u0259likl\u0259rini yerin\u0259 yetirm\u0259m\u0259si il\u0259 \u0259laq\u0259dar \u00f6z daxili qanunvericiliyin\u0259 istinad ed\u0259 bilm\u0259z\u201d m\u00fcdd\u0259as\u0131n\u0131 qeyd ed\u0259r\u0259k, bu \u00f6lk\u0259nin Konstitusiyas\u0131nda m\u00f6vcud olan \u0259razi iddias\u0131n\u0131n z\u0259r\u0259rsiz oldu\u011funu bildirm\u0259si d\u0259 tamamil\u0259 \u0259sass\u0131zd\u0131r. Bir daha qeyd edirik ki, he\u00e7 bir beyn\u0259lxalq sazi\u015fin Konstitusiyadan \u00fcst\u00fcn olmad\u0131\u011f\u0131 h\u0259r k\u0259s\u0259 yax\u015f\u0131 m\u0259lum olan faktd\u0131r.<\/p>\n<p>Almat\u0131 b\u0259yannam\u0259si \u00e7\u0259r\u00e7iv\u0259sind\u0259 Az\u0259rbaycan v\u0259 Erm\u0259nistan\u0131n bir-birinin \u0259razi b\u00fct\u00f6vl\u00fcy\u00fcn\u00fc tan\u0131d\u0131\u011f\u0131 bar\u0259d\u0259 ba\u015f nazirin a\u00e7\u0131qlamas\u0131na g\u0259ldikd\u0259, ba\u015f nazirin t\u0259msil etdiyi \u00f6lk\u0259nin m\u0259hz bu \u00f6hd\u0259liyi kobud \u015f\u0259kild\u0259 pozaraq Az\u0259rbaycan \u0259razil\u0259rini i\u015f\u011fal alt\u0131nda saxlad\u0131\u011f\u0131 fakt\u0131n\u0131 xat\u0131rlatmaq ist\u0259rdik.<\/p>\n<p>Kommunikasiyalar\u0131n a\u00e7\u0131lmas\u0131 m\u0259s\u0259l\u0259sind\u0259 d\u0259 Erm\u0259nistan Ba\u015f naziri n\u00f6vb\u0259ti d\u0259f\u0259 \u00fcz\u0259rin\u0259 g\u00f6t\u00fcrd\u00fcy\u00fc \u00f6hd\u0259likl\u0259ri yanl\u0131\u015f \u015f\u0259rh edib. \u00dc\u00e7t\u0259r\u0259fli b\u0259yanat\u0131n 9-cu b\u0259ndind\u0259 Erm\u0259nistan\u0131n hans\u0131 \u00f6hd\u0259likl\u0259rinin oldu\u011fu, n\u0259qliyyat \u0259laq\u0259si \u00fczr\u0259 n\u0259zar\u0259t nec\u0259 t\u0259\u015fkil olunaca\u011f\u0131 a\u00e7\u0131q-ayd\u0131n yaz\u0131l\u0131b.<\/p>\n<p>\u00dcmumilikd\u0259, \u00fc\u00e7t\u0259r\u0259fli b\u0259yanat imzalanandan sonra \u00f6hd\u0259likl\u0259rin\u0259 zidd olaraq 2023-c\u00fc ilin sentyabr ay\u0131nad\u0259k Az\u0259rbaycan \u0259razil\u0259rind\u0259 h\u0259rbi f\u0259aliyy\u0259tini davam etdirmi\u015f v\u0259 erm\u0259ni silahl\u0131 q\u00fcvv\u0259l\u0259rini Az\u0259rbaycan \u0259razil\u0259rind\u0259n \u00e7\u0131xarmayan Erm\u0259nistan t\u0259r\u0259finin guya qa\u00e7q\u0131n v\u0259 m\u0259cburi k\u00f6\u00e7k\u00fcnl\u0259rin geri qay\u0131tmas\u0131na mane\u00e7ilik t\u00f6r\u0259dildiyini, yerli erm\u0259nil\u0259r\u0259 qar\u015f\u0131 etnik t\u0259mizl\u0259m\u0259 h\u0259yata ke\u00e7irildiyini, h\u0259rbi \u0259sirl\u0259rin qaytar\u0131lmad\u0131\u011f\u0131n\u0131 iddia etm\u0259si reall\u0131qlar\u0131n t\u0259hrif olunmas\u0131d\u0131r. Bununla yana\u015f\u0131, 2023-c\u00fc il anti-terror t\u0259dbirl\u0259rind\u0259n sonra erm\u0259ni \u0259silli \u015f\u0259xsl\u0259rin k\u00f6n\u00fcll\u00fc \u0259sasda Az\u0259rbaycan\u0131 t\u0259rk ed\u0259r\u0259k Erm\u0259nistana v\u0259 dig\u0259r \u00f6lk\u0259l\u0259r\u0259 k\u00f6\u00e7m\u0259sinin etnik t\u0259mizl\u0259m\u0259 kimi q\u0259l\u0259m\u0259 verilm\u0259si n\u00f6vb\u0259ti b\u00f6htand\u0131r.<\/p>\n<p>H\u0259rbi \u0259sirl\u0259rin qaytar\u0131lmas\u0131 m\u0259s\u0259l\u0259sin\u0259 g\u0259ldikd\u0259, h\u0259rbi cinay\u0259tkarlar\u0131n v\u0259 separat\u00e7\u0131 xunta rejiminin n\u00fcmay\u0259nd\u0259l\u0259rinin azad edilm\u0259si bar\u0259d\u0259 Az\u0259rbaycan h\u0259r hans\u0131 bir \u00f6hd\u0259liy\u0259 malik deyil. Az\u0259rbaycan indiy\u0259 q\u0259d\u0259r humanizm prinsipin\u0259 sadiq qalaraq h\u0259rbi \u0259sirl\u0259rin h\u0259r birini Erm\u0259nistana t\u0259hvil verib. Lakin Az\u0259rbaycan t\u0259r\u0259find\u0259n qaytar\u0131ld\u0131qdan sonra h\u0259rbi \u0259sirl\u0259rin Erm\u0259nistan d\u00f6vl\u0259ti t\u0259r\u0259find\u0259n k\u00fctl\u0259vi sur\u0259td\u0259 h\u0259bsl\u0259r\u0259 v\u0259 t\u0259qibl\u0259r\u0259 m\u0259ruz qalmalar\u0131 bu d\u00f6vl\u0259tin \u00f6z v\u0259t\u0259nda\u015flar\u0131na \u201cqay\u011f\u0131s\u0131\u201d kontekstind\u0259 x\u00fcsusi t\u0259\u0259cc\u00fcb do\u011furub.<\/p>\n<p>M\u00fcxt\u0259lif platformalardan istifad\u0259 etm\u0259kl\u0259 \u00f6lk\u0259miz\u0259 qar\u015f\u0131 aqressiv b\u00f6htan xarakterli ritorikan\u0131 davam etdir\u0259n Erm\u0259nistan t\u0259r\u0259fini s\u00fclh perspektivl\u0259rin\u0259 x\u0259l\u0259l g\u0259tir\u0259n a\u00e7\u0131qlamalardan \u0259l \u00e7\u0259km\u0259y\u0259 \u00e7a\u011f\u0131r\u0131r\u0131q\u201d, &#8211; X\u0130N s\u00f6z\u00e7\u00fcs\u00fc b\u0259yan edib.<\/p>\n","protected":false},"excerpt":{"rendered":"<p>\u201cErm\u0259nistan Ba\u015f nazirinin 10 sentyabr tarixind\u0259 \u201cYerevan Dialoqu\u201d adl\u0131 forumda \u00e7\u0131x\u0131\u015f\u0131 zaman\u0131 h\u0259m \u201cs\u00fclh sazi\u015fi\u201d layih\u0259si, h\u0259m d\u0259 \u00fcmumilikd\u0259 10 noyabr tarixli \u00fc\u00e7t\u0259r\u0259fli b\u0259yanatla ba\u011fl\u0131 s\u0259sl\u0259ndirdiyi iddialar reall\u0131qlar\u0131n a\u00e7\u0131q-a\u015fkar t\u0259hrif olunmas\u0131d\u0131r\u201d. ARANTV.AZ \u00a0x\u0259b\u0259r verir ki, bu bar\u0259d\u0259 Xarici \u0130\u015fl\u0259r Nazirliyinin m\u0259tbuat katibi Ayxan Hac\u0131zad\u0259nin Erm\u0259nistan ba\u015f nazirinin 10 sentyabr tarixind\u0259 \u201cYerevan Dialoqu\u201d adl\u0131 forumda \u00e7\u0131x\u0131\u015f\u0131 zaman\u0131 Az\u0259rbaycana qar\u015f\u0131 s\u0259sl\u0259ndirdiyi fikirl\u0259r\u0259 dair \u015f\u0259rhind\u0259 bildirilib. Qeyd edilib ki, Erm\u0259nistan r\u0259smil\u0259rinin \u201cs\u00fclh sazi\u015fi\u201d layih\u0259sini raz\u0131la\u015fd\u0131r\u0131lmam\u0131\u015f m\u00fcdd\u0259alar \u00e7\u0131xar\u0131lmaqla imzalanmas\u0131 \u00e7a\u011f\u0131r\u0131\u015f\u0131, bununla ikit\u0259r\u0259fli m\u00fcnasib\u0259tl\u0259rd\u0259 m\u00f6vcud probleml\u0259rin h\u0259llini n\u00f6vb\u0259ti m\u0259rh\u0259l\u0259y\u0259 saxlamaq c\u0259hdl\u0259ri q\u0259buledilm\u0259zdir. \u201cBir daha xat\u0131rlad\u0131r\u0131q&hellip;<\/p>\n","protected":false},"author":2,"featured_media":751954,"comment_status":"closed","ping_status":"closed","sticky":false,"template":"","format":"standard","meta":{"om_disable_all_campaigns":false,"_monsterinsights_skip_tracking":false,"_monsterinsights_sitenote_active":false,"_monsterinsights_sitenote_note":"","_monsterinsights_sitenote_category":0},"categories":[4],"tags":[],"aioseo_notices":[],"gutentor_comment":0,"rttpg_featured_image_url":{"full":["https:\/\/arantv.az\/wp-content\/uploads\/2024\/09\/70eb3ba5d88d343679e1310f35f9b339.jpg",637,400,false],"landscape":["https:\/\/arantv.az\/wp-content\/uploads\/2024\/09\/70eb3ba5d88d343679e1310f35f9b339.jpg",637,400,false],"portraits":["https:\/\/arantv.az\/wp-content\/uploads\/2024\/09\/70eb3ba5d88d343679e1310f35f9b339.jpg",637,400,false],"thumbnail":["https:\/\/arantv.az\/wp-content\/uploads\/2024\/09\/70eb3ba5d88d343679e1310f35f9b339-500x280.jpg",500,280,true],"medium":["https:\/\/arantv.az\/wp-content\/uploads\/2024\/09\/70eb3ba5d88d343679e1310f35f9b339-581x365.jpg",581,365,true],"large":["https:\/\/arantv.az\/wp-content\/uploads\/2024\/09\/70eb3ba5d88d343679e1310f35f9b339.jpg",637,400,false],"1536x1536":["https:\/\/arantv.az\/wp-content\/uploads\/2024\/09\/70eb3ba5d88d343679e1310f35f9b339.jpg",637,400,false],"2048x2048":["https:\/\/arantv.az\/wp-content\/uploads\/2024\/09\/70eb3ba5d88d343679e1310f35f9b339.jpg",637,400,false],"post-thumbnail":["https:\/\/arantv.az\/wp-content\/uploads\/2024\/09\/70eb3ba5d88d343679e1310f35f9b339-240x172.jpg",240,172,true],"advps-thumb-one":["https:\/\/arantv.az\/wp-content\/uploads\/2024\/09\/70eb3ba5d88d343679e1310f35f9b339.jpg",637,400,false]},"rttpg_author":{"display_name":"V\u00fcsal Rafiqo\u011flu","author_link":"https:\/\/arantv.az\/?author=2"},"rttpg_comment":0,"rttpg_category":"<a href=\"https:\/\/arantv.az\/?cat=4\" rel=\"category\">Siyas\u0259t<\/a>","rttpg_excerpt":"\u201cErm\u0259nistan Ba\u015f nazirinin 10 sentyabr tarixind\u0259 \u201cYerevan Dialoqu\u201d adl\u0131 forumda \u00e7\u0131x\u0131\u015f\u0131 zaman\u0131 h\u0259m \u201cs\u00fclh sazi\u015fi\u201d layih\u0259si, h\u0259m d\u0259 \u00fcmumilikd\u0259 10 noyabr tarixli \u00fc\u00e7t\u0259r\u0259fli b\u0259yanatla ba\u011fl\u0131 s\u0259sl\u0259ndirdiyi iddialar reall\u0131qlar\u0131n a\u00e7\u0131q-a\u015fkar t\u0259hrif olunmas\u0131d\u0131r\u201d. ARANTV.AZ \u00a0x\u0259b\u0259r verir ki, bu bar\u0259d\u0259 Xarici \u0130\u015fl\u0259r Nazirliyinin m\u0259tbuat katibi Ayxan Hac\u0131zad\u0259nin Erm\u0259nistan ba\u015f nazirinin 10 sentyabr tarixind\u0259 \u201cYerevan Dialoqu\u201d adl\u0131 forumda \u00e7\u0131x\u0131\u015f\u0131&hellip;","_links":{"self":[{"href":"https:\/\/arantv.az\/index.php?rest_route=\/wp\/v2\/posts\/751953"}],"collection":[{"href":"https:\/\/arantv.az\/index.php?rest_route=\/wp\/v2\/posts"}],"about":[{"href":"https:\/\/arantv.az\/index.php?rest_route=\/wp\/v2\/types\/post"}],"author":[{"embeddable":true,"href":"https:\/\/arantv.az\/index.php?rest_route=\/wp\/v2\/users\/2"}],"replies":[{"embeddable":true,"href":"https:\/\/arantv.az\/index.php?rest_route=%2Fwp%2Fv2%2Fcomments&post=751953"}],"version-history":[{"count":1,"href":"https:\/\/arantv.az\/index.php?rest_route=\/wp\/v2\/posts\/751953\/revisions"}],"predecessor-version":[{"id":751955,"href":"https:\/\/arantv.az\/index.php?rest_route=\/wp\/v2\/posts\/751953\/revisions\/751955"}],"wp:featuredmedia":[{"embeddable":true,"href":"https:\/\/arantv.az\/index.php?rest_route=\/wp\/v2\/media\/751954"}],"wp:attachment":[{"href":"https:\/\/arantv.az\/index.php?rest_route=%2Fwp%2Fv2%2Fmedia&parent=751953"}],"wp:term":[{"taxonomy":"category","embeddable":true,"href":"https:\/\/arantv.az\/index.php?rest_route=%2Fwp%2Fv2%2Fcategories&post=751953"},{"taxonomy":"post_tag","embeddable":true,"href":"https:\/\/arantv.az\/index.php?rest_route=%2Fwp%2Fv2%2Ftags&post=751953"}],"curies":[{"name":"wp","href":"https:\/\/api.w.org\/{rel}","templated":true}]}}