{"id":752007,"date":"2024-09-11T09:50:53","date_gmt":"2024-09-11T05:50:53","guid":{"rendered":"https:\/\/arantv.az\/?p=752007"},"modified":"2024-09-11T09:50:53","modified_gmt":"2024-09-11T05:50:53","slug":"turk-dunyasini-birl%c9%99sdir%c9%99c%c9%99k-14-h%c9%99rf","status":"publish","type":"post","link":"https:\/\/arantv.az\/?p=752007","title":{"rendered":"T\u00fcrk d\u00fcnyas\u0131n\u0131 birl\u0259\u015fdir\u0259c\u0259k 14 h\u0259rf&#8230;"},"content":{"rendered":"<p><strong>Bak\u0131da T\u00fcrk D\u00fcnyas\u0131 Ortaq \u018flifba Komissiyas\u0131n\u0131n \u00fc\u00e7\u00fcnc\u00fc iclas\u0131 ke\u00e7irilib; Firudin C\u0259lilov: \u201cTurana ged\u0259n yol ortaq \u0259lifba il\u0259 ba\u015flay\u0131r\u201d<\/strong><\/p>\n<p><em>T\u00fcrk D\u00fcnyas\u0131 Ortaq \u018flifba Komissiyas\u0131n\u0131n Bak\u0131da \u00fc\u00e7\u00fcnc\u00fc iclas\u0131 ke\u00e7irilib. \u201cT\u00fcrk D\u00fcnyas\u0131 Ortaq \u018flifba Komissiyas\u0131 ancaq T\u00fcrk d\u00fcnyas\u0131 \u00fc\u00e7\u00fcn \u0259lifba yarad\u0131lmas\u0131 layih\u0259si il\u0259 m\u0259\u015f\u011fuldur\u201d. Bu fikri T\u00fcrk Akademiyas\u0131n\u0131n prezidenti \u015eahin Mustafayev T\u00fcrk D\u00fcnyas\u0131 Ortaq \u018flifba Komissiyas\u0131n\u0131n sentyabr\u0131n 9-da Bak\u0131da ke\u00e7iril\u0259n \u00fc\u00e7\u00fcnc\u00fc iclas\u0131nda deyib.<\/em><\/p>\n<p>O, 2022-ci ilin oktyabr\u0131nda T\u00fcrkiy\u0259nin Bursa \u015f\u0259h\u0259rind\u0259 ke\u00e7iril\u0259n m\u00fcvafiq seminarda T\u00fcrk D\u00fcnyas\u0131 Ortaq \u018flifba Komissiyas\u0131n\u0131n yarad\u0131lmas\u0131 q\u0259rar\u0131n\u0131n T\u00fcrk D\u00f6vl\u0259tl\u0259ri T\u0259\u015fkilat\u0131na t\u0259qdim edildiyini xat\u0131rladaraq deyib:\u00a0 \u201c\u018fsas m\u0259qs\u0259dimiz ortaq \u0259lifba yaratmaqd\u0131r. T\u00fcrk d\u00fcnyas\u0131n\u0131n d\u00f6vl\u0259t ba\u015f\u00e7\u0131lar\u0131 bizd\u0259n haz\u0131r \u0259lifba g\u00f6zl\u0259yirl\u0259r\u201d.<\/p>\n<p><strong>\u015e.Mustafayevin s\u00f6zl\u0259rin\u0259 g\u00f6r\u0259, t\u00fcrk \u00f6lk\u0259l\u0259ri v\u0259 xalqlar\u0131 vahid \u0259lifbaya ke\u00e7id m\u0259s\u0259l\u0259sind\u0259 art\u0131q ciddi akademik ir\u0259lil\u0259yi\u015f \u0259ld\u0259 edibl\u0259r, lakin siyasi q\u0259rarlar\u0131n q\u0259bulu m\u00fc\u0259yy\u0259n vaxt apara bil\u0259r: \u201c\u0130clasda T\u00fcrk d\u00fcnyas\u0131 ortaq \u0259lifbas\u0131n\u0131n 14 h\u0259rfi t\u0259sdiq olundu. \u00dcmid edirik ki, tezlikl\u0259 T\u00fcrk d\u00fcnyas\u0131n\u0131n ortaq \u0259lifbas\u0131n\u0131n b\u00fct\u00fcn h\u0259rfl\u0259ri raz\u0131la\u015fd\u0131r\u0131lacaq v\u0259 t\u0259sdiq olunacaq\u201d, &#8211; dey\u0259 T\u00fcrk Akademiyas\u0131n\u0131n prezidenti \u0259lav\u0259 edib.\u00a0<\/strong><\/p>\n<p><strong><img src=\"https:\/\/azertag.az\/files\/2024\/3\/1200x630\/17259559243717753609_1200x630.jpg\" alt=\"Osman Mert: T\u00fcrk d\u00fcnyas\u0131n\u0131n ortaq \u0259lifbas\u0131na dair ilk m\u00fch\u00fcm q\u0259rarlar q\u0259bul  edilib - AZ\u018fRTAC\" \/><\/strong><\/p>\n<p><strong>Osman Mert<\/strong><\/p>\n<p><strong>T\u00fcrk Dil\u00e7ilik C\u0259miyy\u0259tinin prezidenti Osman Mert is\u0259 qeyd edib ki, T\u00fcrkiy\u0259, Az\u0259rbaycan, \u00d6zb\u0259kistan v\u0259 T\u00fcrkm\u0259nistandan sonra Qazax\u0131stan v\u0259 Q\u0131r\u011f\u0131z\u0131stan da lat\u0131n \u0259lifbas\u0131na ke\u00e7id ed\u0259c\u0259k:<\/strong>\u00a0\u201cSovet \u0130ttifaq\u0131n\u0131n da\u011f\u0131lmas\u0131 il\u0259 m\u00fcst\u0259qillik \u0259ld\u0259 etmi\u015f t\u00fcrk respublikalar\u0131 \u00fc\u00e7\u00fcn bu g\u00fcn yeni s\u0259hif\u0259 a\u00e7\u0131l\u0131r. Qazax\u0131stan\u0131n lat\u0131n \u0259lifbas\u0131na ke\u00e7m\u0259si 2025-ci il\u0259 q\u0259d\u0259r ba\u015f ver\u0259 bil\u0259r. Eyni zanmanda bir ild\u0259n sonra Birinci T\u00fcrk Qurultay\u0131n\u0131n 100 illiyi tamam olacaq. T\u00fcrk d\u00fcnyas\u0131n\u0131n ortaq \u0259lifbas\u0131 layih\u0259sini 2026-c\u0131 il\u0259 q\u0259d\u0259r ba\u015fa \u00e7atd\u0131rma\u011f\u0131 n\u0259z\u0259rd\u0259 tuturuq\u201d.<\/p>\n<p><img src=\"https:\/\/meclis.gov.az\/photos\/MM\/Nizami_Ceferov.jpg\" alt=\"C\u018fF\u018fROV Nizami Qulu o\u011flu\" \/><\/p>\n<p>Nizami C\u0259f\u0259rov<\/p>\n<p>Az\u0259rbaycan Atat\u00fcrk M\u0259rk\u0259zinin direktoru Nizami C\u0259f\u0259rov &#8220;Amerikan\u0131n S\u0259si&#8221;n\u0259 bildirib ki, t\u00fcrk d\u00f6vl\u0259tl\u0259rinin vahid \u0259lifbas\u0131n\u0131n 34 h\u0259rfd\u0259n ibar\u0259t olmas\u0131 raz\u0131la\u015fd\u0131r\u0131l\u0131b.<\/p>\n<p><strong>\u201cAmma \u0259lifba m\u00fcst\u0259qilliyi olan t\u00fcrk d\u00f6vl\u0259tl\u0259rinin (6 t\u00fcrk d\u00f6vl\u0259ti) parlamentl\u0259ri v\u0259 d\u00f6vl\u0259t ba\u015f\u00e7\u0131lar\u0131 t\u0259r\u0259find\u0259n q\u0259bul edilm\u0259lidir\u201d.<\/strong><\/p>\n<p>Onun s\u00f6zl\u0259rin\u0259 g\u00f6r\u0259, T\u00fcrk d\u00f6vl\u0259tl\u0259rinin vahid \u0259lifbas\u0131 lat\u0131n qrafikas\u0131nda t\u0259rtib edilir: \u201cY\u0259ni \u00fcmumi baza m\u00fc\u0259yy\u0259nl\u0259\u015fdirilib, 9 sait olacaq. Hans\u0131 d\u00f6vl\u0259t dilind\u0259 ne\u00e7\u0259 sait varsa onu q\u0259bul ed\u0259c\u0259k. Ola bil\u0259r ki, hans\u0131sa d\u00f6vl\u0259t \u0259lifbas\u0131nda daha az h\u0259rf q\u0259bul etsin. Amma \u0259sas prinsip budur ki, h\u0259r bir s\u0259sin eyni i\u015far\u0259si olmal\u0131d\u0131r. Y\u0259ni eyni s\u0259s b\u00fct\u00fcn t\u00fcrk d\u00f6vl\u0259tl\u0259rind\u0259 eyni i\u015far\u0259 il\u0259 g\u00f6st\u0259rilm\u0259lidir\u201d, &#8211; o qeyd edib.<\/p>\n<p>Xat\u0131rladaq ki, T\u00fcrk D\u00fcnyas\u0131 Ortaq \u018flifba Komissiyas\u0131 T\u00fcrk D\u00f6vl\u0259tl\u0259ri T\u0259\u015fkilat\u0131n\u0131n t\u0259\u015f\u0259bb\u00fcs\u00fc il\u0259 h\u0259r bir t\u00fcrk \u00f6lk\u0259sind\u0259n dil sah\u0259sin\u0259 m\u0259sul olan iki n\u00fcmay\u0259nd\u0259nin i\u015ftirak\u0131 il\u0259 yarad\u0131l\u0131b. Birinci g\u00f6r\u00fc\u015f 2023-c\u00fc il may\u0131n 28-29-da Astanada, ikinci g\u00f6r\u00fc\u015f 2024-c\u00fc il may\u0131n 6-7-d\u0259 Bak\u0131da ba\u015f tutub. Komissiya TDT-nin himay\u0259si il\u0259 T\u00fcrk Akademiyas\u0131n\u0131n n\u0259zdind\u0259 f\u0259aliyy\u0259t g\u00f6st\u0259rir.<\/p>\n<p><img src=\"https:\/\/apa.az\/storage\/news\/upload\/77777SA1_3026_1643713112.jpg\" alt=\"Firudin C\u0259lilov: &quot;M\u0259n v\u0259 m\u0259nim kimi aliml\u0259r qara siyah\u0131ya sal\u0131n\u0131b&quot; -  M\u00dcSAH\u0130B\u018f\" \/><\/p>\n<p><strong>Firudin C\u0259lilov<\/strong><\/p>\n<p><strong>T\u00fcrkoloq, sabiq t\u0259hsili naziri professor Firudin C\u0259lilov \u201cYeni M\u00fcsavat\u201da a\u00e7\u0131qlamas\u0131nda bildirib ki, h\u0259l\u0259 30 il \u0259vv\u0259l T\u00fcrk d\u00fcnyas\u0131n\u0131n ortaq \u0259lifbas\u0131 yarad\u0131l\u0131b v\u0259 \u0259lifba 34 h\u0259rfd\u0259n ibar\u0259t olub:<\/strong>\u00a0\u201cBu bilirsiniz n\u0259y\u0259 b\u0259nz\u0259yir, ucqar bir k\u0259ndd\u0259 h\u0259yat\u0131nda velosiped g\u00f6rm\u0259y\u0259n bir \u015f\u0259xs bird\u0259n velosiped icad etm\u0259k fikrin\u0259 d\u00fc\u015f\u00fcr, halbuki b\u00fct\u00fcn d\u00fcnyada velosiped \u00e7oxdan var. \u0130ndi T\u00fcrk d\u00fcnyas\u0131n\u0131n ortaq \u0259lifbas\u0131n\u0131 yaradanlar\u0131n d\u00fcn\u0259nd\u0259n x\u0259b\u0259ri yoxdur? M\u0259g\u0259r bilmirl\u0259r ki, 1992-ci ild\u0259n bu g\u00fcn\u0259 q\u0259d\u0259r T\u00fcrk d\u00fcnyas\u0131n\u0131n ortaq \u0259lifbas\u0131n\u0131 i\u015fl\u0259dirik? Bu ortaq \u0259lifba 1991-ci ild\u0259 \u0130stanbulda t\u00fcrk \u00f6lk\u0259l\u0259rinin aliml\u0259ri, professorlar\u0131, akademikl\u0259rinin birlikd\u0259 q\u0259bul etdiyi ortaq \u0259lifbad\u0131r. O vaxt m\u0259n \u0259lifba komissiyas\u0131n\u0131n s\u0259dri oldu\u011fum \u00fc\u00e7\u00fcn h\u0259min \u0259lifban\u0131 Az\u0259rbaycana g\u0259tirdim v\u0259 \u00f6lk\u0259nin parlamenti onu q\u0259bul etdi. Bel\u0259likl\u0259, 30 ildir ki, ortaq t\u00fcrk \u0259lifbas\u0131n\u0131 i\u015fl\u0259dirik.<\/p>\n<p>Qeyd edim ki, ortaq t\u00fcrk \u0259lifbas\u0131nda 34 h\u0259rf var, amma biz az\u0259rbaycanl\u0131lar onun 32 h\u0259rfini i\u015fl\u0259dirik. \u00c7\u00fcnki el\u0259 q\u0259rar q\u0259bul olundu ki, h\u0259r bir \u00f6lk\u0259 ortaq \u0259lifban\u0131 q\u0259bul edir, kimin dilind\u0259 ne\u00e7\u0259 h\u0259rf varsa, onlar\u0131 ortaq \u0259lifbadan g\u00f6t\u00fcr\u00fcr. Y\u0259ni i\u015far\u0259l\u0259r ayr\u0131 olarsa, bir-biril\u0259rini oxuya bilm\u0259zl\u0259r. Eyni i\u015far\u0259 eyni s\u0259si bildirm\u0259lidir.<\/p>\n<p><strong>M\u0259s\u0259l\u0259n, Az\u0259rbaycan dilind\u0259 \u201cw\u201d yoxdur, lakin tatar, q\u0131r\u011f\u0131z dilind\u0259 \u201cvu\u201d s\u0259si var. Onlar bu h\u0259rfi \u0259lifbalar\u0131na sald\u0131lar, bizd\u0259 is\u0259 buna ehtiyac yoxdur. Bel\u0259likl\u0259 d\u0259 b\u00fct\u00fcn i\u015far\u0259l\u0259rin say\u0131 34-d\u0259n yuxar\u0131 ke\u00e7mir, ona g\u00f6r\u0259 ki, b\u00fct\u00fcn t\u00fcrk xalqlar\u0131 bir-birinin dilini oxuya bilsin.\u00a0<\/strong><\/p>\n<p>Onu da \u0259lav\u0259 edim ki, h\u0259min vaxt \u0130stanbulda T\u00fcrk d\u00fcnyas\u0131n\u0131n akademikl\u0259ri, professorlar\u0131 3 g\u00fcn t\u0259dbird\u0259\u00a0 oturub, ortaq t\u00fcrk \u0259lifbas\u0131n\u0131 q\u0259bul etmi\u015fdil\u0259r. Amma T\u00fcrkiy\u0259 kimi b\u00f6y\u00fck \u00f6lk\u0259 30 ildir h\u0259l\u0259 d\u0259 3 h\u0259rfi art\u0131ra bilmir ki, ortaq \u0259lifbaya ke\u00e7\u0259 bilsin. \u018flifba asan m\u0259s\u0259l\u0259 deyil. \u018flifba d\u00f6vl\u0259t atributudur.\u00a0 Bel\u0259likl\u0259, Az\u0259rbaycanda 30 ildir ki, ortaq t\u00fcrk \u0259lifbas\u0131 i\u015fl\u0259dilir, bunu g\u00f6rm\u0259zd\u0259n g\u0259l\u0259nl\u0259r yaln\u0131z cahildirl\u0259r v\u0259 30 il \u0259vv\u0259lkini t\u0259krarlay\u0131rlar. Niy\u0259 deyirl\u0259r ki, \u201cyeni \u0259lifba yarad\u0131r\u0131q\u201d? \u00dcmumiyy\u0259tl\u0259, ideoloji m\u0259s\u0259l\u0259l\u0259rl\u0259 m\u0259\u015f\u011ful olanlar \u00f6lk\u0259l\u0259rin tarixini, ad\u0259t-\u0259n\u0259n\u0259sini, etnoqrafiyas\u0131n\u0131 yax\u0131ndan\u00a0 bilm\u0259lidirl\u0259r. Turan qurmaq asan m\u0259s\u0259l\u0259 deyil, \u00e7ox ciddi prosesdir. Bununla \u0259sl m\u00fct\u0259x\u0259ssisl\u0259r m\u0259\u015f\u011ful olmal\u0131d\u0131r.<\/p>\n<p><strong>\u00dcmumiyy\u0259tl\u0259, t\u00fcrk d\u00f6vl\u0259tl\u0259ri birliyinin yaranmas\u0131 indiki ideologiya deyil. Zaman\u0131nda bunu 30 il \u0259vv\u0259l Turqut \u00d6zen demi\u015fdi. Bildirmi\u015fdi ki, t\u00fcrk d\u00f6vl\u0259tl\u0259ri birliyini yaratmaq ist\u0259yir. O s\u00f6hb\u0259td\u0259n 2-3 g\u00fcn sonra onu \u00f6ld\u00fcrd\u00fcl\u0259r&#8221;.<\/strong><\/p>\n<p>Firudin C\u0259lilov qeyd edib ki, b\u00f6y\u00fck Turan\u0131n yarad\u0131lmas\u0131n\u0131n m\u00fcxt\u0259lif yollar\u0131 var: \u201cTuran yoluna ged\u0259n pill\u0259l\u0259r var, h\u0259min pill\u0259l\u0259ri ad\u0131m-add\u0131m ke\u00e7m\u0259k laz\u0131md\u0131r. Birinci add\u0131m ortaq \u0259lifbad\u0131r. Y\u0259ni Turana ged\u0259n yol ortaq \u0259lifba il\u0259 ba\u015flay\u0131r. Biz is\u0259 bunu 30 ild\u0259n qabaq ba\u015flam\u0131\u015f\u0131q.<\/p>\n<p>Daha sonrak\u0131 add\u0131m ortaq d\u0259rslikl\u0259r, ortaq ordu, ortaq pul vahidi v\u0259 sair\u0259dir. Bir d\u0259 bax\u0131b g\u00f6r\u00fcrs\u0259n ki, art\u0131q Avropa Birliyi formas\u0131nda T\u00fcrk D\u00f6vl\u0259tl\u0259ri Birliyi yaran\u0131b. Amma bunu a\u011f\u0131ll\u0131, elmli, ard\u0131c\u0131l \u015f\u0259kild\u0259 h\u0259yata ke\u00e7irm\u0259k laz\u0131md\u0131r&#8221;.<\/p>\n","protected":false},"excerpt":{"rendered":"<p>Bak\u0131da T\u00fcrk D\u00fcnyas\u0131 Ortaq \u018flifba Komissiyas\u0131n\u0131n \u00fc\u00e7\u00fcnc\u00fc iclas\u0131 ke\u00e7irilib; Firudin C\u0259lilov: \u201cTurana ged\u0259n yol ortaq \u0259lifba il\u0259 ba\u015flay\u0131r\u201d T\u00fcrk D\u00fcnyas\u0131 Ortaq \u018flifba Komissiyas\u0131n\u0131n Bak\u0131da \u00fc\u00e7\u00fcnc\u00fc iclas\u0131 ke\u00e7irilib. \u201cT\u00fcrk D\u00fcnyas\u0131 Ortaq \u018flifba Komissiyas\u0131 ancaq T\u00fcrk d\u00fcnyas\u0131 \u00fc\u00e7\u00fcn \u0259lifba yarad\u0131lmas\u0131 layih\u0259si il\u0259 m\u0259\u015f\u011fuldur\u201d. Bu fikri T\u00fcrk Akademiyas\u0131n\u0131n prezidenti \u015eahin Mustafayev T\u00fcrk D\u00fcnyas\u0131 Ortaq \u018flifba Komissiyas\u0131n\u0131n sentyabr\u0131n 9-da Bak\u0131da ke\u00e7iril\u0259n \u00fc\u00e7\u00fcnc\u00fc iclas\u0131nda deyib. O, 2022-ci ilin oktyabr\u0131nda T\u00fcrkiy\u0259nin Bursa \u015f\u0259h\u0259rind\u0259 ke\u00e7iril\u0259n m\u00fcvafiq seminarda T\u00fcrk D\u00fcnyas\u0131 Ortaq \u018flifba Komissiyas\u0131n\u0131n yarad\u0131lmas\u0131 q\u0259rar\u0131n\u0131n T\u00fcrk D\u00f6vl\u0259tl\u0259ri T\u0259\u015fkilat\u0131na t\u0259qdim edildiyini xat\u0131rladaraq deyib:\u00a0 \u201c\u018fsas m\u0259qs\u0259dimiz ortaq \u0259lifba yaratmaqd\u0131r. T\u00fcrk&hellip;<\/p>\n","protected":false},"author":2,"featured_media":752009,"comment_status":"closed","ping_status":"closed","sticky":false,"template":"","format":"standard","meta":{"om_disable_all_campaigns":false,"_monsterinsights_skip_tracking":false,"_monsterinsights_sitenote_active":false,"_monsterinsights_sitenote_note":"","_monsterinsights_sitenote_category":0},"categories":[4],"tags":[],"aioseo_notices":[],"gutentor_comment":0,"rttpg_featured_image_url":{"full":["https:\/\/arantv.az\/wp-content\/uploads\/2024\/09\/82db4d606dd1f16c8bd37c87dcb1d362-1.jpg",750,443,false],"landscape":["https:\/\/arantv.az\/wp-content\/uploads\/2024\/09\/82db4d606dd1f16c8bd37c87dcb1d362-1.jpg",750,443,false],"portraits":["https:\/\/arantv.az\/wp-content\/uploads\/2024\/09\/82db4d606dd1f16c8bd37c87dcb1d362-1.jpg",750,443,false],"thumbnail":["https:\/\/arantv.az\/wp-content\/uploads\/2024\/09\/82db4d606dd1f16c8bd37c87dcb1d362-1-500x280.jpg",500,280,true],"medium":["https:\/\/arantv.az\/wp-content\/uploads\/2024\/09\/82db4d606dd1f16c8bd37c87dcb1d362-1-618x365.jpg",618,365,true],"large":["https:\/\/arantv.az\/wp-content\/uploads\/2024\/09\/82db4d606dd1f16c8bd37c87dcb1d362-1.jpg",640,378,false],"1536x1536":["https:\/\/arantv.az\/wp-content\/uploads\/2024\/09\/82db4d606dd1f16c8bd37c87dcb1d362-1.jpg",750,443,false],"2048x2048":["https:\/\/arantv.az\/wp-content\/uploads\/2024\/09\/82db4d606dd1f16c8bd37c87dcb1d362-1.jpg",750,443,false],"post-thumbnail":["https:\/\/arantv.az\/wp-content\/uploads\/2024\/09\/82db4d606dd1f16c8bd37c87dcb1d362-1-240x172.jpg",240,172,true],"advps-thumb-one":["https:\/\/arantv.az\/wp-content\/uploads\/2024\/09\/82db4d606dd1f16c8bd37c87dcb1d362-1.jpg",750,443,false]},"rttpg_author":{"display_name":"V\u00fcsal Rafiqo\u011flu","author_link":"https:\/\/arantv.az\/?author=2"},"rttpg_comment":0,"rttpg_category":"<a href=\"https:\/\/arantv.az\/?cat=4\" rel=\"category\">Siyas\u0259t<\/a>","rttpg_excerpt":"Bak\u0131da T\u00fcrk D\u00fcnyas\u0131 Ortaq \u018flifba Komissiyas\u0131n\u0131n \u00fc\u00e7\u00fcnc\u00fc iclas\u0131 ke\u00e7irilib; Firudin C\u0259lilov: \u201cTurana ged\u0259n yol ortaq \u0259lifba il\u0259 ba\u015flay\u0131r\u201d T\u00fcrk D\u00fcnyas\u0131 Ortaq \u018flifba Komissiyas\u0131n\u0131n Bak\u0131da \u00fc\u00e7\u00fcnc\u00fc iclas\u0131 ke\u00e7irilib. \u201cT\u00fcrk D\u00fcnyas\u0131 Ortaq \u018flifba Komissiyas\u0131 ancaq T\u00fcrk d\u00fcnyas\u0131 \u00fc\u00e7\u00fcn \u0259lifba yarad\u0131lmas\u0131 layih\u0259si il\u0259 m\u0259\u015f\u011fuldur\u201d. Bu fikri T\u00fcrk Akademiyas\u0131n\u0131n prezidenti \u015eahin Mustafayev T\u00fcrk D\u00fcnyas\u0131 Ortaq \u018flifba Komissiyas\u0131n\u0131n sentyabr\u0131n 9-da&hellip;","_links":{"self":[{"href":"https:\/\/arantv.az\/index.php?rest_route=\/wp\/v2\/posts\/752007"}],"collection":[{"href":"https:\/\/arantv.az\/index.php?rest_route=\/wp\/v2\/posts"}],"about":[{"href":"https:\/\/arantv.az\/index.php?rest_route=\/wp\/v2\/types\/post"}],"author":[{"embeddable":true,"href":"https:\/\/arantv.az\/index.php?rest_route=\/wp\/v2\/users\/2"}],"replies":[{"embeddable":true,"href":"https:\/\/arantv.az\/index.php?rest_route=%2Fwp%2Fv2%2Fcomments&post=752007"}],"version-history":[{"count":1,"href":"https:\/\/arantv.az\/index.php?rest_route=\/wp\/v2\/posts\/752007\/revisions"}],"predecessor-version":[{"id":752010,"href":"https:\/\/arantv.az\/index.php?rest_route=\/wp\/v2\/posts\/752007\/revisions\/752010"}],"wp:featuredmedia":[{"embeddable":true,"href":"https:\/\/arantv.az\/index.php?rest_route=\/wp\/v2\/media\/752009"}],"wp:attachment":[{"href":"https:\/\/arantv.az\/index.php?rest_route=%2Fwp%2Fv2%2Fmedia&parent=752007"}],"wp:term":[{"taxonomy":"category","embeddable":true,"href":"https:\/\/arantv.az\/index.php?rest_route=%2Fwp%2Fv2%2Fcategories&post=752007"},{"taxonomy":"post_tag","embeddable":true,"href":"https:\/\/arantv.az\/index.php?rest_route=%2Fwp%2Fv2%2Ftags&post=752007"}],"curies":[{"name":"wp","href":"https:\/\/api.w.org\/{rel}","templated":true}]}}