{"id":752018,"date":"2024-09-11T09:54:16","date_gmt":"2024-09-11T05:54:16","guid":{"rendered":"https:\/\/arantv.az\/?p=752018"},"modified":"2024-09-11T09:54:16","modified_gmt":"2024-09-11T05:54:16","slug":"biz%c9%99-dost-olmayan-dovl%c9%99tl%c9%99r-baki-bel%c9%99-siyahi-hazirlasa","status":"publish","type":"post","link":"https:\/\/arantv.az\/?p=752018","title":{"rendered":"Biz\u0259 dost olmayan d\u00f6vl\u0259tl\u0259r &#8211; Bak\u0131  bel\u0259 siyah\u0131 haz\u0131rlasa&#8230;"},"content":{"rendered":"<p><strong>\u201cQara siyah\u0131\u201dya kiml\u0259r ba\u015f\u00e7\u0131l\u0131q ed\u0259r?<\/strong><\/p>\n<p><em>Az\u0259rbaycan\u0131n \u00f6z qanuni \u0259razil\u0259rini i\u015f\u011faldan azad etdiyi bu sava\u015fda onun yan\u0131nda v\u0259 qar\u015f\u0131s\u0131nda olan d\u00f6vl\u0259tl\u0259r oldu. M\u0259s\u0259l\u0259n, T\u00fcrkiy\u0259 v\u0259 Pakistan bu sava\u015fda birm\u0259nal\u0131 olaraq Az\u0259rbaycan\u0131 d\u0259st\u0259kl\u0259di.\u00a0<\/em><\/p>\n<p>Fransa, Yunan\u0131stan v\u0259 b\u0259zi dig\u0259r Avropa \u00f6lk\u0259l\u0259rinin m\u00f6vqel\u0259ri is\u0259 Erm\u0259nistana d\u0259st\u0259k verm\u0259k oldu. Niderland, Bel\u00e7ika kimi \u00f6lk\u0259l\u0259r, h\u0259tta c\u0131rtdan L\u00fcksemburq da biz\u0259 dost \u00f6lk\u0259 olmad\u0131\u011f\u0131n\u0131 \u00e7\u0131xard\u0131\u011f\u0131 q\u0259r\u0259zli q\u0259tnam\u0259l\u0259rl\u0259 s\u00fcbut edib.<\/p>\n<p>Az\u0259rbaycan \u00f6z qanuni torpaqlar\u0131 \u00fcz\u0259rind\u0259 m\u00fcbariz\u0259 v\u0259 m\u00fccadil\u0259 aparsa da, buna bit\u0259r\u0259f qalan \u00f6lk\u0259l\u0259r d\u0259 var. T\u0259\u0259ss\u00fcf ki, bu \u00f6lk\u0259l\u0259r aras\u0131nda ke\u00e7mi\u015f sovet m\u0259kan\u0131na aid olan respublikalar da var.<\/p>\n<p>Prezident \u0130lham \u018fliyev d\u0259 44 g\u00fcnl\u00fck sava\u015f haqda \u00e7\u0131x\u0131\u015flar\u0131n\u0131n birind\u0259\u00a0 biz\u0259 dost \u00f6lk\u0259l\u0259r dey\u0259 bir fikir i\u015fl\u0259tdi v\u0259 b\u0259zil\u0259rinin ad\u0131n\u0131 da a\u00e7\u0131qlad\u0131. Sitat: \u201cM\u00fcharib\u0259d\u0259n v\u0259 q\u0259l\u0259b\u0259mizd\u0259n sonra d\u0259f\u0259l\u0259rl\u0259 qeyd etdiyim kimi, biziml\u0259 i\u015fl\u0259m\u0259k \u00fc\u00e7\u00fcn dost \u00f6lk\u0259l\u0259rd\u0259n \u015firk\u0259tl\u0259r d\u0259v\u0259t ed\u0259c\u0259yik. \u015eadam ki, bu g\u00fcn \u0130srail \u015firk\u0259ti, \u0130taliya \u015firk\u0259ti, Az\u0259rbaycan\u0131n iki dost \u00f6lk\u0259sind\u0259n olan \u015firk\u0259tl\u0259r bu m\u00fch\u00fcm layih\u0259y\u0259 qo\u015fulur v\u0259 bizim beyn\u0259lxalq \u0259m\u0259kda\u015fl\u0131\u011f\u0131m\u0131z var. T\u00fcrkiy\u0259d\u0259n, \u00c7ind\u0259n, \u0130sraild\u0259n, \u0130taliyadan olan \u015firk\u0259tl\u0259r var, ham\u0131s\u0131 dost \u00f6lk\u0259l\u0259rdir\u201d. \u018flb\u0259tt\u0259 ki, bu \u00f6lk\u0259 adlar\u0131n\u0131 Prezident t\u0259sad\u00fcf\u0259n a\u00e7\u0131qlam\u0131r v\u0259 qeyd edilm\u0259lidir ki, bunlar Az\u0259rbaycana dost \u00f6lk\u0259l\u0259rin yaln\u0131z bir qismidir.<\/p>\n<p><strong>AB\u015e-dan sonra Rusiya da h\u0259l\u0259 3 il \u0259vv\u0259l r\u0259smi \u015f\u0259kild\u0259 \u00f6lk\u0259sin\u0259 dost olmayan d\u00f6vl\u0259tl\u0259ri siyah\u0131la\u015fd\u0131rma\u011fa q\u0259rar verdi.\u00a0<\/strong><\/p>\n<p>\u018fdal\u0259t, H\u00fcquq, Demokratiya Partiyas\u0131n\u0131n (\u018fHD) \u0130dar\u0259 Hey\u0259ti iki g\u00fcn \u0259vv\u0259l \u0130ran\u0131n \u201cZ\u0259ng\u0259zur d\u0259hlizi\u201d il\u0259 ba\u011fl\u0131 isterik davran\u0131\u015flar\u0131n\u0131 pisl\u0259y\u0259n b\u0259yanat yay\u0131b.<\/p>\n<p>\u201cErm\u0259nistan Az\u0259rbaycan torpaqlar\u0131n\u0131 i\u015f\u011fal edib bir milyon m\u00fcs\u0259lman\u0131 ev-e\u015fiyind\u0259n did\u0259rgin salanda quzu kimi susan bu &#8220;islam&#8221; d\u00f6vl\u0259ti indi riyakarcas\u0131na Nax\u00e7\u0131vana mane\u0259siz gedi\u015f-g\u0259li\u015fi t\u0259min etm\u0259li olan yolun a\u00e7\u0131l\u0131\u015f\u0131n\u0131 Erm\u0259nistan\u0131n \u0259razi b\u00fct\u00f6vl\u00fcy\u00fcn\u0259 t\u0259hdid kimi qiym\u0259tl\u0259ndirir, \u201c\u0259razi b\u00fct\u00f6vl\u00fc\u201dy\u00fcn\u00fcn onlar \u00fc\u00e7\u00fcn \u201cq\u0131rm\u0131z\u0131 x\u0259tt\u201d oldu\u011funu s\u00f6yl\u0259yir, \u00f6z\u00fcnd\u0259n b\u00f6y\u00fckl\u0259r\u0259 h\u0259d\u0259-qorxu g\u0259lm\u0259kd\u0259n bel\u0259 \u00e7\u0259kinmir, m\u00fcs\u0259lmanlar aras\u0131nda mane\u0259siz gedi\u015f-g\u0259li\u015f\u0259 imkan verm\u0259m\u0259y\u0259 \u00e7al\u0131\u015f\u0131r. T\u0259\u0259ss\u00fcf ki, \u0130ran\u0131n bu riya il\u0259 dolu fitn\u0259kar siyas\u0259ti t\u00fcrk soyda\u015f\u0131m\u0131z\u0131n prezidentliyi d\u00f6vr\u00fcnd\u0259 d\u0259 davam etdirilir&#8221;.<\/p>\n<p>\u018fHD Partiyas\u0131 sonda Az\u0259rbaycan h\u00f6kum\u0259tini \u0130ranla m\u00fcnasib\u0259tl\u0259r\u0259 yenid\u0259n baxma\u011fa, \u0130ran\u0131 dost olmayan d\u00f6vl\u0259t elan etm\u0259y\u0259 \u00e7a\u011f\u0131r\u0131b.<\/p>\n<p><strong>B\u0259s siyas\u0259t adamlar\u0131 n\u0259 d\u00fc\u015f\u00fcn\u00fcr, \u0259g\u0259r bel\u0259 bir siyah\u0131 r\u0259smil\u0259\u015fdirs\u0259k, biz\u0259 dost olmayan \u00f6lk\u0259l\u0259rin s\u0131ralamas\u0131n\u0131 nec\u0259 t\u0259s\u0259vv\u00fcr etm\u0259k olar?<\/strong><\/p>\n<p><img src=\"https:\/\/amip.az\/wp-content\/uploads\/2022\/06\/Arzuxan_Alizade_01.jpg\" alt=\"Az\u0259rbaycan Milli \u0130stiqlal Partiyas\u0131n\u0131n S\u0259dri - Az\u0259rbaycan Milli \u0130stiqlal  Partiyas\u0131\" \/><\/p>\n<p><strong>Arzuxan \u018flizad\u0259<\/strong><\/p>\n<p><strong>AM\u0130P s\u0259dri Arzuxan \u018flizad\u0259 \u201cYeni M\u00fcsavat\u201da bildirdi ki, Az\u0259rbaycan torpaqlar\u0131n\u0131n bir hiss\u0259si 30 il\u0259 yax\u0131n i\u015f\u011fal alt\u0131nda qald\u0131 v\u0259 h\u0259min d\u00f6vrd\u0259 biz\u0259 dost olan v\u0259 dost olmayan \u00f6lk\u0259l\u0259ri \u00f6z\u00fcm\u00fcz \u00fc\u00e7\u00fcn m\u00fc\u0259yy\u0259nl\u0259\u015fdirdik:<\/strong>\u00a0\u201c\u018fn \u00e7\u0259tin zamanlarda yan\u0131m\u0131zda\u00a0 qarda\u015f T\u00fcrkiy\u0259 ba\u015fda olmaqla, bir ne\u00e7\u0259 d\u00f6vl\u0259t oldu. Amma eyni zamanda i\u015f\u011fal\u00e7\u0131ya g\u00fcld\u0259n a\u011f\u0131r s\u00f6z dem\u0259y\u0259n, i\u015f\u011fal\u00e7\u0131n\u0131 a\u00e7\u0131q v\u0259 gizli m\u00fcdafi\u0259 el\u0259y\u0259n, d\u0259st\u0259k ver\u0259n d\u00f6vl\u0259tl\u0259ri d\u0259 g\u00f6rd\u00fck. Fransa ba\u015fda olmaqla, bir s\u0131ra Avropa d\u00f6vl\u0259tl\u0259ri, b\u0259zi qon\u015fu \u00f6lk\u0259l\u0259r i\u015f\u011fal\u00e7\u0131ya d\u0259st\u0259k verdil\u0259r. H\u0259min d\u00f6vl\u0259tl\u0259r bu add\u0131mlar\u0131 il\u0259 Az\u0259rbaycana dost olmad\u0131qlar\u0131n\u0131 ortaya qoydular. Ona g\u00f6r\u0259 d\u0259 Az\u0259rbaycan Prezidenti he\u00e7 d\u0259 t\u0259sad\u00fcfi deyil ki, 44 g\u00fcnl\u00fck sava\u015fdan sonra biz\u0259 dost olan \u00f6lk\u0259l\u0259rin adlar\u0131n\u0131 \u00e7\u0259kdi v\u0259 onlar\u0131 t\u0259msil el\u0259y\u0259n \u015firk\u0259tl\u0259rin Qaraba\u011f\u0131n yenid\u0259n qurulmas\u0131na c\u0259lb edil\u0259c\u0259yi il\u0259 ba\u011fl\u0131 m\u00f6vqeyini bildirdi. Biz\u0259 dost olan \u00f6lk\u0259l\u0259rin siyah\u0131s\u0131 artmaqdad\u0131r. T\u0259bii ki, Az\u0259rbaycan g\u00fccl\u0259ndikc\u0259, Avropan\u0131n enerji t\u0259hl\u00fck\u0259sizliyinin bir par\u00e7as\u0131na \u00e7evril\u0259n \u00f6lk\u0259miz\u0259 dost olmaq ist\u0259y\u0259n d\u00f6vl\u0259tl\u0259rin say\u0131 artacaq. Amma biz he\u00e7 vaxt yaddan \u00e7\u0131xarmamal\u0131y\u0131q ki, d\u00fcn\u0259n d\u0259, bu g\u00fcn d\u0259 erm\u0259nil\u0259r\u0259 d\u0259st\u0259k ver\u0259n \u00f6lk\u0259l\u0259r var. Fransa v\u0259 \u0130ran bu g\u00fcn d\u0259 Erm\u0259nistana d\u0259st\u0259k verir. Amma biz \u00e7al\u0131\u015fmal\u0131y\u0131q d\u00fc\u015fm\u0259ni d\u0259 \u00f6z\u00fcm\u00fcz\u0259 dost ed\u0259k ki, Az\u0259rbaycan da bir q\u0259d\u0259r d\u0259 g\u00fccl\u00fc olsun, regionda n\u00fcfuzumuz daha da arts\u0131n\u201d.<\/p>\n<p><img src=\"https:\/\/cebheinfo.az\/uploads\/images\/2024\/07\/720x400\/172113712873862526669677e854a22.jpg\" alt=\"Akif Na\u011f\u0131 namiz\u0259dliyini ir\u0259li s\u00fcr\u00fcb\" \/><\/p>\n<p><strong>Akif Na\u011f\u0131\u00a0<\/strong><\/p>\n<p><strong>Azad V\u0259t\u0259n Partiyas\u0131n\u0131n s\u0259dri Akif Na\u011f\u0131 da bildirdi ki, ist\u0259nil\u0259n \u00f6lk\u0259 bel\u0259 bir siyah\u0131 t\u0259rtib etm\u0259k h\u00fcququna malikdir. Lakin indi d\u00fcnyada beyn\u0259lxalq m\u00fcnasib\u0259tl\u0259rin f\u0259ls\u0259f\u0259si d\u0259yi\u015fib. L\u00fctfi Zad\u0259nin qeyri-s\u0259list m\u0259ntiq n\u0259z\u0259riyy\u0259si ortal\u0131\u011fa \u00e7\u0131x\u0131r, y\u0259ni a\u011fla qaran\u0131n aras\u0131nda \u00e7oxlu \u00e7alarlar var:<\/strong>\u00a0\u201cOna g\u00f6r\u0259 d\u0259 dost olmayan \u00f6lk\u0259l\u0259rl\u0259 d\u0259 m\u00fcnasib\u0259tl\u0259r q\u0131r\u0131lm\u0131r ki, hans\u0131sa m\u0259rh\u0259l\u0259d\u0259 m\u00fc\u0259yy\u0259n iqtisadi \u0259laq\u0259l\u0259r z\u0259rur\u0259ti yarana bilir. Bu g\u00fcn Ukrayna il\u0259 Rusiya d\u00fc\u015fm\u0259n v\u0259ziyy\u0259tind\u0259dir. Amma Ukraynan\u0131n \u0259razisind\u0259n Rusiya nefti n\u0259ql olunur. T\u0259biidir ki, tam dost olan, tam d\u00fc\u015fm\u0259n olan \u00f6lk\u0259l\u0259r var ki, onlarla m\u00fcnasib\u0259tl\u0259rd\u0259 x\u00fcsusi h\u0259ssasl\u0131q laz\u0131md\u0131r. T\u00fcrkiy\u0259 bizim birm\u0259nal\u0131 olaraq \u0259n yax\u0131n dostumuzdur. Pakistanla, T\u00fcrk D\u00f6vl\u0259tl\u0259ri T\u0259\u015fkilat\u0131ndak\u0131 \u00f6lk\u0259l\u0259rl\u0259, \u0130taliya v\u0259 dig\u0259r \u00f6lk\u0259l\u0259rl\u0259 dostuq. Az\u0259rbaycan\u0131n \u0259n yax\u0131n m\u00fctt\u0259fiql\u0259ri T\u00fcrk D\u00f6vl\u0259tl\u0259ri T\u0259\u015fkilat\u0131nda olan \u00f6lk\u0259l\u0259rdir. Az\u0259rbaycana qar\u015f\u0131 Fransa a\u00e7\u0131q-a\u015fkar d\u00fc\u015fm\u0259n\u00e7ilik edir. Az\u0259rbaycan is\u0259 he\u00e7 kiml\u0259 d\u00fc\u015fm\u0259n\u00e7ilik m\u00f6vqeyind\u0259 olmaq ist\u0259mir. Az\u0259rbaycana d\u00fc\u015fm\u0259n m\u00f6vqed\u0259 olan \u00f6lk\u0259l\u0259r kimi Fransa v\u0259 Erm\u0259nistan qabar\u0131q g\u00f6r\u00fcn\u00fcrl\u0259r. \u0130ran\u0131 d\u00fc\u015fm\u0259n \u00f6lk\u0259 s\u0131ras\u0131na daxil etm\u0259k d\u00fczg\u00fcn olmazd\u0131. \u00c7\u00fcnki orada \u0259n az\u0131ndan 30 milyon soyda\u015f\u0131m\u0131z ya\u015fay\u0131r, Az\u0259rbaycan amili y\u00fcks\u0259lir. Az\u0259rbaycana dost olmayan d\u00f6vl\u0259tl\u0259r s\u0131ras\u0131nda Kanada v\u0259 Hollandiya kimi \u00f6lk\u0259l\u0259rin ad\u0131n\u0131 qeyd etm\u0259k olar. Az\u0259rbaycan b\u00fct\u00fcn d\u00f6vl\u0259tl\u0259rl\u0259 m\u00fcnasib\u0259tl\u0259ri normal saxlama\u011fa \u00e7al\u0131\u015f\u0131r\u201d.<\/p>\n<p><img loading=\"lazy\" src=\"https:\/\/azlogos.eu\/wp-content\/uploads\/2021\/02\/c1c85733d63a8e6c1b8cb0a25dbfa6a0.jpg\" alt=\"Tural Abbasl\u0131: \u201cM\u0259nim \u00fc\u00e7\u00fcn iki cins var \u2013 ki\u015fi v\u0259 qad\u0131n, v\u0259ssalam\u201d \u2013 Azlogos\" width=\"764\" height=\"509\" \/><\/p>\n<p><strong>\u00a0Tural Abbasl\u0131<\/strong><\/p>\n<p><strong>A\u011e Partiyan\u0131n s\u0259dri Tural Abbasl\u0131 is\u0259 bildirdi ki, dost olmayan v\u0259 dost olan \u00f6lk\u0259l\u0259r ifad\u0259si nisbi ifad\u0259l\u0259rdir, d\u0259yi\u015f\u0259 bilir:<\/strong>\u00a0\u201c\u00d6lk\u0259l\u0259rin daimi d\u00fc\u015fm\u0259nl\u0259ri olmur, daimi maraqlar\u0131 olur. Bu g\u00fcn dost olmayan \u00f6lk\u0259 kimi g\u00f6rd\u00fcy\u00fcm\u00fcz bir zaman g\u0259l\u0259r ki, dost \u00f6lk\u0259l\u0259r s\u0131ras\u0131nda yer ala bil\u0259r. Bu g\u00fcn dost olan d\u00f6vl\u0259t sabah maraq toqqu\u015fmas\u0131 n\u0259tic\u0259sind\u0259 \u0259ks m\u00f6vqed\u0259 q\u0259rarla\u015fa bil\u0259r. Ona g\u00f6r\u0259 d\u0259 bu g\u00fcn konkret ad \u00e7\u0259km\u0259k ist\u0259mir\u0259m. T\u00fcrk-\u0130slam d\u00fcnyas\u0131n\u0131 is\u0259 ay\u0131rmaq laz\u0131md\u0131r. Y\u0259ni onlar bizim dostlar\u0131m\u0131zd\u0131r. T\u00fcrk d\u00f6vl\u0259tl\u0259ri il\u0259 dostlu\u011fumuz t\u0259kc\u0259 maraqlara s\u00f6yk\u0259nmir\u201d.<\/p>\n","protected":false},"excerpt":{"rendered":"<p>\u201cQara siyah\u0131\u201dya kiml\u0259r ba\u015f\u00e7\u0131l\u0131q ed\u0259r? Az\u0259rbaycan\u0131n \u00f6z qanuni \u0259razil\u0259rini i\u015f\u011faldan azad etdiyi bu sava\u015fda onun yan\u0131nda v\u0259 qar\u015f\u0131s\u0131nda olan d\u00f6vl\u0259tl\u0259r oldu. M\u0259s\u0259l\u0259n, T\u00fcrkiy\u0259 v\u0259 Pakistan bu sava\u015fda birm\u0259nal\u0131 olaraq Az\u0259rbaycan\u0131 d\u0259st\u0259kl\u0259di.\u00a0 Fransa, Yunan\u0131stan v\u0259 b\u0259zi dig\u0259r Avropa \u00f6lk\u0259l\u0259rinin m\u00f6vqel\u0259ri is\u0259 Erm\u0259nistana d\u0259st\u0259k verm\u0259k oldu. Niderland, Bel\u00e7ika kimi \u00f6lk\u0259l\u0259r, h\u0259tta c\u0131rtdan L\u00fcksemburq da biz\u0259 dost \u00f6lk\u0259 olmad\u0131\u011f\u0131n\u0131 \u00e7\u0131xard\u0131\u011f\u0131 q\u0259r\u0259zli q\u0259tnam\u0259l\u0259rl\u0259 s\u00fcbut edib. Az\u0259rbaycan \u00f6z qanuni torpaqlar\u0131 \u00fcz\u0259rind\u0259 m\u00fcbariz\u0259 v\u0259 m\u00fccadil\u0259 aparsa da, buna bit\u0259r\u0259f qalan \u00f6lk\u0259l\u0259r d\u0259 var. T\u0259\u0259ss\u00fcf ki, bu \u00f6lk\u0259l\u0259r aras\u0131nda ke\u00e7mi\u015f sovet m\u0259kan\u0131na aid olan respublikalar da var.&hellip;<\/p>\n","protected":false},"author":2,"featured_media":752019,"comment_status":"closed","ping_status":"closed","sticky":false,"template":"","format":"standard","meta":{"om_disable_all_campaigns":false,"_monsterinsights_skip_tracking":false,"_monsterinsights_sitenote_active":false,"_monsterinsights_sitenote_note":"","_monsterinsights_sitenote_category":0},"categories":[19],"tags":[],"aioseo_notices":[],"gutentor_comment":0,"rttpg_featured_image_url":{"full":["https:\/\/arantv.az\/wp-content\/uploads\/2024\/09\/49b2b9928df88ed5bd54c73ddd402ac7.jpg",870,500,false],"landscape":["https:\/\/arantv.az\/wp-content\/uploads\/2024\/09\/49b2b9928df88ed5bd54c73ddd402ac7.jpg",870,500,false],"portraits":["https:\/\/arantv.az\/wp-content\/uploads\/2024\/09\/49b2b9928df88ed5bd54c73ddd402ac7.jpg",870,500,false],"thumbnail":["https:\/\/arantv.az\/wp-content\/uploads\/2024\/09\/49b2b9928df88ed5bd54c73ddd402ac7-500x280.jpg",500,280,true],"medium":["https:\/\/arantv.az\/wp-content\/uploads\/2024\/09\/49b2b9928df88ed5bd54c73ddd402ac7-635x365.jpg",635,365,true],"large":["https:\/\/arantv.az\/wp-content\/uploads\/2024\/09\/49b2b9928df88ed5bd54c73ddd402ac7-840x483.jpg",640,368,true],"1536x1536":["https:\/\/arantv.az\/wp-content\/uploads\/2024\/09\/49b2b9928df88ed5bd54c73ddd402ac7.jpg",870,500,false],"2048x2048":["https:\/\/arantv.az\/wp-content\/uploads\/2024\/09\/49b2b9928df88ed5bd54c73ddd402ac7.jpg",870,500,false],"post-thumbnail":["https:\/\/arantv.az\/wp-content\/uploads\/2024\/09\/49b2b9928df88ed5bd54c73ddd402ac7-240x172.jpg",240,172,true],"advps-thumb-one":["https:\/\/arantv.az\/wp-content\/uploads\/2024\/09\/49b2b9928df88ed5bd54c73ddd402ac7.jpg",870,500,false]},"rttpg_author":{"display_name":"V\u00fcsal Rafiqo\u011flu","author_link":"https:\/\/arantv.az\/?author=2"},"rttpg_comment":0,"rttpg_category":"<a href=\"https:\/\/arantv.az\/?cat=19\" rel=\"category\">G\u00fcnd\u0259m<\/a>","rttpg_excerpt":"\u201cQara siyah\u0131\u201dya kiml\u0259r ba\u015f\u00e7\u0131l\u0131q ed\u0259r? Az\u0259rbaycan\u0131n \u00f6z qanuni \u0259razil\u0259rini i\u015f\u011faldan azad etdiyi bu sava\u015fda onun yan\u0131nda v\u0259 qar\u015f\u0131s\u0131nda olan d\u00f6vl\u0259tl\u0259r oldu. M\u0259s\u0259l\u0259n, T\u00fcrkiy\u0259 v\u0259 Pakistan bu sava\u015fda birm\u0259nal\u0131 olaraq Az\u0259rbaycan\u0131 d\u0259st\u0259kl\u0259di.\u00a0 Fransa, Yunan\u0131stan v\u0259 b\u0259zi dig\u0259r Avropa \u00f6lk\u0259l\u0259rinin m\u00f6vqel\u0259ri is\u0259 Erm\u0259nistana d\u0259st\u0259k verm\u0259k oldu. Niderland, Bel\u00e7ika kimi \u00f6lk\u0259l\u0259r, h\u0259tta c\u0131rtdan L\u00fcksemburq da biz\u0259 dost \u00f6lk\u0259&hellip;","_links":{"self":[{"href":"https:\/\/arantv.az\/index.php?rest_route=\/wp\/v2\/posts\/752018"}],"collection":[{"href":"https:\/\/arantv.az\/index.php?rest_route=\/wp\/v2\/posts"}],"about":[{"href":"https:\/\/arantv.az\/index.php?rest_route=\/wp\/v2\/types\/post"}],"author":[{"embeddable":true,"href":"https:\/\/arantv.az\/index.php?rest_route=\/wp\/v2\/users\/2"}],"replies":[{"embeddable":true,"href":"https:\/\/arantv.az\/index.php?rest_route=%2Fwp%2Fv2%2Fcomments&post=752018"}],"version-history":[{"count":1,"href":"https:\/\/arantv.az\/index.php?rest_route=\/wp\/v2\/posts\/752018\/revisions"}],"predecessor-version":[{"id":752020,"href":"https:\/\/arantv.az\/index.php?rest_route=\/wp\/v2\/posts\/752018\/revisions\/752020"}],"wp:featuredmedia":[{"embeddable":true,"href":"https:\/\/arantv.az\/index.php?rest_route=\/wp\/v2\/media\/752019"}],"wp:attachment":[{"href":"https:\/\/arantv.az\/index.php?rest_route=%2Fwp%2Fv2%2Fmedia&parent=752018"}],"wp:term":[{"taxonomy":"category","embeddable":true,"href":"https:\/\/arantv.az\/index.php?rest_route=%2Fwp%2Fv2%2Fcategories&post=752018"},{"taxonomy":"post_tag","embeddable":true,"href":"https:\/\/arantv.az\/index.php?rest_route=%2Fwp%2Fv2%2Ftags&post=752018"}],"curies":[{"name":"wp","href":"https:\/\/api.w.org\/{rel}","templated":true}]}}