{"id":752021,"date":"2024-09-11T09:55:25","date_gmt":"2024-09-11T05:55:25","guid":{"rendered":"https:\/\/arantv.az\/?p=752021"},"modified":"2024-09-11T09:55:25","modified_gmt":"2024-09-11T05:55:25","slug":"sohr%c9%99t-ordeni-m%c9%99nim-ucun-gozl%c9%99nilm%c9%99z-oldu-lamiy%c9%99-v%c9%99liyeva","status":"publish","type":"post","link":"https:\/\/arantv.az\/?p=752021","title":{"rendered":"&#8220;\u015e\u00f6hr\u0259t&#8221; ordeni m\u0259nim \u00fc\u00e7\u00fcn g\u00f6zl\u0259nilm\u0259z oldu -Lamiy\u0259 V\u0259liyeva"},"content":{"rendered":"<p><strong>&#8220;\u015e\u00f6hr\u0259t&#8221; ordeni m\u0259nim \u00fc\u00e7\u00fcn g\u00f6zl\u0259nilm\u0259z oldu<\/strong><\/p>\n<p>Bunu &#8220;Report&#8221;a a\u00e7\u0131qlamas\u0131nda \u201c\u015e\u00f6hr\u0259t\u201d ordeni il\u0259 t\u0259ltif olunan Paris-2024 Yay Paralimpiya Oyunlar\u0131nda q\u0131z\u0131l medal qazanm\u0131\u015f Lamiy\u0259 V\u0259liyeva deyib.<\/p>\n<p>Prezident \u0130lham \u018fliyevin m\u00fcvafiq S\u0259r\u0259ncam\u0131 il\u0259 t\u0259ltif edil\u0259n atlet bu x\u0259b\u0259rin onun \u00fc\u00e7\u00fcn g\u00f6zl\u0259nilm\u0259z oldu\u011funu s\u00f6yl\u0259yib:<\/p>\n<p>&#8220;Bel\u0259 bir \u015feyin ba\u015f ver\u0259c\u0259yini h\u0259qiq\u0259t\u0259n g\u00f6zl\u0259mirdim. Bu, m\u0259nim \u00fc\u00e7\u00fcn g\u00f6zl\u0259nilm\u0259z oldu. \u00c7\u00fcnki \u00f6lk\u0259y\u0259 yeni qay\u0131tm\u0131\u015fam, \u00e7ox sevincli oldu\u011fum \u00fc\u00e7\u00fcn he\u00e7 n\u0259 d\u00fc\u015f\u00fcn\u0259 bilmirdim. Onsuz da \u00e7ox sevinirdim ki, Az\u0259rbaycan xalq\u0131 m\u0259n\u0259 bu q\u0259d\u0259r diqq\u0259t g\u00f6st\u0259r. Bir s\u00f6zl\u0259, m\u0259n \u015fokdayam. \u00d6lk\u0259 ba\u015f\u00e7\u0131s\u0131 \u0130lham \u018fliyev\u0259, birinci xan\u0131m Mehriban \u018fliyevaya v\u0259 Az\u0259rbaycan xalq\u0131na \u00e7ox d\u0259rin t\u0259\u015f\u0259kk\u00fcr edir\u0259m&#8221;.<\/p>\n<p>Qeyd ed\u0259k ki, L.V\u0259liyeva T13 kateqoriyas\u0131 \u00fczr\u0259 100 metr m\u0259saf\u0259y\u0259 qa\u00e7\u0131\u015fda q\u0131z\u0131l, 400 metr m\u0259saf\u0259y\u0259 qa\u00e7\u0131\u015fda is\u0259 g\u00fcm\u00fc\u015f medal qazan\u0131b. O, h\u0259m\u00e7inin 100 metr m\u0259saf\u0259y\u0259 qa\u00e7\u0131\u015fda 11.76 saniy\u0259 n\u0259tic\u0259 il\u0259 yeni d\u00fcnya rekordu m\u00fc\u0259yy\u0259nl\u0259\u015fdirib.<\/p>\n","protected":false},"excerpt":{"rendered":"<p>&#8220;\u015e\u00f6hr\u0259t&#8221; ordeni m\u0259nim \u00fc\u00e7\u00fcn g\u00f6zl\u0259nilm\u0259z oldu Bunu &#8220;Report&#8221;a a\u00e7\u0131qlamas\u0131nda \u201c\u015e\u00f6hr\u0259t\u201d ordeni il\u0259 t\u0259ltif olunan Paris-2024 Yay Paralimpiya Oyunlar\u0131nda q\u0131z\u0131l medal qazanm\u0131\u015f Lamiy\u0259 V\u0259liyeva deyib. Prezident \u0130lham \u018fliyevin m\u00fcvafiq S\u0259r\u0259ncam\u0131 il\u0259 t\u0259ltif edil\u0259n atlet bu x\u0259b\u0259rin onun \u00fc\u00e7\u00fcn g\u00f6zl\u0259nilm\u0259z oldu\u011funu s\u00f6yl\u0259yib: &#8220;Bel\u0259 bir \u015feyin ba\u015f ver\u0259c\u0259yini h\u0259qiq\u0259t\u0259n g\u00f6zl\u0259mirdim. Bu, m\u0259nim \u00fc\u00e7\u00fcn g\u00f6zl\u0259nilm\u0259z oldu. \u00c7\u00fcnki \u00f6lk\u0259y\u0259 yeni qay\u0131tm\u0131\u015fam, \u00e7ox sevincli oldu\u011fum \u00fc\u00e7\u00fcn he\u00e7 n\u0259 d\u00fc\u015f\u00fcn\u0259 bilmirdim. Onsuz da \u00e7ox sevinirdim ki, Az\u0259rbaycan xalq\u0131 m\u0259n\u0259 bu q\u0259d\u0259r diqq\u0259t g\u00f6st\u0259r. Bir s\u00f6zl\u0259, m\u0259n \u015fokdayam. \u00d6lk\u0259 ba\u015f\u00e7\u0131s\u0131 \u0130lham \u018fliyev\u0259, birinci xan\u0131m Mehriban \u018fliyevaya v\u0259 Az\u0259rbaycan&hellip;<\/p>\n","protected":false},"author":2,"featured_media":752022,"comment_status":"closed","ping_status":"closed","sticky":false,"template":"","format":"standard","meta":{"om_disable_all_campaigns":false,"_monsterinsights_skip_tracking":false,"_monsterinsights_sitenote_active":false,"_monsterinsights_sitenote_note":"","_monsterinsights_sitenote_category":0},"categories":[6],"tags":[],"aioseo_notices":[],"gutentor_comment":0,"rttpg_featured_image_url":{"full":["https:\/\/arantv.az\/wp-content\/uploads\/2024\/09\/a741dad5039ba680bc45c8eb3297976d.jpg",850,500,false],"landscape":["https:\/\/arantv.az\/wp-content\/uploads\/2024\/09\/a741dad5039ba680bc45c8eb3297976d.jpg",850,500,false],"portraits":["https:\/\/arantv.az\/wp-content\/uploads\/2024\/09\/a741dad5039ba680bc45c8eb3297976d.jpg",850,500,false],"thumbnail":["https:\/\/arantv.az\/wp-content\/uploads\/2024\/09\/a741dad5039ba680bc45c8eb3297976d-500x280.jpg",500,280,true],"medium":["https:\/\/arantv.az\/wp-content\/uploads\/2024\/09\/a741dad5039ba680bc45c8eb3297976d-621x365.jpg",621,365,true],"large":["https:\/\/arantv.az\/wp-content\/uploads\/2024\/09\/a741dad5039ba680bc45c8eb3297976d-840x494.jpg",640,376,true],"1536x1536":["https:\/\/arantv.az\/wp-content\/uploads\/2024\/09\/a741dad5039ba680bc45c8eb3297976d.jpg",850,500,false],"2048x2048":["https:\/\/arantv.az\/wp-content\/uploads\/2024\/09\/a741dad5039ba680bc45c8eb3297976d.jpg",850,500,false],"post-thumbnail":["https:\/\/arantv.az\/wp-content\/uploads\/2024\/09\/a741dad5039ba680bc45c8eb3297976d-240x172.jpg",240,172,true],"advps-thumb-one":["https:\/\/arantv.az\/wp-content\/uploads\/2024\/09\/a741dad5039ba680bc45c8eb3297976d.jpg",850,500,false]},"rttpg_author":{"display_name":"V\u00fcsal Rafiqo\u011flu","author_link":"https:\/\/arantv.az\/?author=2"},"rttpg_comment":0,"rttpg_category":"<a href=\"https:\/\/arantv.az\/?cat=6\" rel=\"category\">\u0130dman<\/a>","rttpg_excerpt":"&#8220;\u015e\u00f6hr\u0259t&#8221; ordeni m\u0259nim \u00fc\u00e7\u00fcn g\u00f6zl\u0259nilm\u0259z oldu Bunu &#8220;Report&#8221;a a\u00e7\u0131qlamas\u0131nda \u201c\u015e\u00f6hr\u0259t\u201d ordeni il\u0259 t\u0259ltif olunan Paris-2024 Yay Paralimpiya Oyunlar\u0131nda q\u0131z\u0131l medal qazanm\u0131\u015f Lamiy\u0259 V\u0259liyeva deyib. Prezident \u0130lham \u018fliyevin m\u00fcvafiq S\u0259r\u0259ncam\u0131 il\u0259 t\u0259ltif edil\u0259n atlet bu x\u0259b\u0259rin onun \u00fc\u00e7\u00fcn g\u00f6zl\u0259nilm\u0259z oldu\u011funu s\u00f6yl\u0259yib: &#8220;Bel\u0259 bir \u015feyin ba\u015f ver\u0259c\u0259yini h\u0259qiq\u0259t\u0259n g\u00f6zl\u0259mirdim. Bu, m\u0259nim \u00fc\u00e7\u00fcn g\u00f6zl\u0259nilm\u0259z oldu. \u00c7\u00fcnki \u00f6lk\u0259y\u0259 yeni&hellip;","_links":{"self":[{"href":"https:\/\/arantv.az\/index.php?rest_route=\/wp\/v2\/posts\/752021"}],"collection":[{"href":"https:\/\/arantv.az\/index.php?rest_route=\/wp\/v2\/posts"}],"about":[{"href":"https:\/\/arantv.az\/index.php?rest_route=\/wp\/v2\/types\/post"}],"author":[{"embeddable":true,"href":"https:\/\/arantv.az\/index.php?rest_route=\/wp\/v2\/users\/2"}],"replies":[{"embeddable":true,"href":"https:\/\/arantv.az\/index.php?rest_route=%2Fwp%2Fv2%2Fcomments&post=752021"}],"version-history":[{"count":2,"href":"https:\/\/arantv.az\/index.php?rest_route=\/wp\/v2\/posts\/752021\/revisions"}],"predecessor-version":[{"id":752024,"href":"https:\/\/arantv.az\/index.php?rest_route=\/wp\/v2\/posts\/752021\/revisions\/752024"}],"wp:featuredmedia":[{"embeddable":true,"href":"https:\/\/arantv.az\/index.php?rest_route=\/wp\/v2\/media\/752022"}],"wp:attachment":[{"href":"https:\/\/arantv.az\/index.php?rest_route=%2Fwp%2Fv2%2Fmedia&parent=752021"}],"wp:term":[{"taxonomy":"category","embeddable":true,"href":"https:\/\/arantv.az\/index.php?rest_route=%2Fwp%2Fv2%2Fcategories&post=752021"},{"taxonomy":"post_tag","embeddable":true,"href":"https:\/\/arantv.az\/index.php?rest_route=%2Fwp%2Fv2%2Ftags&post=752021"}],"curies":[{"name":"wp","href":"https:\/\/api.w.org\/{rel}","templated":true}]}}