{"id":752053,"date":"2024-09-11T12:13:14","date_gmt":"2024-09-11T08:13:14","guid":{"rendered":"https:\/\/arantv.az\/?p=752053"},"modified":"2024-09-11T12:13:14","modified_gmt":"2024-09-11T08:13:14","slug":"iran-prezidentinin-iraqa-s%c9%99f%c9%99ri-baslayib","status":"publish","type":"post","link":"https:\/\/arantv.az\/?p=752053","title":{"rendered":"\u0130ran Prezidentinin \u0130raqa s\u0259f\u0259ri ba\u015flay\u0131b"},"content":{"rendered":"<div class=\"text-content\" data-id=\"\" data-url=\"\">\n<p>\u0130ran Prezidenti M\u0259sud Peze\u015fkian\u0131n \u0130raqa r\u0259smi s\u0259f\u0259ri ba\u015flay\u0131b.<\/p>\n<p>\u201cReport\u201d x\u0259b\u0259r verir ki, m\u0259lumat\u0131 \u0130RNA yay\u0131b.<\/p>\n<p>Bildirilib ki, M.Peze\u015fkian\u0131n Ba\u011fdad Beyn\u0259lxalq Hava Liman\u0131nda r\u0259smi qar\u015f\u0131lanma m\u0259rasimi olub. \u0130raq\u0131n Ba\u015f naziri M\u0259h\u0259mm\u0259d \u015ei\u0259 \u0259l-Sudani M\u0259sud Peze\u015fkian\u0131 salamlay\u0131b. H\u00f6kum\u0259t ba\u015f\u00e7\u0131s\u0131 v\u0259 n\u00fcmay\u0259nd\u0259 hey\u0259ti il\u0259 g\u00f6r\u00fc\u015fd\u0259n sonra \u0130raq Prezidenti \u018fbd\u00fcl L\u0259tif R\u0259\u015fidl\u0259 \u0130ran Prezidenti aras\u0131nda g\u00f6r\u00fc\u015f olacaq. Bundan sonra iki \u00f6lk\u0259nin y\u00fcks\u0259k s\u0259viyy\u0259li n\u00fcmay\u0259nd\u0259 hey\u0259tl\u0259ri aras\u0131nda dan\u0131\u015f\u0131qlar ke\u00e7iril\u0259c\u0259k.<\/p>\n<p>M.Peze\u015fkian\u0131n N\u0259c\u0259f v\u0259 K\u0259rb\u0259lan\u0131 ziyar\u0259t ed\u0259c\u0259yi, B\u0259sr\u0259, \u018frbil, S\u00fcleymaniyy\u0259 \u015f\u0259h\u0259rl\u0259rin\u0259 s\u0259f\u0259ri planla\u015fd\u0131r\u0131l\u0131b.<\/p>\n<p>\u0130ran Prezidenti s\u0259f\u0259r\u00f6nc\u0259si a\u00e7\u0131qlamas\u0131nda deyib ki, \u0130raqa s\u0259f\u0259ri islam v\u0259 qon\u015fu \u00f6lk\u0259l\u0259rl\u0259 qar\u015f\u0131l\u0131ql\u0131 f\u0259aliyy\u0259t v\u0259 \u0259laq\u0259l\u0259rin inki\u015faf\u0131n\u0131n, d\u0259rinl\u0259\u015fm\u0259sinin yeni d\u00f6vr\u00fcn\u00fcn ba\u015flan\u011f\u0131c\u0131d\u0131r. O, \u0130raqda \u0259m\u0259kda\u015fl\u0131\u011fa dair m\u00fcqavil\u0259l\u0259r imzalayacaq.<\/p>\n<p>M.Peze\u015fkian deyib ki, \u0130raq \u0130slam dininin m\u0259rk\u0259zl\u0259rind\u0259n biridir v\u0259 bu \u00f6lk\u0259 il\u0259 \u0130ran\u0131 dini, siyasi, iqtisadi, m\u0259d\u0259ni v\u0259 ba\u015fqa sah\u0259l\u0259r \u00fczr\u0259 m\u0259s\u0259l\u0259l\u0259r ba\u011flay\u0131r: \u201cBura elm, m\u0259d\u0259niyy\u0259t oca\u011f\u0131, ruhanil\u0259rin s\u0259f\u0259r etdiyi \u00f6lk\u0259dir. 14-c\u00fc h\u00f6kum\u0259tin (Peze\u015fkian\u0131n ba\u015f\u00e7\u0131l\u0131q etdiyi h\u00f6kum\u0259t \u0130ran \u0130slam Respublikas\u0131n\u0131n 14-c\u00fc h\u00f6kum\u0259tidir &#8211; red.) ilk xarici s\u0259f\u0259rini \u0130raqa etm\u0259si d\u0259 t\u0259biidir\u201d.<\/p>\n<\/div>\n<div><\/div>\n<div><\/div>\n<div class=\"inner-social-box\">\n<div class=\"subs-in-social subs-whatsapp\"><\/div>\n<\/div>\n","protected":false},"excerpt":{"rendered":"<p>\u0130ran Prezidenti M\u0259sud Peze\u015fkian\u0131n \u0130raqa r\u0259smi s\u0259f\u0259ri ba\u015flay\u0131b. \u201cReport\u201d x\u0259b\u0259r verir ki, m\u0259lumat\u0131 \u0130RNA yay\u0131b. Bildirilib ki, M.Peze\u015fkian\u0131n Ba\u011fdad Beyn\u0259lxalq Hava Liman\u0131nda r\u0259smi qar\u015f\u0131lanma m\u0259rasimi olub. \u0130raq\u0131n Ba\u015f naziri M\u0259h\u0259mm\u0259d \u015ei\u0259 \u0259l-Sudani M\u0259sud Peze\u015fkian\u0131 salamlay\u0131b. H\u00f6kum\u0259t ba\u015f\u00e7\u0131s\u0131 v\u0259 n\u00fcmay\u0259nd\u0259 hey\u0259ti il\u0259 g\u00f6r\u00fc\u015fd\u0259n sonra \u0130raq Prezidenti \u018fbd\u00fcl L\u0259tif R\u0259\u015fidl\u0259 \u0130ran Prezidenti aras\u0131nda g\u00f6r\u00fc\u015f olacaq. Bundan sonra iki \u00f6lk\u0259nin y\u00fcks\u0259k s\u0259viyy\u0259li n\u00fcmay\u0259nd\u0259 hey\u0259tl\u0259ri aras\u0131nda dan\u0131\u015f\u0131qlar ke\u00e7iril\u0259c\u0259k. M.Peze\u015fkian\u0131n N\u0259c\u0259f v\u0259 K\u0259rb\u0259lan\u0131 ziyar\u0259t ed\u0259c\u0259yi, B\u0259sr\u0259, \u018frbil, S\u00fcleymaniyy\u0259 \u015f\u0259h\u0259rl\u0259rin\u0259 s\u0259f\u0259ri planla\u015fd\u0131r\u0131l\u0131b. \u0130ran Prezidenti s\u0259f\u0259r\u00f6nc\u0259si a\u00e7\u0131qlamas\u0131nda deyib ki, \u0130raqa s\u0259f\u0259ri islam v\u0259 qon\u015fu \u00f6lk\u0259l\u0259rl\u0259 qar\u015f\u0131l\u0131ql\u0131 f\u0259aliyy\u0259t&hellip;<\/p>\n","protected":false},"author":2,"featured_media":752054,"comment_status":"closed","ping_status":"closed","sticky":false,"template":"","format":"standard","meta":{"om_disable_all_campaigns":false,"_monsterinsights_skip_tracking":false,"_monsterinsights_sitenote_active":false,"_monsterinsights_sitenote_note":"","_monsterinsights_sitenote_category":0},"categories":[7],"tags":[],"aioseo_notices":[],"gutentor_comment":0,"rttpg_featured_image_url":{"full":["https:\/\/arantv.az\/wp-content\/uploads\/2024\/09\/a16d6e5f1deb4b80b4656e7c6d537837.jpg",850,500,false],"landscape":["https:\/\/arantv.az\/wp-content\/uploads\/2024\/09\/a16d6e5f1deb4b80b4656e7c6d537837.jpg",850,500,false],"portraits":["https:\/\/arantv.az\/wp-content\/uploads\/2024\/09\/a16d6e5f1deb4b80b4656e7c6d537837.jpg",850,500,false],"thumbnail":["https:\/\/arantv.az\/wp-content\/uploads\/2024\/09\/a16d6e5f1deb4b80b4656e7c6d537837-500x280.jpg",500,280,true],"medium":["https:\/\/arantv.az\/wp-content\/uploads\/2024\/09\/a16d6e5f1deb4b80b4656e7c6d537837-621x365.jpg",621,365,true],"large":["https:\/\/arantv.az\/wp-content\/uploads\/2024\/09\/a16d6e5f1deb4b80b4656e7c6d537837-840x494.jpg",640,376,true],"1536x1536":["https:\/\/arantv.az\/wp-content\/uploads\/2024\/09\/a16d6e5f1deb4b80b4656e7c6d537837.jpg",850,500,false],"2048x2048":["https:\/\/arantv.az\/wp-content\/uploads\/2024\/09\/a16d6e5f1deb4b80b4656e7c6d537837.jpg",850,500,false],"post-thumbnail":["https:\/\/arantv.az\/wp-content\/uploads\/2024\/09\/a16d6e5f1deb4b80b4656e7c6d537837-240x172.jpg",240,172,true],"advps-thumb-one":["https:\/\/arantv.az\/wp-content\/uploads\/2024\/09\/a16d6e5f1deb4b80b4656e7c6d537837.jpg",850,500,false]},"rttpg_author":{"display_name":"V\u00fcsal Rafiqo\u011flu","author_link":"https:\/\/arantv.az\/?author=2"},"rttpg_comment":0,"rttpg_category":"<a href=\"https:\/\/arantv.az\/?cat=7\" rel=\"category\">D\u00fcnya<\/a>","rttpg_excerpt":"\u0130ran Prezidenti M\u0259sud Peze\u015fkian\u0131n \u0130raqa r\u0259smi s\u0259f\u0259ri ba\u015flay\u0131b. \u201cReport\u201d x\u0259b\u0259r verir ki, m\u0259lumat\u0131 \u0130RNA yay\u0131b. Bildirilib ki, M.Peze\u015fkian\u0131n Ba\u011fdad Beyn\u0259lxalq Hava Liman\u0131nda r\u0259smi qar\u015f\u0131lanma m\u0259rasimi olub. \u0130raq\u0131n Ba\u015f naziri M\u0259h\u0259mm\u0259d \u015ei\u0259 \u0259l-Sudani M\u0259sud Peze\u015fkian\u0131 salamlay\u0131b. H\u00f6kum\u0259t ba\u015f\u00e7\u0131s\u0131 v\u0259 n\u00fcmay\u0259nd\u0259 hey\u0259ti il\u0259 g\u00f6r\u00fc\u015fd\u0259n sonra \u0130raq Prezidenti \u018fbd\u00fcl L\u0259tif R\u0259\u015fidl\u0259 \u0130ran Prezidenti aras\u0131nda g\u00f6r\u00fc\u015f olacaq. Bundan sonra&hellip;","_links":{"self":[{"href":"https:\/\/arantv.az\/index.php?rest_route=\/wp\/v2\/posts\/752053"}],"collection":[{"href":"https:\/\/arantv.az\/index.php?rest_route=\/wp\/v2\/posts"}],"about":[{"href":"https:\/\/arantv.az\/index.php?rest_route=\/wp\/v2\/types\/post"}],"author":[{"embeddable":true,"href":"https:\/\/arantv.az\/index.php?rest_route=\/wp\/v2\/users\/2"}],"replies":[{"embeddable":true,"href":"https:\/\/arantv.az\/index.php?rest_route=%2Fwp%2Fv2%2Fcomments&post=752053"}],"version-history":[{"count":1,"href":"https:\/\/arantv.az\/index.php?rest_route=\/wp\/v2\/posts\/752053\/revisions"}],"predecessor-version":[{"id":752055,"href":"https:\/\/arantv.az\/index.php?rest_route=\/wp\/v2\/posts\/752053\/revisions\/752055"}],"wp:featuredmedia":[{"embeddable":true,"href":"https:\/\/arantv.az\/index.php?rest_route=\/wp\/v2\/media\/752054"}],"wp:attachment":[{"href":"https:\/\/arantv.az\/index.php?rest_route=%2Fwp%2Fv2%2Fmedia&parent=752053"}],"wp:term":[{"taxonomy":"category","embeddable":true,"href":"https:\/\/arantv.az\/index.php?rest_route=%2Fwp%2Fv2%2Fcategories&post=752053"},{"taxonomy":"post_tag","embeddable":true,"href":"https:\/\/arantv.az\/index.php?rest_route=%2Fwp%2Fv2%2Ftags&post=752053"}],"curies":[{"name":"wp","href":"https:\/\/api.w.org\/{rel}","templated":true}]}}