{"id":752059,"date":"2024-09-11T12:15:29","date_gmt":"2024-09-11T08:15:29","guid":{"rendered":"https:\/\/arantv.az\/?p=752059"},"modified":"2024-09-11T12:15:29","modified_gmt":"2024-09-11T08:15:29","slug":"tokayevin-astanada-yeni-sulh-danisiqlari-t%c9%99klifi","status":"publish","type":"post","link":"https:\/\/arantv.az\/?p=752059","title":{"rendered":"Tokayevin Astanada yeni s\u00fclh dan\u0131\u015f\u0131qlar\u0131 t\u0259klifi"},"content":{"rendered":"<p><strong>Erm\u0259nistan dan\u0131\u015f\u0131qlar \u00fc\u00e7\u00fcn n\u00f6vb\u0259ti m\u0259kan\u0131 q\u0259bul ed\u0259c\u0259kmi?; \u201cBu dan\u0131\u015f\u0131qlar Orta d\u0259hlizin m\u00fch\u00fcm oyun\u00e7ular\u0131ndan say\u0131lan \u00f6lk\u0259d\u0259 ba\u015f tutacaq\u201d<\/strong><\/p>\n<p>Sentyabr\u0131n 9-da Qazax\u0131stan\u0131n d\u00f6vl\u0259t ba\u015f\u00e7\u0131s\u0131 Kas\u0131m-Jomart Tokayev Az\u0259rbaycan Prezidenti \u0130lham \u018fliyev\u0259 z\u0259ng edib. T\u0259r\u0259fl\u0259r bir s\u0131ra ikit\u0259r\u0259fli m\u0259s\u0259l\u0259l\u0259ri m\u00fczakir\u0259 edibl\u0259r. R\u0259smi m\u0259lumatda o da deyilir ki, Tokayev Astanan\u0131n Erm\u0259nistanla Az\u0259rbaycan aras\u0131nda s\u00fclh m\u00fcqavil\u0259si \u00fczr\u0259 dan\u0131\u015f\u0131qlar\u0131n apar\u0131lmas\u0131 \u00fc\u00e7\u00fcn platforma rolunu oynama\u011fa haz\u0131r oldu\u011funu bildirib. Yada salaq ki, bu il may\u0131n 10 v\u0259 11-d\u0259 Almat\u0131da Qazax\u0131stan X\u0130N-in vasit\u0259\u00e7iliyi il\u0259 Az\u0259rbaycan v\u0259 Erm\u0259nistan X\u0130N ba\u015f\u00e7\u0131lar\u0131n\u0131n iki g\u00fcnl\u00fck g\u00f6r\u00fc\u015f\u00fc olub. Tokayevin bu vasit\u0259\u00e7ilik missiyas\u0131n\u0131 yenid\u0259n t\u0259klif etm\u0259si maraq do\u011furur. \u018flb\u0259tt\u0259, Tokayevin Erm\u0259nistan-Az\u0259rbaycan m\u00fcnasib\u0259tl\u0259rinin normalla\u015fmas\u0131 \u00fc\u00e7\u00fcn yenid\u0259n platforma t\u0259klif etm\u0259si m\u00fcsb\u0259t hald\u0131r. \u00c7\u00fcnki Qazax\u0131stan h\u0259r iki \u00f6lk\u0259y\u0259 yax\u0131n \u0259laq\u0259l\u0259r\u0259 malik oldu\u011fu \u00fc\u00e7\u00fcn, neytral vasit\u0259\u00e7i ola bil\u0259r. N\u0259z\u0259r\u0259 almaq laz\u0131md\u0131r ki, Qazax\u0131stan Az\u0259rbaycanla yax\u0131n \u0259laq\u0259l\u0259r\u0259 malik olmaqla yana\u015f\u0131, Erm\u0259nistanla eyni h\u0259rbi (h\u0259l\u0259 ki formal olsa da) v\u0259 iqtisadi bloklarda t\u0259msil olunurlar. D\u00fczd\u00fcr, i\u015f\u011fal d\u00f6vr\u00fcnd\u0259 Qazax\u0131stan birm\u0259nal\u0131 \u015f\u0259kild\u0259 Az\u0259rbaycan\u0131n m\u00f6vqeyini d\u0259st\u0259kl\u0259yib. \u0130ndi is\u0259 Qaraba\u011f m\u0259s\u0259l\u0259si h\u0259ll olundu\u011fu \u00fc\u00e7\u00fcn Qazax\u0131stan daha \u00e7ox Erm\u0259nistan\u0131 regional \u0259m\u0259kda\u015fl\u0131\u011f\u0131n vacibliyin\u0259 inand\u0131rma\u011fa \u00e7al\u0131\u015f\u0131r. \u00c7\u00fcnki \u00c7inin \u201cBir k\u0259m\u0259r, bir yol\u201d layih\u0259sinin \u00fcz\u0259rind\u0259 yerl\u0259\u015f\u0259n Qazax\u0131stan bu mar\u015frutun M\u0259rk\u0259zi Asiyadan ke\u00e7\u0259n hiss\u0259sini t\u0259\u015fkil ed\u0259n Orta d\u0259hlizin realla\u015fmas\u0131nda maraql\u0131d\u0131r.<\/p>\n<p><em>Ukrayna m\u00fcharib\u0259si fonunda Qazax\u0131stan \u00c7ind\u0259n Avropaya ged\u0259n y\u00fckl\u0259rin bir hiss\u0259sinin Z\u0259ng\u0259zur d\u0259hlizi vasit\u0259sil\u0259 da\u015f\u0131nmas\u0131nda maraql\u0131d\u0131r. \u00c7\u00fcnki t\u0259kc\u0259 Bak\u0131-Tiflis-Qars d\u0259mir yolu bunun \u00fc\u00e7\u00fcn yet\u0259rli deyil. Bu mar\u015frutlarla h\u0259m d\u0259 \u00f6z m\u0259hsullar\u0131n\u0131 Avropa bazarlar\u0131na \u00e7\u0131xartmaq ist\u0259yir. Dig\u0259r t\u0259r\u0259fd\u0259n, Qazax\u0131stan\u0131n Erm\u0259nistan-Az\u0259rbaycan m\u00fcnasib\u0259tl\u0259rinin normalla\u015fmas\u0131 il\u0259 ba\u011fl\u0131 bir t\u0259cr\u00fcb\u0259si var. 90-c\u0131 ill\u0259rin \u0259vv\u0259ll\u0259rind\u0259 Qazax\u0131stan\u0131n ovaxtk\u0131 prezidenti Nursultan Nazarbayev bununla ba\u011fl\u0131 bir ne\u00e7\u0259 d\u0259f\u0259 c\u0259hd g\u00f6st\u0259rib, amma al\u0131nmay\u0131b. O bax\u0131mdan, Qazax\u0131stan\u0131n yenid\u0259n bel\u0259 bir t\u0259\u015f\u0259bb\u00fcsl\u0259 \u00e7\u0131x\u0131\u015f etm\u0259si t\u0259\u0259cc\u00fcbl\u00fc deyil. Yada salaq ki, qeyri-r\u0259smi m\u0259lumatlara g\u00f6r\u0259, \u0130r\u0259van Moskvan\u0131n vasit\u0259\u00e7iliyi il\u0259 g\u00f6r\u00fc\u015fl\u0259rin t\u0259\u015fkilin\u0259 yum\u015faq des\u0259k, soyuq bax\u0131r. Qazax\u0131stan\u0131n vasit\u0259\u00e7ilik \u00fc\u00e7\u00fcn Astanan\u0131 t\u0259klif etm\u0259sin\u0259 is\u0259 \u00e7\u0259tin ki, Rusiyan\u0131n x\u00fcsusi q\u0131c\u0131\u011f\u0131 olsun. \u00c7\u00fcnki Tokayevin Putinl\u0259 \u0259n y\u00fcks\u0259k s\u0259viyy\u0259d\u0259 dostluq m\u00fcnasib\u0259tl\u0259ri var. Bu m\u0259nada t\u0259\u015f\u0259bb\u00fcs realla\u015fa, Astana s\u00fclh meydan\u00e7as\u0131 ola bil\u0259rmi?<\/em><\/p>\n<p>\u201cQazax\u0131stan prezidenti \u00e7ox t\u0259cr\u00fcb\u0259li diplomatd\u0131r. \u018fg\u0259r o, m\u0259hz indi Az\u0259rbaycan prezidentin\u0259 Astanan\u0131n s\u00fclh dan\u0131\u015f\u0131qlar\u0131 apar\u0131lmas\u0131 \u00fc\u00e7\u00fcn yenid\u0259n platforma rolu oynayaca\u011f\u0131n\u0131 deyirs\u0259, bel\u0259 g\u00f6r\u00fcn\u00fcr ki, birincisi, g\u00f6r\u00fc\u015f \u00fc\u00e7\u00fcn \u015f\u0259rait yarand\u0131\u011f\u0131, ikincisi, Erm\u0259nistan\u0131n da onun m\u0259hz Astanada ke\u00e7irilm\u0259sin\u0259 raz\u0131l\u0131q ver\u0259c\u0259yi haqda bilgisi var\u201d.<\/p>\n<p><strong>Deputat Sahib Al\u0131yev bu fikirl\u0259ri \u201cYeni M\u00fcsavat\u201da a\u00e7\u0131qlamas\u0131nda bildirdi. S.Al\u0131yevin fikrinc\u0259, Erm\u0259nistan\u0131n dan\u0131\u015f\u0131qlar\u0131n Astanada apr\u0131lmas\u0131na qar\u015f\u0131 \u00e7\u0131xmayaca\u011f\u0131 Vladimir Putinin Nikol Pa\u015finyana z\u0259ngi zaman\u0131 raz\u0131la\u015fd\u0131r\u0131l\u0131b:<\/strong>\u00a0\u201cArt\u0131q \u00e7oxlar\u0131na sirr deyil ki, Erm\u0259nistan r\u0259hb\u0259rliyinin anti-Rusiya ritorikas\u0131 bir s\u0131ra hallarda Moskvan\u0131n maraqlar\u0131na xidm\u0259t edir. Y\u0259ni Rusiyaya sat\u0131\u015f\u0131na qada\u011fa qoyulan mallar\u0131n b\u00f6y\u00fck bir hiss\u0259sinin ora m\u0259hz Erm\u0259nistan \u00fcz\u0259rind\u0259n \u00f6t\u00fcr\u00fclm\u0259sind\u0259, yaxud da Qranada v\u0259 Br\u00fcsseld\u0259ki reall\u0131qlar\u0131n \u00fcz\u0259 \u00e7\u0131xmas\u0131 s\u0259b\u0259bind\u0259n Q\u0259rb platformas\u0131n\u0131n dan\u0131\u015f\u0131qlar \u00fc\u00e7\u00fcn c\u0259lbediciliyini itirm\u0259sind\u0259\u00a0 bu ritorika az rol oynam\u0131r. V\u0259 bel\u0259 bir ritorika ortada ik\u0259n, r\u0259smi \u0130r\u0259van\u0131n Az\u0259rbaycanla Erm\u0259nistan aras\u0131nda dan\u0131\u015f\u0131qlar\u0131n Rusiyada apar\u0131lmas\u0131na raz\u0131l\u0131q verm\u0259si Q\u0259rbd\u0259 t\u0259bii ki, soyuq du\u015f effekti yaradacaqd\u0131. \u00d6z\u00fc d\u0259 s\u00f6hb\u0259t iki \u00f6lk\u0259 aras\u0131nda \u0259laq\u0259l\u0259rin normalla\u015fmas\u0131 haqda \u00e7\u0259r\u00e7iv\u0259 anla\u015fmas\u0131n\u0131n imzalanmas\u0131, yaxud da s\u0259n\u0259din paraflanmas\u0131 y\u00f6n\u00fcnd\u0259 m\u00fch\u00fcm add\u0131m at\u0131lacaq bir g\u00f6r\u00fc\u015fd\u0259n gedirs\u0259&#8230;\u201d<\/p>\n<p><img src=\"https:\/\/files.modern.az\/articles\/2024\/07\/18\/1721296991_ca11ca25-eab8-3c62-98e5-9d5c033ed0c8_850.jpg\" alt=\"Deputat Sahib Al\u0131yev se\u00e7ki dair\u0259sini d\u0259yi\u015fdi\" \/><\/p>\n<p><strong>Sahib Al\u0131yev<\/strong><\/p>\n<p><strong>Az\u0259rbaycana g\u0259ldikd\u0259, deputat qeyd etdi ki, biz ilk zamanlar ikit\u0259r\u0259fli format \u00e7\u0259r\u00e7iv\u0259sind\u0259 apar\u0131lmas\u0131 \u015f\u0259rtil\u0259, az \u00f6nc\u0259 xat\u0131rlad\u0131lan Qaranada v\u0259 Br\u00fcssel reall\u0131qlar\u0131 \u00fcz\u0259 \u00e7\u0131xanad\u0259k dan\u0131\u015f\u0131qlar\u0131n ist\u0259nil\u0259n platformada ba\u015f tutmas\u0131na haz\u0131r v\u0259 raz\u0131 olmu\u015fuq:<\/strong>\u00a0\u201c2023-c\u00fc ilin oktyabr\u0131nda Qranada sammitind\u0259 Avropa Birliyinin Fransan\u0131n yed\u0259yind\u0259 getm\u0259si v\u0259 bu ilin aprelind\u0259 Br\u00fcsseld\u0259ki \u00fc\u00e7l\u00fc g\u00f6r\u00fc\u015fd\u0259 AB\u015e-\u0131n bunun arxas\u0131nda \u0259slind\u0259 \u00f6z\u00fcn\u00fcn durdu\u011funu s\u0259rgil\u0259m\u0259si t\u0259bii ki, Az\u0259rbaycan\u0131n haql\u0131 naraz\u0131l\u0131\u011f\u0131na s\u0259b\u0259b olmaqla yana\u015f\u0131, s\u00f6z\u00fcged\u0259n g\u00fccl\u0259rin s\u00fclh dan\u0131\u015f\u0131qlar\u0131n\u0131n t\u0259\u015fkilat\u00e7\u0131lar\u0131 rolunda \u00e7\u0131x\u0131\u015f etm\u0259l\u0259rinin \u00fcst\u00fcnd\u0259n d\u0259 x\u0259tt \u00e7\u0259kdi. Bu dan\u0131\u015f\u0131qlar\u0131n biziml\u0259 eyni bir ail\u0259nin \u00fczv\u00fc olan v\u0259 m\u00fcmk\u00fcnd\u00fcr ki, h\u0259tta yax\u0131n pespektivd\u0259 \u0259laq\u0259l\u0259rimizi m\u00fctt\u0259fiqlik s\u0259viyy\u0259sin\u0259 y\u00fcks\u0259ld\u0259c\u0259yimiz bir d\u00f6vl\u0259tin paytaxt\u0131nda ke\u00e7irilm\u0259sinin \u0259slind\u0259 n\u0259 anlam da\u015f\u0131d\u0131\u011f\u0131n\u0131 dem\u0259y\u0259 ehtiyac da yoxdur. \u00dcst\u0259lik, unutmaq laz\u0131m deyil ki, bu dan\u0131\u015f\u0131qlar Orta d\u0259hlizin m\u00fch\u00fcm oyun\u00e7ular\u0131ndan say\u0131lan bir \u00f6lk\u0259d\u0259 ba\u015f tutacaq. V\u0259 ola bilsin ki, orada Az\u0259rbaycanla Erm\u0259nistan aras\u0131nda kommunikasiyalar\u0131n a\u00e7\u0131lmas\u0131 y\u00f6n\u00fcnd\u0259 d\u0259 ir\u0259lil\u0259yi\u015f \u0259ld\u0259 edildi&#8221;.<\/p>\n<p><strong>S.Al\u0131yevin fikrinc\u0259, h\u0259r halda, \u0130randak\u0131 rejimin \u0259ndi\u015f\u0259sind\u0259n bel\u0259 g\u00f6r\u00fcn\u00fcr ki, onlar Erm\u0259nistan\u0131n Z\u0259ng\u0259zur d\u0259hlizinin a\u00e7\u0131lmas\u0131na raz\u0131l\u0131q verm\u0259k \u00fczr\u0259 oldu\u011funu d\u00fc\u015f\u00fcn\u00fcrl\u0259r, yaxud da bu haqda m\u0259lumatlar\u0131 var:<\/strong>\u00a0\u201cDo\u011frusu, bilmir\u0259m, Az\u0259rbaycanla Qazax\u0131stan\u0131n d\u00f6vl\u0259t ba\u015f\u00e7\u0131lar\u0131 aras\u0131nda telefon dan\u0131\u015f\u0131\u011f\u0131nda bu m\u00f6vzuya toxunulub ya yox, amma rejim t\u0259msil\u00e7il\u0259rinin Z\u0259ng\u0259zur d\u0259hlizi il\u0259 ba\u011fl\u0131 naraz\u0131l\u0131qlar\u0131n\u0131n h\u0259d\u0259fi olaraq Rusiya g\u00f6st\u0259rils\u0259 d\u0259, onlar\u0131n a\u00e7\u0131qlamalar\u0131nda t\u00fcrk d\u00fc\u015fm\u0259n\u00e7iliyi daha qabar\u0131q g\u00f6r\u00fcn\u00fcrd\u00fc ki, m\u0259nc\u0259, M\u0259rk\u0259zi Asiyadak\u0131 qarda\u015flar\u0131m\u0131z\u0131n da diqq\u0259tini \u00e7\u0259km\u0259y\u0259 bilm\u0259zdi. \u00dcmid edir\u0259m ki, M\u0259rk\u0259zi Asiya d\u00f6vl\u0259tl\u0259ri bel\u0259 bir rejiml\u0259 g\u0259l\u0259c\u0259k \u0259laq\u0259l\u0259rd\u0259 bu reall\u0131\u011f\u0131 g\u00f6rm\u0259zd\u0259n g\u0259lm\u0259y\u0259c\u0259kl\u0259r, eyni zamanda \u00f6z y\u00fckl\u0259rinin \u0130ran \u00fcz\u0259rind\u0259n \u00f6t\u00fcr\u00fclm\u0259sinin n\u0259 d\u0259r\u0259c\u0259d\u0259 maraqlar\u0131na cavab verib-verm\u0259diyi \u00fcz\u0259rind\u0259 d\u0259 d\u00fc\u015f\u00fcn\u0259c\u0259kl\u0259r\u201d.<\/p>\n<p><img src=\"https:\/\/azertag.az\/files\/2023\/2\/1200x630\/16871762124707246899_1200x630.jpg\" alt=\"Tural \u0130smay\u0131lov: Az\u0259rbaycan OPEC il\u0259 \u0259m\u0259kda\u015fl\u0131\u011f\u0131n\u0131 geni\u015fl\u0259ndirir - AZ\u018fRTAC\" \/><\/p>\n<p><strong>Tural \u0130smay\u0131lov<\/strong><\/p>\n<p><strong>Sosial T\u0259dqiqatlar M\u0259rk\u0259zinin ba\u015f m\u00fct\u0259x\u0259ssisi, siyasi \u015f\u0259rh\u00e7i Tural \u0130smay\u0131lov bildirdi ki, Qazax\u0131stan Az\u0259rbaycanla y\u00fcks\u0259k \u0259laq\u0259l\u0259ri olan dost \u00f6lk\u0259dir:<\/strong>\u00a0\u201c\u0130ki \u00f6lk\u0259 aras\u0131nda d\u0259rin ba\u011flar v\u0259 siyasi \u0259laq\u0259l\u0259r m\u00f6vcuddur. H\u0259m d\u0259 n\u0259z\u0259r\u0259 almal\u0131y\u0131q ki, Qazax\u0131stan\u0131n Erm\u0259nistanla da \u0259laq\u0259l\u0259ri h\u0259mi\u015f\u0259 normal olub. M\u0259rk\u0259zi Asiyada siyasi t\u0259sir g\u00fcc\u00fcn\u0259 g\u00f6r\u0259 \u0259n vacib \u00f6lk\u0259l\u0259rd\u0259n biridir Qazax\u0131stan. Bel\u0259 olan t\u0259qdird\u0259, Tokayev bir ne\u00e7\u0259 d\u0259f\u0259 Az\u0259rbaycan v\u0259 Erm\u0259nistan aras\u0131nda vasit\u0259\u00e7i olmaq ist\u0259diyini bildirib. Qazax\u0131stan\u0131n n\u00fcfuzunu v\u0259 siyasi \u00e7\u0259kisini n\u0259z\u0259r\u0259 alanda, Astana format olaraq h\u0259qiq\u0259t\u0259n d\u0259 t\u0259sirli platforma ola bil\u0259r. Az\u0259rbaycanla Erm\u0259nistan aras\u0131nda Erm\u0259nistan\u0131n b\u00fct\u00fcn provokasiyalar\u0131na r\u0259\u011fm\u0259n ir\u0259lil\u0259yi\u015fl\u0259r m\u00f6vcuddur\u201d. T.\u0130smay\u0131lov hesab edir ki, \u0259slind\u0259 Qazax\u0131stan format\u0131n\u0131n iki vacib n\u0259tic\u0259si ola bil\u0259r: \u201cBirincisi, Qazax\u0131stan b\u00f6lg\u0259y\u0259 yax\u0131n \u00f6lk\u0259dir, h\u0259tta anla\u015fmazl\u0131qlar\u0131 da aradan qald\u0131ran bir u\u011furlu platformad\u0131r. \u0130kincisi, Qazax\u0131stan format\u0131 regionu qar\u0131\u015fd\u0131rmaq ist\u0259y\u0259n \u00fc\u00e7\u00fcnc\u00fc t\u0259r\u0259fl\u0259r\u0259 d\u0259 barrikadalar ola bil\u0259r. Top Erm\u0259nistan t\u0259r\u0259fd\u0259dir. Fransa v\u0259 imperialistl\u0259rin \u0259lind\u0259 Erm\u0259nistan oyuncaqd\u0131r, Qazax\u0131stan\u0131n vasit\u0259\u00e7iliyini \u0259ng\u0259ll\u0259m\u0259k \u00fc\u00e7\u00fcn \u0259ll\u0259rind\u0259n g\u0259l\u0259ni edirl\u0259r\u201d.<\/p>\n<p><img src=\"https:\/\/www.xezernews.az\/photos\/0f2ed82f13972d441fb77edc6a875dee.jpg\" alt=\"M\u0259h\u0259mm\u0259d \u018fs\u0259dullazad\u0259: \u201cAz\u0259rbaycan Br\u00fcsselin vasit\u0259\u00e7iliyind\u0259n...\u201d\" \/><\/p>\n<p><strong>\u00a0M\u0259h\u0259mm\u0259d \u018fs\u0259dullazad\u0259<\/strong><\/p>\n<p><strong>Politoloq M\u0259h\u0259mm\u0259d \u018fs\u0259dullazad\u0259 d\u0259 hesab edir ki, Qazax\u0131stan prezidenti Tokayevin prezident \u0130lham \u018fliyev\u0259 parlament se\u00e7kil\u0259rinin n\u0259tic\u0259l\u0259ri il\u0259 ba\u011fl\u0131 t\u0259brik z\u0259ngi fonunda Qazax\u0131stan\u0131n Erm\u0259nistanla Az\u0259rbaycan aras\u0131nda vasit\u0259\u00e7i olma\u011f\u0131 t\u0259klifi x\u00fcsusi siyasi \u0259h\u0259miyy\u0259t k\u0259sb edir:<\/strong>\u00a0\u201c\u0130lk n\u00f6vb\u0259d\u0259 Az\u0259rbaycan v\u0259 Erm\u0259nistan Almat\u0131 B\u0259yannam\u0259sin\u0259 uy\u011fun olaraq ikit\u0259r\u0259fli delimitasiya v\u0259 demarkasiya prosesind\u0259 raz\u0131l\u0131\u011fa g\u0259lib. H\u0259m\u00e7inin Astana neytral t\u0259r\u0259fdir v\u0259 t\u0259r\u0259fl\u0259r bu formatda dan\u0131\u015f\u0131qlar apararsa, ciddi ir\u0259lil\u0259yi\u015f \u0259ld\u0259 edil\u0259 bil\u0259r. Haz\u0131rda Rusiya v\u0259 Q\u0259rb Az\u0259rbaycanla Erm\u0259nistan aras\u0131nda vasit\u0259\u00e7i olma\u011fa \u00e7al\u0131\u015f\u0131r. M\u0259hz Qazax\u0131stan\u0131n bel\u0259 bir t\u0259\u015f\u0259bb\u00fcsl\u0259 \u00e7\u0131x\u0131\u015f etm\u0259si prosesi neytralla\u015fd\u0131r\u0131r. Qazax\u0131stan iki t\u0259r\u0259f aras\u0131nda s\u00fclh\u00fcn tezlikl\u0259 ba\u011flanmas\u0131nda maraql\u0131d\u0131r\u201d. M.\u018fs\u0259dullazad\u0259 \u0259lav\u0259 etdi ki, \u00fcmumiyy\u0259tl\u0259, Qazax\u0131stan Z\u0259ng\u0259zur d\u0259hlizinin a\u00e7\u0131lmas\u0131nda maraql\u0131d\u0131r: \u201cOrta d\u0259hlizin \u0259sas seqmenti olan bu d\u0259hliz Orta Asiya il\u0259 Q\u0259rbi birl\u0259\u015fdir\u0259n \u0259sas yollardan biridir. Qazax\u0131stan \u00f6z t\u0259\u015f\u0259bb\u00fcs\u00fcnd\u0259 maraql\u0131d\u0131r\u201d. Amma ekspert hesab edir ki, Az\u0259rbaycana he\u00e7 bir format laz\u0131m deyil: \u201cYaln\u0131z Erm\u0259nistanla ikit\u0259r\u0259fli dan\u0131\u015f\u0131qlar \u0259sas\u0131nda ciddi ir\u0259lil\u0259yi\u015f \u0259ld\u0259 oluna bil\u0259r. M\u0259hz \u00fc\u00e7\u00fcnc\u00fc t\u0259r\u0259fl\u0259rin i\u015ftirak\u0131 olmadan art\u0131q ir\u0259lil\u0259yi\u015f \u0259ld\u0259 edilib. Qazax\u0131stan t\u0259r\u0259fi \u00f6z t\u0259klifl\u0259rind\u0259 s\u0259mimidir v\u0259 ir\u0259lil\u0259yi\u015f \u0259ld\u0259 edilm\u0259si \u00fc\u00e7\u00fcn obyektiv m\u00f6vqe tutub. Hesab edir\u0259m ki, Astanada xarici i\u015fl\u0259r nazirl\u0259ri g\u00f6r\u00fc\u015f\u0259 bil\u0259r. H\u0259tta s\u00fclh m\u00fcqavil\u0259sinin ya s\u0259rh\u0259dd\u0259, ya da Astanada ba\u011flanmas\u0131 m\u0259qbul say\u0131la bil\u0259r\u201d.<\/p>\n<p>H\u0259l\u0259lik \u0130r\u0259vandan Tokayevin t\u0259\u015f\u0259bb\u00fcs\u00fcn\u0259 reaksiya yoxdur. G\u00f6r\u00fcn\u00fcr, havadarlar\u0131ndan, a\u011falar\u0131ndan mesaj g\u00f6zl\u0259yirl\u0259r&#8230;<\/p>\n<p><strong>E.PA\u015eASOY,<br \/>\n\u201cYeni M\u00fcsavat\u201d<\/strong><\/p>\n","protected":false},"excerpt":{"rendered":"<p>Erm\u0259nistan dan\u0131\u015f\u0131qlar \u00fc\u00e7\u00fcn n\u00f6vb\u0259ti m\u0259kan\u0131 q\u0259bul ed\u0259c\u0259kmi?; \u201cBu dan\u0131\u015f\u0131qlar Orta d\u0259hlizin m\u00fch\u00fcm oyun\u00e7ular\u0131ndan say\u0131lan \u00f6lk\u0259d\u0259 ba\u015f tutacaq\u201d Sentyabr\u0131n 9-da Qazax\u0131stan\u0131n d\u00f6vl\u0259t ba\u015f\u00e7\u0131s\u0131 Kas\u0131m-Jomart Tokayev Az\u0259rbaycan Prezidenti \u0130lham \u018fliyev\u0259 z\u0259ng edib. T\u0259r\u0259fl\u0259r bir s\u0131ra ikit\u0259r\u0259fli m\u0259s\u0259l\u0259l\u0259ri m\u00fczakir\u0259 edibl\u0259r. R\u0259smi m\u0259lumatda o da deyilir ki, Tokayev Astanan\u0131n Erm\u0259nistanla Az\u0259rbaycan aras\u0131nda s\u00fclh m\u00fcqavil\u0259si \u00fczr\u0259 dan\u0131\u015f\u0131qlar\u0131n apar\u0131lmas\u0131 \u00fc\u00e7\u00fcn platforma rolunu oynama\u011fa haz\u0131r oldu\u011funu bildirib. Yada salaq ki, bu il may\u0131n 10 v\u0259 11-d\u0259 Almat\u0131da Qazax\u0131stan X\u0130N-in vasit\u0259\u00e7iliyi il\u0259 Az\u0259rbaycan v\u0259 Erm\u0259nistan X\u0130N ba\u015f\u00e7\u0131lar\u0131n\u0131n iki g\u00fcnl\u00fck g\u00f6r\u00fc\u015f\u00fc olub. Tokayevin bu vasit\u0259\u00e7ilik missiyas\u0131n\u0131 yenid\u0259n t\u0259klif etm\u0259si&hellip;<\/p>\n","protected":false},"author":2,"featured_media":752060,"comment_status":"closed","ping_status":"closed","sticky":false,"template":"","format":"standard","meta":{"om_disable_all_campaigns":false,"_monsterinsights_skip_tracking":false,"_monsterinsights_sitenote_active":false,"_monsterinsights_sitenote_note":"","_monsterinsights_sitenote_category":0},"categories":[4],"tags":[],"aioseo_notices":[],"gutentor_comment":0,"rttpg_featured_image_url":{"full":["https:\/\/arantv.az\/wp-content\/uploads\/2024\/09\/ada7cb7b3adc32157d66fa58136c8033.jpg",780,470,false],"landscape":["https:\/\/arantv.az\/wp-content\/uploads\/2024\/09\/ada7cb7b3adc32157d66fa58136c8033.jpg",780,470,false],"portraits":["https:\/\/arantv.az\/wp-content\/uploads\/2024\/09\/ada7cb7b3adc32157d66fa58136c8033.jpg",780,470,false],"thumbnail":["https:\/\/arantv.az\/wp-content\/uploads\/2024\/09\/ada7cb7b3adc32157d66fa58136c8033-500x280.jpg",500,280,true],"medium":["https:\/\/arantv.az\/wp-content\/uploads\/2024\/09\/ada7cb7b3adc32157d66fa58136c8033-606x365.jpg",606,365,true],"large":["https:\/\/arantv.az\/wp-content\/uploads\/2024\/09\/ada7cb7b3adc32157d66fa58136c8033.jpg",640,386,false],"1536x1536":["https:\/\/arantv.az\/wp-content\/uploads\/2024\/09\/ada7cb7b3adc32157d66fa58136c8033.jpg",780,470,false],"2048x2048":["https:\/\/arantv.az\/wp-content\/uploads\/2024\/09\/ada7cb7b3adc32157d66fa58136c8033.jpg",780,470,false],"post-thumbnail":["https:\/\/arantv.az\/wp-content\/uploads\/2024\/09\/ada7cb7b3adc32157d66fa58136c8033-240x172.jpg",240,172,true],"advps-thumb-one":["https:\/\/arantv.az\/wp-content\/uploads\/2024\/09\/ada7cb7b3adc32157d66fa58136c8033.jpg",780,470,false]},"rttpg_author":{"display_name":"V\u00fcsal Rafiqo\u011flu","author_link":"https:\/\/arantv.az\/?author=2"},"rttpg_comment":0,"rttpg_category":"<a href=\"https:\/\/arantv.az\/?cat=4\" rel=\"category\">Siyas\u0259t<\/a>","rttpg_excerpt":"Erm\u0259nistan dan\u0131\u015f\u0131qlar \u00fc\u00e7\u00fcn n\u00f6vb\u0259ti m\u0259kan\u0131 q\u0259bul ed\u0259c\u0259kmi?; \u201cBu dan\u0131\u015f\u0131qlar Orta d\u0259hlizin m\u00fch\u00fcm oyun\u00e7ular\u0131ndan say\u0131lan \u00f6lk\u0259d\u0259 ba\u015f tutacaq\u201d Sentyabr\u0131n 9-da Qazax\u0131stan\u0131n d\u00f6vl\u0259t ba\u015f\u00e7\u0131s\u0131 Kas\u0131m-Jomart Tokayev Az\u0259rbaycan Prezidenti \u0130lham \u018fliyev\u0259 z\u0259ng edib. T\u0259r\u0259fl\u0259r bir s\u0131ra ikit\u0259r\u0259fli m\u0259s\u0259l\u0259l\u0259ri m\u00fczakir\u0259 edibl\u0259r. R\u0259smi m\u0259lumatda o da deyilir ki, Tokayev Astanan\u0131n Erm\u0259nistanla Az\u0259rbaycan aras\u0131nda s\u00fclh m\u00fcqavil\u0259si \u00fczr\u0259 dan\u0131\u015f\u0131qlar\u0131n apar\u0131lmas\u0131 \u00fc\u00e7\u00fcn platforma&hellip;","_links":{"self":[{"href":"https:\/\/arantv.az\/index.php?rest_route=\/wp\/v2\/posts\/752059"}],"collection":[{"href":"https:\/\/arantv.az\/index.php?rest_route=\/wp\/v2\/posts"}],"about":[{"href":"https:\/\/arantv.az\/index.php?rest_route=\/wp\/v2\/types\/post"}],"author":[{"embeddable":true,"href":"https:\/\/arantv.az\/index.php?rest_route=\/wp\/v2\/users\/2"}],"replies":[{"embeddable":true,"href":"https:\/\/arantv.az\/index.php?rest_route=%2Fwp%2Fv2%2Fcomments&post=752059"}],"version-history":[{"count":1,"href":"https:\/\/arantv.az\/index.php?rest_route=\/wp\/v2\/posts\/752059\/revisions"}],"predecessor-version":[{"id":752061,"href":"https:\/\/arantv.az\/index.php?rest_route=\/wp\/v2\/posts\/752059\/revisions\/752061"}],"wp:featuredmedia":[{"embeddable":true,"href":"https:\/\/arantv.az\/index.php?rest_route=\/wp\/v2\/media\/752060"}],"wp:attachment":[{"href":"https:\/\/arantv.az\/index.php?rest_route=%2Fwp%2Fv2%2Fmedia&parent=752059"}],"wp:term":[{"taxonomy":"category","embeddable":true,"href":"https:\/\/arantv.az\/index.php?rest_route=%2Fwp%2Fv2%2Fcategories&post=752059"},{"taxonomy":"post_tag","embeddable":true,"href":"https:\/\/arantv.az\/index.php?rest_route=%2Fwp%2Fv2%2Ftags&post=752059"}],"curies":[{"name":"wp","href":"https:\/\/api.w.org\/{rel}","templated":true}]}}