{"id":752088,"date":"2024-09-11T12:25:03","date_gmt":"2024-09-11T08:25:03","guid":{"rendered":"https:\/\/arantv.az\/?p=752088"},"modified":"2024-09-11T12:25:03","modified_gmt":"2024-09-11T08:25:03","slug":"k%c9%99lb%c9%99c%c9%99rlil%c9%99r-o-gunu-gozl%c9%99yir","status":"publish","type":"post","link":"https:\/\/arantv.az\/?p=752088","title":{"rendered":"\u201cK\u0259lb\u0259c\u0259rlil\u0259r o g\u00fcn\u00fc g\u00f6zl\u0259yir&#8230;\u201d"},"content":{"rendered":"<p><strong>Etibar Seyida\u011fa: \u201cBu, K\u0259lb\u0259c\u0259r rayonuna ilk daimi k\u00f6\u00e7 kimi tarix\u0259 d\u00fc\u015f\u0259c\u0259k\u201d<\/strong><\/p>\n<p><em>\u201cQaraba\u011fa b\u00f6y\u00fck qay\u0131d\u0131\u015f\u201d plan\u0131 h\u0259r ke\u00e7\u0259n g\u00fcn u\u011furla icra olunmaqdad\u0131r. Son olaraq, \u00f6lk\u0259nin siyasi r\u0259hb\u0259rliyi t\u0259r\u0259find\u0259n bu yolda at\u0131lan add\u0131mlar x\u00fcsusi alq\u0131\u015flarla qar\u015f\u0131lan\u0131r.\u00a0\u00a0\u00a0<\/em><\/p>\n<p>Bug\u00fcnl\u0259rd\u0259 C\u0259nab Prezident \u0130lham \u018fliyev v\u0259 \u00f6lk\u0259nin birinci xan\u0131m\u0131 Mehriban \u018fliyeva K\u0259lb\u0259c\u0259r rayonuna s\u0259f\u0259r etdi. Ali Ba\u015f Komandan K\u0259lb\u0259c\u0259r rayonunda \u0130stisu q\u0259s\u0259b\u0259sinin t\u0259m\u0259lini qoydu. K\u0259lb\u0259c\u0259rin m\u00f6c\u00fcz\u0259li, \u015f\u0259fa qayna\u011f\u0131 olan \u0130stisu bula\u011f\u0131n\u0131n art\u0131q istehsal\u0131na ba\u015flan\u0131l\u0131b v\u0259 b\u00fct\u00fcn b\u00f6lg\u0259l\u0259rimizd\u0259 bu suyun sat\u0131\u015f\u0131 h\u0259yata ke\u00e7irilir. Marketl\u0259rd\u0259 &#8220;\u0130stisu&#8221;yu \u0259ld\u0259 etm\u0259k \u00fc\u00e7\u00fcn n\u00f6vb\u0259l\u0259r yaran\u0131b. Bu da Az\u0259rbaycan insan\u0131n\u0131n do\u011fma torpa\u011fa ba\u011fl\u0131l\u0131\u011f\u0131n\u0131n bir daha \u0259yani s\u00fcbutudur.<\/p>\n<p><em>\u00d6t\u0259n h\u0259ft\u0259 \u015eu\u015fa \u015f\u0259h\u0259rin\u0259 d\u0259 2 k\u00f6\u00e7 karvan\u0131 yola sal\u0131nd\u0131. Prezidentin tap\u015f\u0131r\u0131\u011f\u0131na uy\u011fun olaraq respublikan\u0131n m\u00fcxt\u0259lif \u0259razil\u0259rind\u0259 yataqxana, sanatoriya, pioner d\u00fc\u015f\u0259rg\u0259si, yar\u0131m\u00e7\u0131q tikilil\u0259r v\u0259 inzibati binalarda m\u00fcv\u0259qq\u0259ti m\u0259skunla\u015fm\u0131\u015f ail\u0259l\u0259rd\u0259n ibar\u0259t k\u00f6\u00e7 karvanlar\u0131 sentyabr\u0131n 5-i v\u0259 7-d\u0259 Bak\u0131 \u015f\u0259h\u0259rinin Qarada\u011f rayonundan yola sal\u0131nd\u0131. Birinci k\u00f6\u00e7 karvan\u0131 il\u0259 \u015eu\u015fa \u015f\u0259h\u0259rin\u0259 30 ail\u0259 &#8211; 102 n\u0259f\u0259r, ikinci karvanla is\u0259 27 ail\u0259 &#8211; 91 n\u0259f\u0259r k\u00f6\u00e7\u00fcr\u00fcld\u00fc.<\/em><\/p>\n<p><em><img src=\"https:\/\/subyekt.az\/wp-content\/uploads\/2024\/06\/FB_IMG_1719556517312.jpg\" alt=\"U\u015faq vaxt\u0131 ke\u00e7diyi yollarla 31 il sonra geri d\u00f6nd\u00fc: m\u0259\u015fhur jurnalist n\u0259l\u0259ri  anlatd\u0131\u2026 V\u0130DEO \u2013 SUBYEKT.az\" \/><\/em><\/p>\n<p><strong>K\u0259lb\u0259c\u0259rli jurnalist Etibar Seyida\u011fa \u201cYeni M\u00fcsavat\u201da bildirib ki, h\u0259r ke\u00e7\u0259n g\u00fcn onlar\u0131n do\u011fma yurda k\u00f6\u00e7\u0259c\u0259yi g\u00fcn\u00fc yax\u0131nla\u015fd\u0131r\u0131r:<\/strong>\u00a0\u201c\u0130lham \u018fliyevin r\u0259hb\u0259rliyi il\u0259 ordumuzun d\u00fc\u015fm\u0259n \u00fcz\u0259rind\u0259 qazand\u0131\u011f\u0131 \u015fanl\u0131 Q\u0259l\u0259b\u0259 n\u0259tic\u0259sind\u0259 i\u015f\u011faldan azad edil\u0259n dig\u0259r \u0259razil\u0259rimizd\u0259 oldu\u011fu kimi, K\u0259lb\u0259c\u0259r\u0259 d\u0259 h\u0259yat yenid\u0259n qay\u0131d\u0131r. M\u00f6ht\u0259r\u0259m Prezidentimiz v\u0259 birinci xan\u0131m Mehriban \u018fliyeva K\u0259lb\u0259c\u0259r rayonuna v\u0259 i\u015f\u011faldan azad edilmi\u015f dig\u0259r rayon v\u0259 \u015f\u0259h\u0259rl\u0259r\u0259 m\u00fct\u0259madi s\u0259f\u0259rl\u0259r edirl\u0259r. Prezidentimizin bu s\u0259f\u0259rl\u0259r zaman\u0131 b\u0259zi m\u00fc\u0259ssis\u0259l\u0259rin a\u00e7\u0131l\u0131\u015f\u0131nda, habel\u0259 obyektl\u0259rin t\u0259m\u0259lqoyma m\u0259rasimind\u0259 i\u015ftirak\u0131 o dem\u0259kdir ki, h\u0259min rayonlar\u0131n sosial-iqtisadi h\u0259yat\u0131nda \u00e7ox b\u00f6y\u00fck dir\u00e7\u0259li\u015f ba\u015f verir. Bu, b\u00f6lg\u0259l\u0259rimizd\u0259 h\u0259yat\u0131n s\u00fcr\u0259tli qay\u0131d\u0131\u015f\u0131ndan, inki\u015fafdan x\u0259b\u0259r verir. M\u00f6ht\u0259r\u0259m Prezidentimizin bu yax\u0131nlarda imzalad\u0131\u011f\u0131 s\u0259r\u0259ncama \u0259sas\u0259n, K\u0259lb\u0259c\u0259r rayonunun yenid\u0259n qurulmas\u0131, sosial-iqtisadi inki\u015faf\u0131n\u0131n t\u0259min edilm\u0259si \u00fc\u00e7\u00fcn v\u0259saitin ayr\u0131lmas\u0131 da \u00e7ox diqq\u0259t\u00e7\u0259k\u0259n m\u0259qamd\u0131r. Q\u0131sa zamanda b\u00f6y\u00fck s\u0259naye m\u00fc\u0259ssis\u0259l\u0259rinin, turizm v\u0259 k\u0259nd t\u0259s\u0259rr\u00fcfat\u0131 obyektl\u0259rinin, hotel v\u0259 mehmanxanalar\u0131n, m\u0259kt\u0259b v\u0259 x\u0259st\u0259xanalar\u0131n in\u015fas\u0131 d\u00f6vl\u0259timizin iqtisadi g\u00fcc\u00fcn\u00fcn g\u00f6st\u0259ricisidir\u201d.<\/p>\n<p>Tan\u0131nm\u0131\u015f jurnalist onu da qeyd etdi ki, \u00f6lk\u0259 Prezidenti \u0130lham \u018fliyev v\u0259 birinci vitse-prezident Mehriban xan\u0131m \u018fliyevan\u0131n K\u0259lb\u0259c\u0259r\u0259 sonuncu s\u0259f\u0259rl\u0259rind\u0259 \u201c\u0130stisu\u201d Mineral Su Zavodunun a\u00e7\u0131l\u0131\u015f\u0131n\u0131n edilm\u0259si K\u0259lb\u0259c\u0259rd\u0259 h\u0259yata ke\u00e7iril\u0259n quruculuq prosesinin yeni bir m\u0259rh\u0259l\u0259si oldu: \u201c\u0130stehsal m\u00fc\u0259ssis\u0259l\u0259rinin qurulmas\u0131 v\u0259 i\u015f\u0259 sal\u0131nmas\u0131 o dem\u0259kdir ki, sakinl\u0259r K\u0259lb\u0259c\u0259rd\u0259 i\u015f yerl\u0259ri il\u0259 t\u0259min olunmaqda \u00e7\u0259tinlik \u00e7\u0259km\u0259y\u0259c\u0259kl\u0259r. Prezident \u0130lham \u018fliyev sentyabr\u0131n 2-d\u0259 K\u0259lb\u0259c\u0259r \u015f\u0259h\u0259rind\u0259 ikinci ya\u015fay\u0131\u015f kompleksinin t\u0259m\u0259lini qoydu. Onu da qeyd edim ki, K\u0259lb\u0259c\u0259r rayonunda Az\u0259rbaycan Respublikas\u0131 Prezidentinin x\u00fcsusi n\u00fcmay\u0259nd\u0259sinin t\u0259yinat\u0131ndan sonra K\u0259lb\u0259c\u0259rd\u0259 quruculuq i\u015fl\u0259rind\u0259 n\u0259z\u0259r\u0259\u00e7arpacaq s\u00fcr\u0259t v\u0259 canlanma m\u00fc\u015fahid\u0259 edilir. Bunu rayona tez-tez s\u0259f\u0259r\u0259 gedib-g\u0259l\u0259n sakinl\u0259r m\u00fc\u015fahid\u0259 edirl\u0259r v\u0259 biziml\u0259 t\u0259\u0259ss\u00fcratlar\u0131n\u0131 bu \u015f\u0259kild\u0259 b\u00f6l\u00fc\u015f\u00fcrl\u0259r.<\/p>\n<p><img loading=\"lazy\" src=\"https:\/\/cdn.musavat.com\/news\/thumbnails\/1998cce81fa1a6d494d85aff44eb44f3.jpg\" alt=\"etibar seyid.jpg (84 KB)\" width=\"720\" height=\"720\" \/><\/p>\n<p><strong>K\u0259lb\u0259c\u0259rd\u0259 b\u00f6y\u00fck m\u00fcasir t\u0259hsil kompleksinin in\u015fas\u0131 gedir. Bu da d\u00f6vl\u0259t ba\u015f\u00e7\u0131m\u0131z\u0131n K\u0259lb\u0259c\u0259r\u0259 k\u00f6\u00e7\u0259c\u0259k \u015fagirdl\u0259rin y\u00fcks\u0259k s\u0259viyy\u0259d\u0259 t\u0259hsil almas\u0131na diqq\u0259tinin n\u00fcmun\u0259sidir.\u00a0<\/strong><\/p>\n<p>Art\u0131q K\u0259lb\u0259c\u0259r \u015f\u0259h\u0259rind\u0259 birinci ya\u015fay\u0131\u015f kompleksi dem\u0259k olar ki, haz\u0131r v\u0259ziyy\u0259td\u0259dir v\u0259 sakinl\u0259rini g\u00f6zl\u0259yir. Y\u0259qin ki, yax\u0131n zamanlarda oraya \u0259halinin k\u00f6\u00e7\u00fcr\u00fclm\u0259si ba\u015flayacaq. Bu, K\u0259lb\u0259c\u0259r rayonuna ilk daimi k\u00f6\u00e7 kimi tarix\u0259 d\u00fc\u015f\u0259c\u0259k. Sakinl\u0259r o g\u00fcn\u00fc s\u0259birsizlikl\u0259 g\u00f6zl\u0259yir. C\u0259nab Prezident s\u0259f\u0259rind\u0259 \u0130stisu q\u0259s\u0259b\u0259sinin d\u0259 t\u0259m\u0259lini qoydu. \u018fminik ki, q\u0259s\u0259b\u0259 i\u015f\u011faldan \u0259vv\u0259lki d\u00f6vrd\u0259 oldu\u011fundan da g\u00f6z\u0259l, m\u00fcasir ya\u015fay\u0131\u015f massivi olacaq.<\/p>\n<p>Onu da dem\u0259yi vacib bilir\u0259m ki, Az\u0259rbaycan\u0131n i\u015f\u011faldan azad edilmi\u015f b\u00f6lg\u0259l\u0259rin\u0259 h\u0259yat qay\u0131d\u0131r. Bu s\u0131rada \u015eu\u015faya sakinl\u0259rin k\u00f6\u00e7\u00fcr\u00fclm\u0259si davam edir. \u00d6t\u0259n h\u0259ft\u0259 sakinl\u0259rin do\u011fma evl\u0259rin\u0259 qay\u0131d\u0131\u015f\u0131 il\u0259 yana\u015f\u0131 daha bir sevindirici hadis\u0259 ba\u015f verdi. \u015eu\u015fada 32 ild\u0259n sonra ilk toy ke\u00e7irildi. Bu hadis\u0259 il\u0259 \u015eu\u015fa sakinl\u0259ri olan g\u0259ncl\u0259rin \u0259n xo\u015f g\u00fcn\u00fc b\u00fct\u00fcn az\u0259rbaycanl\u0131lar\u0131n xo\u015f g\u00fcn\u00fcn\u0259 \u00e7evrildi. Bundan sonra \u015eu\u015fa il\u0259 yana\u015f\u0131 b\u00fct\u00fcn i\u015f\u011faldan azad edilmi\u015f \u015f\u0259h\u0259r v\u0259 k\u0259ndl\u0259rimizd\u0259 bu c\u00fcr toy \u015f\u0259nlikl\u0259ri ke\u00e7iril\u0259c\u0259k. \u018fhalinin qay\u0131d\u0131\u015f\u0131 prosesi davam etdikc\u0259, h\u0259min b\u00f6lg\u0259l\u0259rimizd\u0259 h\u0259yat i\u015f\u011faldan \u00f6nc\u0259ki d\u00f6vrl\u0259rd\u0259ki kimi qaynar olacaq&#8221;.<\/p>\n<p><strong>Yaz\u0131n\u0131 haz\u0131rlad\u0131: Cavan\u015fir ABBASLI<\/strong><\/p>\n","protected":false},"excerpt":{"rendered":"<p>Etibar Seyida\u011fa: \u201cBu, K\u0259lb\u0259c\u0259r rayonuna ilk daimi k\u00f6\u00e7 kimi tarix\u0259 d\u00fc\u015f\u0259c\u0259k\u201d \u201cQaraba\u011fa b\u00f6y\u00fck qay\u0131d\u0131\u015f\u201d plan\u0131 h\u0259r ke\u00e7\u0259n g\u00fcn u\u011furla icra olunmaqdad\u0131r. Son olaraq, \u00f6lk\u0259nin siyasi r\u0259hb\u0259rliyi t\u0259r\u0259find\u0259n bu yolda at\u0131lan add\u0131mlar x\u00fcsusi alq\u0131\u015flarla qar\u015f\u0131lan\u0131r.\u00a0\u00a0\u00a0 Bug\u00fcnl\u0259rd\u0259 C\u0259nab Prezident \u0130lham \u018fliyev v\u0259 \u00f6lk\u0259nin birinci xan\u0131m\u0131 Mehriban \u018fliyeva K\u0259lb\u0259c\u0259r rayonuna s\u0259f\u0259r etdi. Ali Ba\u015f Komandan K\u0259lb\u0259c\u0259r rayonunda \u0130stisu q\u0259s\u0259b\u0259sinin t\u0259m\u0259lini qoydu. K\u0259lb\u0259c\u0259rin m\u00f6c\u00fcz\u0259li, \u015f\u0259fa qayna\u011f\u0131 olan \u0130stisu bula\u011f\u0131n\u0131n art\u0131q istehsal\u0131na ba\u015flan\u0131l\u0131b v\u0259 b\u00fct\u00fcn b\u00f6lg\u0259l\u0259rimizd\u0259 bu suyun sat\u0131\u015f\u0131 h\u0259yata ke\u00e7irilir. Marketl\u0259rd\u0259 &#8220;\u0130stisu&#8221;yu \u0259ld\u0259 etm\u0259k \u00fc\u00e7\u00fcn n\u00f6vb\u0259l\u0259r yaran\u0131b. Bu da Az\u0259rbaycan insan\u0131n\u0131n do\u011fma torpa\u011fa ba\u011fl\u0131l\u0131\u011f\u0131n\u0131n&hellip;<\/p>\n","protected":false},"author":2,"featured_media":752089,"comment_status":"closed","ping_status":"closed","sticky":false,"template":"","format":"standard","meta":{"om_disable_all_campaigns":false,"_monsterinsights_skip_tracking":false,"_monsterinsights_sitenote_active":false,"_monsterinsights_sitenote_note":"","_monsterinsights_sitenote_category":0},"categories":[19],"tags":[],"aioseo_notices":[],"gutentor_comment":0,"rttpg_featured_image_url":{"full":["https:\/\/arantv.az\/wp-content\/uploads\/2024\/09\/8c62133af1f900e56dcf43fc9793afdf.jpg",720,500,false],"landscape":["https:\/\/arantv.az\/wp-content\/uploads\/2024\/09\/8c62133af1f900e56dcf43fc9793afdf.jpg",720,500,false],"portraits":["https:\/\/arantv.az\/wp-content\/uploads\/2024\/09\/8c62133af1f900e56dcf43fc9793afdf.jpg",720,500,false],"thumbnail":["https:\/\/arantv.az\/wp-content\/uploads\/2024\/09\/8c62133af1f900e56dcf43fc9793afdf-500x280.jpg",500,280,true],"medium":["https:\/\/arantv.az\/wp-content\/uploads\/2024\/09\/8c62133af1f900e56dcf43fc9793afdf-526x365.jpg",526,365,true],"large":["https:\/\/arantv.az\/wp-content\/uploads\/2024\/09\/8c62133af1f900e56dcf43fc9793afdf.jpg",640,444,false],"1536x1536":["https:\/\/arantv.az\/wp-content\/uploads\/2024\/09\/8c62133af1f900e56dcf43fc9793afdf.jpg",720,500,false],"2048x2048":["https:\/\/arantv.az\/wp-content\/uploads\/2024\/09\/8c62133af1f900e56dcf43fc9793afdf.jpg",720,500,false],"post-thumbnail":["https:\/\/arantv.az\/wp-content\/uploads\/2024\/09\/8c62133af1f900e56dcf43fc9793afdf-240x172.jpg",240,172,true],"advps-thumb-one":["https:\/\/arantv.az\/wp-content\/uploads\/2024\/09\/8c62133af1f900e56dcf43fc9793afdf.jpg",720,500,false]},"rttpg_author":{"display_name":"V\u00fcsal Rafiqo\u011flu","author_link":"https:\/\/arantv.az\/?author=2"},"rttpg_comment":0,"rttpg_category":"<a href=\"https:\/\/arantv.az\/?cat=19\" rel=\"category\">G\u00fcnd\u0259m<\/a>","rttpg_excerpt":"Etibar Seyida\u011fa: \u201cBu, K\u0259lb\u0259c\u0259r rayonuna ilk daimi k\u00f6\u00e7 kimi tarix\u0259 d\u00fc\u015f\u0259c\u0259k\u201d \u201cQaraba\u011fa b\u00f6y\u00fck qay\u0131d\u0131\u015f\u201d plan\u0131 h\u0259r ke\u00e7\u0259n g\u00fcn u\u011furla icra olunmaqdad\u0131r. Son olaraq, \u00f6lk\u0259nin siyasi r\u0259hb\u0259rliyi t\u0259r\u0259find\u0259n bu yolda at\u0131lan add\u0131mlar x\u00fcsusi alq\u0131\u015flarla qar\u015f\u0131lan\u0131r.\u00a0\u00a0\u00a0 Bug\u00fcnl\u0259rd\u0259 C\u0259nab Prezident \u0130lham \u018fliyev v\u0259 \u00f6lk\u0259nin birinci xan\u0131m\u0131 Mehriban \u018fliyeva K\u0259lb\u0259c\u0259r rayonuna s\u0259f\u0259r etdi. Ali Ba\u015f Komandan K\u0259lb\u0259c\u0259r rayonunda \u0130stisu&hellip;","_links":{"self":[{"href":"https:\/\/arantv.az\/index.php?rest_route=\/wp\/v2\/posts\/752088"}],"collection":[{"href":"https:\/\/arantv.az\/index.php?rest_route=\/wp\/v2\/posts"}],"about":[{"href":"https:\/\/arantv.az\/index.php?rest_route=\/wp\/v2\/types\/post"}],"author":[{"embeddable":true,"href":"https:\/\/arantv.az\/index.php?rest_route=\/wp\/v2\/users\/2"}],"replies":[{"embeddable":true,"href":"https:\/\/arantv.az\/index.php?rest_route=%2Fwp%2Fv2%2Fcomments&post=752088"}],"version-history":[{"count":1,"href":"https:\/\/arantv.az\/index.php?rest_route=\/wp\/v2\/posts\/752088\/revisions"}],"predecessor-version":[{"id":752090,"href":"https:\/\/arantv.az\/index.php?rest_route=\/wp\/v2\/posts\/752088\/revisions\/752090"}],"wp:featuredmedia":[{"embeddable":true,"href":"https:\/\/arantv.az\/index.php?rest_route=\/wp\/v2\/media\/752089"}],"wp:attachment":[{"href":"https:\/\/arantv.az\/index.php?rest_route=%2Fwp%2Fv2%2Fmedia&parent=752088"}],"wp:term":[{"taxonomy":"category","embeddable":true,"href":"https:\/\/arantv.az\/index.php?rest_route=%2Fwp%2Fv2%2Fcategories&post=752088"},{"taxonomy":"post_tag","embeddable":true,"href":"https:\/\/arantv.az\/index.php?rest_route=%2Fwp%2Fv2%2Ftags&post=752088"}],"curies":[{"name":"wp","href":"https:\/\/api.w.org\/{rel}","templated":true}]}}