{"id":752091,"date":"2024-09-11T13:03:24","date_gmt":"2024-09-11T09:03:24","guid":{"rendered":"https:\/\/arantv.az\/?p=752091"},"modified":"2024-09-11T13:03:24","modified_gmt":"2024-09-11T09:03:24","slug":"turkiy%c9%99-il%c9%99-az%c9%99rbaycani-nec%c9%99-dusm%c9%99n-etm%c9%99li-amerikadaki-dasnaklar-onlari-parcalasaq","status":"publish","type":"post","link":"https:\/\/arantv.az\/?p=752091","title":{"rendered":"\u201cT\u00fcrkiy\u0259 il\u0259 Az\u0259rbaycan\u0131 nec\u0259 d\u00fc\u015fm\u0259n etm\u0259li?\u201d- Amerikadak\u0131 da\u015fnaklar: \u201cOnlar\u0131 par\u00e7alasaq\u201d&#8230;"},"content":{"rendered":"<p><strong>Da\u015fnaklara m\u0259xsus olan v\u0259 AB\u015e-dan yay\u0131mlanan ingilisdilli \u201carmenianweekly\u201d sayt\u0131nda Harut Sassounian\u00a0 \u201cArmenia should exploit rifts between Azerbaijan and Turkey\u201d (Erm\u0259nistan Az\u0259rbaycanla T\u00fcrkiy\u0259 aras\u0131nda yaranan \u00e7atlardan istifad\u0259 etm\u0259lidir) adl\u0131 m\u0259qal\u0259 il\u0259 \u00e7\u0131x\u0131\u015f edib.<\/strong><\/p>\n<p>T\u00fcrkiy\u0259-Az\u0259rbaycan m\u00fcnasib\u0259tl\u0259rini inc\u0259l\u0259y\u0259n yazar b\u0259zi inc\u0259 m\u0259tl\u0259bl\u0259r\u0259 toxunub. Bu bar\u0259d\u0259 biz d\u0259 d\u0259f\u0259l\u0259rl\u0259 yazm\u0131\u015f\u0131q. Yazm\u0131\u015f\u0131q ki, Erm\u0259nistan v\u0259 onlar\u0131n havadarlar\u0131 T\u00fcrkiy\u0259-Az\u0259rbaycan m\u00fcnasib\u0259tl\u0259rind\u0259 m\u00f6vcud olan qar\u015f\u0131l\u0131ql\u0131 inam\u0131 v\u0259 etibar\u0131 sars\u0131tmaq \u00fc\u00e7\u00fcn min oyundan \u00e7\u0131x\u0131rlar. Bu m\u0259qal\u0259d\u0259 is\u0259 da\u015fnak yazar bu bar\u0259d\u0259 a\u00e7\u0131q m\u0259tnl\u0259, \u00f6z\u00fc d\u0259 birm\u0259nal\u0131 \u015f\u0259kild\u0259 dan\u0131\u015f\u0131r.<\/p>\n<p><strong>M\u0259qal\u0259ni dem\u0259k olar ki, oldu\u011fu kimi t\u0259qdim edirik. N\u0259z\u0259r\u0259 almaq laz\u0131md\u0131r ki, yaz\u0131 bir da\u015fnak t\u0259r\u0259find\u0259n q\u0259l\u0259m\u0259 al\u0131n\u0131b. \u018fmin\u0259m ki, d\u00fc\u015fm\u0259n t\u0259r\u0259fin d\u00fc\u015f\u00fcnc\u0259 v\u0259 planlar\u0131 bar\u0259d\u0259 m\u0259lumatl\u0131 olmaqda h\u0259mi\u015f\u0259 fayda var:<\/strong><\/p>\n<p>Erm\u0259ni m\u00fc\u0259llif yaz\u0131r ki, \u201cd\u00fc\u015fm\u0259nl\u0259rin\u0259\u201d qar\u015f\u0131 durmaq v\u0259 ya onlar\u0131 z\u0259ifl\u0259tm\u0259k \u00fc\u00e7\u00fcn \u00f6lk\u0259l\u0259rin arsenal\u0131nda m\u00fcxt\u0259lif vasit\u0259l\u0259r olmal\u0131d\u0131r. Onlardan \u0259n bariz olan\u0131 h\u0259rbi g\u00fcc\u00fcn t\u0259tbiq olunmas\u0131d\u0131r. Lakin Erm\u0259nistan ordusu z\u0259if oldu\u011funa g\u00f6r\u0259 bu vasit\u0259ni u\u011furla h\u0259yata ke\u00e7ir\u0259 bilmir.<\/p>\n<p>Dig\u0259r m\u00fcmk\u00fcn vasit\u0259 is\u0259 \u201cd\u00fc\u015fm\u0259n\u201d \u00f6lk\u0259nin daxilind\u0259 qar\u0131\u015f\u0131ql\u0131q yaratmaq \u00fc\u00e7\u00fcn etnik azl\u0131qlar\u0131 q\u0131z\u0131\u015fd\u0131rmaqla \u201cd\u00fc\u015fm\u0259n\u201d d\u00f6vl\u0259tl\u0259rd\u0259 m\u00f6vcud olan sabitliyini pozmaqd\u0131r.<\/p>\n<p><img src=\"https:\/\/azvision.az\/photos\/irevanazvision.jpg\" alt=\"\u0130r\u0259van, yoxsa Yerevan \u2013 Hans\u0131 yaz\u0131l\u0131\u015f d\u00fczg\u00fcnd\u00fcr?\" \/><\/p>\n<p>\u00dc\u00e7\u00fcnc\u00fc vasit\u0259, \u201cd\u00fc\u015fm\u0259n\u201d xalqla onun m\u00fctt\u0259fiql\u0259ri aras\u0131nda nifaq salmaqd\u0131r. Erm\u0259nistan \u00f6zl\u0259rini \u201cbir mill\u0259t, iki d\u00f6vl\u0259t\u201d adland\u0131ran iki \u201cd\u00fc\u015fm\u0259n\u201d qon\u015fu olan Az\u0259rbaycan v\u0259 T\u00fcrkiy\u0259 il\u0259 \u0259hat\u0259 olunub. Ona g\u00f6r\u0259 d\u0259 Erm\u0259nistan bu iki \u00f6lk\u0259 aras\u0131nda naraz\u0131l\u0131q yarananda ortaya \u00e7\u0131xan fikir ayr\u0131l\u0131qlar\u0131n\u0131 daha da d\u0259rinl\u0259\u015fm\u0259sin\u0259 \u00e7al\u0131\u015fmal\u0131d\u0131r.<\/p>\n<p>Son 30 ild\u0259 Erm\u0259nistan iki \u201cd\u00fc\u015fm\u0259n\u201d d\u00f6vl\u0259t aras\u0131nda 3 d\u0259f\u0259 yaranm\u0131\u015f\u00a0 ziddiyy\u0259tin \u015fahidi olub.<\/p>\n<p>\u0130lk f\u00fcrs\u0259t 1995-ci ilin mart\u0131nda T\u00fcrkiy\u0259d\u0259ki b\u0259zi qrupla\u015fmalar\u0131n d\u0259st\u0259kl\u0259diyi Az\u0259rbaycan ordusunun m\u00fc\u0259yy\u0259n b\u00f6lm\u0259l\u0259rinin Az\u0259rbaycan prezidenti Heyd\u0259r \u018fliyev\u0259\u00a0 qar\u015f\u0131 d\u00f6vl\u0259t \u00e7evrili\u015fi etm\u0259y\u0259 c\u0259hd ed\u0259nd\u0259 yarand\u0131. Onlar 1993-c\u00fc ild\u0259 Heyd\u0259r \u018fliyev t\u0259r\u0259find\u0259n devrilmi\u015f \u018fb\u00fclf\u0259z El\u00e7ib\u0259yin yenid\u0259n hakimiyy\u0259t\u0259 qay\u0131tmas\u0131n\u0131 ist\u0259yirdil\u0259r.<\/p>\n<p>\u018fsas k\u00f6m\u0259k\u00e7il\u0259ri \u00e7evrili\u015f c\u0259hdind\u0259 \u0259li olan T\u00fcrkiy\u0259nin ba\u015f naziri Tansu \u00c7ill\u0259r idi. \u00a0\u00c7evrili\u015fin qar\u015f\u0131s\u0131 T\u00fcrkiy\u0259 prezidenti S\u00fcleyman D\u0259mir\u0259l t\u0259r\u0259find\u0259n al\u0131nd\u0131. O, sui-q\u0259sdd\u0259n x\u0259b\u0259r tutdu v\u0259 Heyd\u0259r \u018fliyevi x\u0259b\u0259rdar etdi. Vikipediyada yaz\u0131l\u0131b ki, h\u0259rbi \u00e7evrili\u015f\u0259 c\u0259hd \u201cT\u00fcrkiy\u0259 il\u0259 Az\u0259rbaycan aras\u0131nda diplomatik b\u00f6hrana s\u0259b\u0259b oldu\u201d.<\/p>\n<p>Erm\u0259nistan h\u00f6kum\u0259ti Az\u0259rbaycanda d\u00f6vl\u0259t \u00e7evrili\u015fin\u0259 c\u0259hdd\u0259n v\u0259 bunun n\u0259tic\u0259sind\u0259 Az\u0259rbaycanda h\u00f6km s\u00fcr\u0259n xaosdan istifad\u0259 ed\u0259r\u0259k iki \u201cd\u00fc\u015fm\u0259n\u201di \u00f6lk\u0259ni bir-birind\u0259n daha da uzaqla\u015fd\u0131rmaq \u00fc\u00e7\u00fcn h\u0259r\u0259k\u0259t\u0259 ke\u00e7m\u0259liydi. \u018flimiz\u0259 bel\u0259 bir f\u00fcrs\u0259t d\u00fc\u015fm\u00fc\u015fd\u00fc. Ancaq Erm\u0259nistan bu ixtilaf\u0131 geni\u015f \u015f\u0259kild\u0259 qabardaraq ictimail\u0259\u015fdirm\u0259kl\u0259 ziddiyy\u0259tl\u0259ri daha da d\u0259rinl\u0259\u015fdir\u0259 bilm\u0259di.<\/p>\n<p>Az\u0259rbaycan v\u0259 T\u00fcrkiy\u0259 aras\u0131nda ikinci b\u00f6hran 2009-cu ild\u0259 Erm\u0259nistanla T\u00fcrkiy\u0259 aras\u0131nda m\u00fcnasib\u0259tl\u0259rin normalla\u015fd\u0131r\u0131lmas\u0131n\u0131, o c\u00fcml\u0259d\u0259n r\u0259smi diplomatik m\u00fcnasib\u0259tl\u0259rin qurulmas\u0131n\u0131, Erm\u0259nistan-T\u00fcrkiy\u0259 s\u0259rh\u0259dinin a\u00e7\u0131lmas\u0131n\u0131 v\u0259 \u201cerm\u0259ni soyq\u0131r\u0131m\u201d\u0131 il\u0259 ba\u011fl\u0131 ara\u015fd\u0131rmalar \u00fc\u00e7\u00fcn birg\u0259 tarixi komissiyan\u0131n yarad\u0131lmas\u0131n\u0131 n\u0259z\u0259rd\u0259 tutan S\u00fcrix protokollar\u0131n\u0131n imzalanmas\u0131 zaman\u0131 ba\u015f verdi. Bu protokollar AB\u015e, Rusiya v\u0259 Fransan\u0131n vasit\u0259\u00e7iliyi il\u0259 ortaya \u00e7\u0131xd\u0131.<\/p>\n<p>T\u00fcrkiy\u0259 Erm\u0259nistanla m\u00fcnasib\u0259tl\u0259ri normalla\u015fd\u0131rsayd\u0131 \u201cartsax m\u00fcnaqi\u015f\u0259si\u201dnd\u0259 Az\u0259rbaycan\u0131n Erm\u0259nistana t\u0259zyiq imkanlar\u0131 z\u0259ifl\u0259y\u0259c\u0259kdi. Bundan ehtiyatlanan Az\u0259rbaycan protokollara qar\u015f\u0131 \u00e7\u0131xd\u0131.<\/p>\n<p><strong>T\u00fcrkiy\u0259 bir ne\u00e7\u0259 ziddiyy\u0259tli maraqlar\u0131n ortas\u0131nda qald\u0131:<\/strong><\/p>\n<p>1) T\u00fcrkiy\u0259 \u00f6z \u015f\u0259xsi maraqlar\u0131n\u0131 g\u00fcdm\u0259k ist\u0259yirdi, bu da \u201cerm\u0259ni soyq\u0131r\u0131m\u0131\u201dn\u0131n beyn\u0259lxalq al\u0259md\u0259 tan\u0131nmas\u0131 il\u0259 ba\u011fl\u0131 uzun m\u00fcdd\u0259tdir davam ed\u0259n erm\u0259ni t\u0259l\u0259bl\u0259rini aradan qald\u0131rmaq \u00fc\u00e7\u00fcn Erm\u0259nistanla antaqonist m\u00fcnasib\u0259tl\u0259rini yum\u015faltmaq idi;<\/p>\n<p>2) T\u00fcrkiy\u0259 bu protokollar\u0131 ratifikasiya etm\u0259k \u00fc\u00e7\u00fcn AB\u015e, Rusiya v\u0259 Fransa t\u0259r\u0259find\u0259n t\u0259zyiql\u0259r\u0259 m\u0259ruz qal\u0131rd\u0131;<\/p>\n<p>3) T\u00fcrkiy\u0259nin ki\u00e7ik t\u0259r\u0259fda\u015f\u0131 olan Az\u0259rbaycan \u0259vv\u0259lc\u0259 T\u00fcrkiy\u0259y\u0259 diplomatik t\u0259zyiq g\u00f6st\u0259rdi v\u0259 daha sonra qaz\u0131n ixrac\u0131n\u0131 dayand\u0131raca\u011f\u0131 v\u0259 ya qiym\u0259tinin art\u0131r\u0131lmas\u0131 il\u0259 h\u0259d\u0259l\u0259di. Bu, ist\u0259nil\u0259n effekti verm\u0259dikd\u0259, Az\u0259rbaycan Bak\u0131da T\u00fcrkiy\u0259 t\u0259r\u0259find\u0259n maliyy\u0259l\u0259\u015fdiril\u0259n bir ne\u00e7\u0259 m\u0259scidi ba\u011flad\u0131 v\u0259 T\u00fcrkiy\u0259 bayraqlar\u0131n\u0131 endirdi. Az\u0259rbaycan Xarici \u0130\u015fl\u0259r Nazirliyi b\u0259yan edib ki, Erm\u0259nistan-T\u00fcrkiy\u0259 m\u00fcnasib\u0259tl\u0259rinin yax\u015f\u0131la\u015fd\u0131r\u0131lmas\u0131 \u201cAz\u0259rbaycan\u0131n milli maraqlar\u0131na birba\u015fa ziddir v\u0259 Az\u0259rbaycan il\u0259 T\u00fcrkiy\u0259 aras\u0131nda d\u0259rin tarixi k\u00f6kl\u0259r\u0259 s\u00f6yk\u0259n\u0259n qarda\u015fl\u0131q m\u00fcnasib\u0259tl\u0259rinin ruhuna k\u00f6lg\u0259 sal\u0131r\u201d.<\/p>\n<p><img src=\"https:\/\/ordu.az\/photos\/2023\/10\/1697184480.jpg\" alt=\"T\u00fcrkiy\u0259 Q\u0259zzaya humanitar yard\u0131m g\u00f6nd\u0259rib - YEN\u0130L\u018fN\u0130B\" \/><\/p>\n<p>Erm\u0259nistan bir daha bu m\u00fcnaqi\u015f\u0259d\u0259 sad\u0259c\u0259 seyr\u00e7i rolunu oynad\u0131. N\u0259hay\u0259t, T\u00fcrkiy\u0259 az\u0259rbaycanl\u0131lar\u0131n t\u0259zyiql\u0259rin\u0259 boyun \u0259ydi v\u0259 protokollar\u0131 ratifikasiya etm\u0259kd\u0259n imtina etdi.<\/p>\n<p>Ankara il\u0259 Bak\u0131 aras\u0131nda \u00fc\u00e7\u00fcnc\u00fc m\u00fcbahis\u0259 hal-haz\u0131rda ba\u015f verm\u0259kd\u0259dir. \u018frdo\u011fan iyulun 28-d\u0259 bel\u0259 bir b\u0259yanat verdi: \u201cNec\u0259 ki, Qaraba\u011fa, Liviyaya girdiyimiz kimi, \u0130srail\u0259 d\u0259 el\u0259 gir\u0259rik. Biz\u0259 he\u00e7 n\u0259 mane olmur. Sad\u0259c\u0259 bu add\u0131m\u0131 atmaq \u00fc\u00e7\u00fcn g\u00fccl\u00fc olmal\u0131y\u0131q\u201d.<\/p>\n<p>Da\u015fnak m\u00fc\u0259llif yaz\u0131r ki, Az\u0259rbaycan r\u0259smil\u0259ri \u018frdo\u011fan\u0131n bu b\u0259yanat\u0131na k\u0259skin etiraz etdil\u0259r.<\/p>\n<p>Erm\u0259ni m\u00fc\u0259llif h\u0259yas\u0131zcas\u0131na iddia edir ki, Az\u0259rbaycan 2020-ci il m\u00fcharib\u0259sind\u0259 t\u00fcrk h\u0259rb\u00e7il\u0259ri v\u0259 komandirl\u0259ri, el\u0259c\u0259 d\u0259 T\u00fcrkiy\u0259nin erm\u0259nil\u0259r\u0259 qar\u015f\u0131 d\u00f6y\u00fc\u015fm\u0259k \u00fc\u00e7\u00fcn Suriyadan Az\u0259rbaycana g\u0259tirdiyi minl\u0259rl\u0259 cihad\u00e7\u0131 muzdlular t\u0259r\u0259find\u0259n d\u0259st\u0259kl\u0259nib.<\/p>\n<p>Erm\u0259ni yaz\u0131r ki, Az\u0259ril\u0259rin t\u0259kzibl\u0259rin\u0259 baxmayaraq, \u018frdo\u011fan t\u00fcrk ordusunun \u201cartsax m\u00fcnaqi\u015f\u0259si\u201dnd\u0259 i\u015ftirak\u0131 il\u0259 ba\u011fl\u0131 b\u0259yanat\u0131n\u0131 t\u0259krarlamaqda davam edib. O, avqustun 1-d\u0259 deyib: \u201cAz\u0259rbaycan\u0131n Qaraba\u011f\u0131nda az\u0259rbaycanl\u0131 qarda\u015flar\u0131m\u0131zla birlikd\u0259 d\u00fc\u015fm\u0259n q\u00fcvv\u0259l\u0259rini tamamil\u0259 m\u0259hv etdik\u201d&#8230;<\/p>\n<p>M\u00fc\u0259llif ona sevinir\u00a0 ki, Erm\u0259nistan\u0131n ba\u015f naziri avqustun 31-d\u0259 ke\u00e7irdiyi m\u0259tbuat konfrans\u0131nda m\u00fcxbirin sual\u0131n\u0131 cavabland\u0131rark\u0259n Az\u0259rbaycan-T\u00fcrkiy\u0259 m\u00fcnasib\u0259tl\u0259rin\u0259 k\u00f6lg\u0259 salan bu m\u0259qama bel\u0259 reaksiya verib: \u201c44 g\u00fcnl\u00fck m\u00fcharib\u0259 zaman\u0131 bir \u00e7ox yerl\u0259rd\u0259 h\u0259rb\u00e7il\u0259rimiz, k\u0259\u015ffiyyat\u00e7\u0131lar\u0131m\u0131z t\u00fcrk bayraqlar\u0131, t\u00fcrk \u0259sg\u0259rl\u0259ri, T\u00fcrkiy\u0259 X\u00fcsusi Eskadronu v\u0259 t\u00fcrk y\u00fcks\u0259k r\u00fctb\u0259li zabitl\u0259ri g\u00f6r\u00fcb. Unutmayaq ki, 44 g\u00fcnl\u00fck m\u00fcharib\u0259d\u0259n \u0259vv\u0259l Az\u0259rbaycanla T\u00fcrkiy\u0259 aras\u0131nda irimiqyasl\u0131 h\u0259rbi t\u0259liml\u0259r ke\u00e7irilirdi. V\u0259 b\u00fct\u00fcn m\u00fcharib\u0259 zaman\u0131 T\u00fcrkiy\u0259y\u0259 m\u0259xsus F-16 t\u0259yyar\u0259l\u0259ri s\u00f6z\u00fcn h\u0259qiqi m\u0259nas\u0131nda havada olub, T\u00fcrkiy\u0259y\u0259 m\u0259xsus dronlar is\u0259 t\u00fcrk personal\u0131 t\u0259r\u0259find\u0259n idar\u0259 olunub\u201d.<\/p>\n<p>G\u00f6rd\u00fcy\u00fcn\u00fcz kimi, Nikol Pa\u015finyan da bu f\u00fcrs\u0259td\u0259n yararlanma\u011fa \u00e7al\u0131\u015f\u0131r. Ancaq bu b\u0259yanat\u0131n \u00fcst\u00fcnd\u0259n xeyli vaxt ke\u00e7s\u0259 d\u0259 T\u00fcrkiy\u0259-Az\u0259rbaycan m\u00fcnasib\u0259tl\u0259rind\u0259 h\u0259r hans\u0131 k\u0259nara\u00e7\u0131xma n\u0259z\u0259r\u0259 \u00e7arpmad\u0131&#8230;<\/p>\n<p>M\u0259qal\u0259nin sonunda da\u015fnak m\u00fc\u0259llif T\u00fcrkiy\u0259 il\u0259 Az\u0259rbaycan\u0131n m\u00fcnasib\u0259tl\u0259rini pozmaq \u00fc\u00e7\u00fcn Erm\u0259nistan\u0131n g\u00f6rm\u0259li oldu i\u015fl\u0259ri bir daha vur\u011fulay\u0131r. Yaz\u0131r ki, m\u00fcasir m\u00fcharib\u0259l\u0259r t\u0259kc\u0259 silahla apar\u0131lm\u0131r. Mill\u0259tl\u0259r h\u0259m d\u0259 psixoloji m\u00fcharib\u0259d\u0259n istifad\u0259 edir, dezinformasiya yay\u0131r, d\u00fc\u015fm\u0259n \u00f6lk\u0259l\u0259rd\u0259 daxili qar\u0131\u015f\u0131ql\u0131qlar\u0131 q\u0131z\u0131\u015fd\u0131r\u0131r, b\u00f6l v\u0259 qalib g\u0259l taktikas\u0131na \u0259l at\u0131rlar. M\u00fc\u0259llif yaz\u0131r ki, Erm\u0259nistan b\u00fct\u00fcn bu vasit\u0259l\u0259rd\u0259n d\u00fc\u015fm\u0259nl\u0259rini (y\u0259ni T\u00fcrkiy\u0259 v\u0259 Az\u0259rbaycan\u0131) sars\u0131tmaq v\u0259 milli maraqlar\u0131n\u0131 m\u00fcdafi\u0259 etm\u0259k \u00fc\u00e7\u00fcn istifad\u0259 etm\u0259lidir.<\/p>\n<p><img src=\"https:\/\/olke.az\/photo\/770x415\/2024\/09\/10\/1725959231_1725951496_1725949746_1673340622_1672295746_1668247948_press-conf-1.jpg\" alt=\"Pa\u015finyan s\u0259rh\u0259dl\u0259rin delimitasiyas\u0131ndan dan\u0131\u015fd\u0131\" \/><\/p>\n<p>\u018fg\u0259r Erm\u0259nistan\u0131n bu c\u00fcr \u0259m\u0259liyyatlar\u0131 h\u0259yat ke\u00e7irm\u0259k \u00fc\u00e7\u00fcn\u00a0 t\u0259cr\u00fcb\u0259si yoxdursa, d\u00fc\u015fm\u0259ni daxild\u0259n z\u0259ifl\u0259tm\u0259k \u00fc\u00e7\u00fcn Erm\u0259nistan\u0131n silaha x\u0259rcl\u0259diyi milyonlar\u0131n ki\u00e7ik bir hiss\u0259si m\u00fcqabilind\u0259 i\u015f\u0259 g\u00f6t\u00fcr\u0259 bil\u0259c\u0259yi konsaltinq firmalar\u0131 var. Onlar bu i\u015fi ustal\u0131qla h\u0259yata ke\u00e7ir\u0259 bil\u0259rl\u0259r&#8230;<\/p>\n<p>M\u0259n \u00e7ox ist\u0259rdim ki, da\u015fnak yazar\u0131n etiraf dolu bu m\u0259qal\u0259sin\u0259 T\u00fcrkiy\u0259 medias\u0131 da x\u00fcsusi diqq\u0259t ay\u0131rs\u0131n. T\u00fcrkiy\u0259d\u0259 d\u0259 h\u0259r k\u0259s bilm\u0259lidir ki, d\u00fc\u015fm\u0259n \u00f6z i\u015find\u0259dir. V\u0259 bizim birliyimizi par\u00e7alamaq \u00fc\u00e7\u00fcn a\u011fla g\u0259l\u0259n v\u0259 g\u0259lm\u0259y\u0259n b\u00fct\u00fcn vasit\u0259l\u0259rd\u0259n istifad\u0259 edirl\u0259r. T\u00fcrkiy\u0259 v\u0259 Az\u0259rbaycan olaraq biz d\u00fc\u015fm\u0259nin m\u0259krli planlar\u0131ndan vaxt\u0131nda x\u0259b\u0259r tutmal\u0131 v\u0259 o planlar\u0131n ba\u015f tutmas\u0131na imkan verm\u0259m\u0259liyik.<\/p>\n<p>Xalq aras\u0131nda yax\u015f\u0131 bir m\u0259s\u0259l var: \u201c\u018ftl\u0259 d\u0131rna\u011f\u0131n aras\u0131na gir\u0259n iyl\u0259nib \u00e7\u0131xar\u201d. G\u00f6r\u00fcn\u00fcr, erm\u0259nil\u0259rin bu m\u0259s\u0259ld\u0259n h\u0259l\u0259 x\u0259b\u0259ri tutmay\u0131blar&#8230;<\/p>\n<p><strong>Elb\u0259yi H\u0259s\u0259nli, S\u00fcrix<\/strong><\/p>\n<p><strong>Yaz\u0131n\u0131n orijinal\u0131\u00a0<a href=\"https:\/\/armenianweekly.com\/2024\/09\/10\/armenia-should-exploit-rifts-between-azerbaijan-and-turkey\/\" target=\"_blank\" rel=\"noopener\">burada:<\/a><\/strong><\/p>\n","protected":false},"excerpt":{"rendered":"<p>Da\u015fnaklara m\u0259xsus olan v\u0259 AB\u015e-dan yay\u0131mlanan ingilisdilli \u201carmenianweekly\u201d sayt\u0131nda Harut Sassounian\u00a0 \u201cArmenia should exploit rifts between Azerbaijan and Turkey\u201d (Erm\u0259nistan Az\u0259rbaycanla T\u00fcrkiy\u0259 aras\u0131nda yaranan \u00e7atlardan istifad\u0259 etm\u0259lidir) adl\u0131 m\u0259qal\u0259 il\u0259 \u00e7\u0131x\u0131\u015f edib. T\u00fcrkiy\u0259-Az\u0259rbaycan m\u00fcnasib\u0259tl\u0259rini inc\u0259l\u0259y\u0259n yazar b\u0259zi inc\u0259 m\u0259tl\u0259bl\u0259r\u0259 toxunub. Bu bar\u0259d\u0259 biz d\u0259 d\u0259f\u0259l\u0259rl\u0259 yazm\u0131\u015f\u0131q. Yazm\u0131\u015f\u0131q ki, Erm\u0259nistan v\u0259 onlar\u0131n havadarlar\u0131 T\u00fcrkiy\u0259-Az\u0259rbaycan m\u00fcnasib\u0259tl\u0259rind\u0259 m\u00f6vcud olan qar\u015f\u0131l\u0131ql\u0131 inam\u0131 v\u0259 etibar\u0131 sars\u0131tmaq \u00fc\u00e7\u00fcn min oyundan \u00e7\u0131x\u0131rlar. Bu m\u0259qal\u0259d\u0259 is\u0259 da\u015fnak yazar bu bar\u0259d\u0259 a\u00e7\u0131q m\u0259tnl\u0259, \u00f6z\u00fc d\u0259 birm\u0259nal\u0131 \u015f\u0259kild\u0259 dan\u0131\u015f\u0131r. M\u0259qal\u0259ni dem\u0259k olar ki, oldu\u011fu kimi t\u0259qdim edirik. N\u0259z\u0259r\u0259 almaq laz\u0131md\u0131r&hellip;<\/p>\n","protected":false},"author":2,"featured_media":752092,"comment_status":"closed","ping_status":"closed","sticky":false,"template":"","format":"standard","meta":{"om_disable_all_campaigns":false,"_monsterinsights_skip_tracking":false,"_monsterinsights_sitenote_active":false,"_monsterinsights_sitenote_note":"","_monsterinsights_sitenote_category":0},"categories":[7],"tags":[],"aioseo_notices":[],"gutentor_comment":0,"rttpg_featured_image_url":{"full":["https:\/\/arantv.az\/wp-content\/uploads\/2024\/09\/8bf7c246677400152dd4bfd9a1a7370b.jpg",275,183,false],"landscape":["https:\/\/arantv.az\/wp-content\/uploads\/2024\/09\/8bf7c246677400152dd4bfd9a1a7370b.jpg",275,183,false],"portraits":["https:\/\/arantv.az\/wp-content\/uploads\/2024\/09\/8bf7c246677400152dd4bfd9a1a7370b.jpg",275,183,false],"thumbnail":["https:\/\/arantv.az\/wp-content\/uploads\/2024\/09\/8bf7c246677400152dd4bfd9a1a7370b.jpg",275,183,false],"medium":["https:\/\/arantv.az\/wp-content\/uploads\/2024\/09\/8bf7c246677400152dd4bfd9a1a7370b.jpg",275,183,false],"large":["https:\/\/arantv.az\/wp-content\/uploads\/2024\/09\/8bf7c246677400152dd4bfd9a1a7370b.jpg",275,183,false],"1536x1536":["https:\/\/arantv.az\/wp-content\/uploads\/2024\/09\/8bf7c246677400152dd4bfd9a1a7370b.jpg",275,183,false],"2048x2048":["https:\/\/arantv.az\/wp-content\/uploads\/2024\/09\/8bf7c246677400152dd4bfd9a1a7370b.jpg",275,183,false],"post-thumbnail":["https:\/\/arantv.az\/wp-content\/uploads\/2024\/09\/8bf7c246677400152dd4bfd9a1a7370b-240x172.jpg",240,172,true],"advps-thumb-one":["https:\/\/arantv.az\/wp-content\/uploads\/2024\/09\/8bf7c246677400152dd4bfd9a1a7370b.jpg",275,183,false]},"rttpg_author":{"display_name":"V\u00fcsal Rafiqo\u011flu","author_link":"https:\/\/arantv.az\/?author=2"},"rttpg_comment":0,"rttpg_category":"<a href=\"https:\/\/arantv.az\/?cat=7\" rel=\"category\">D\u00fcnya<\/a>","rttpg_excerpt":"Da\u015fnaklara m\u0259xsus olan v\u0259 AB\u015e-dan yay\u0131mlanan ingilisdilli \u201carmenianweekly\u201d sayt\u0131nda Harut Sassounian\u00a0 \u201cArmenia should exploit rifts between Azerbaijan and Turkey\u201d (Erm\u0259nistan Az\u0259rbaycanla T\u00fcrkiy\u0259 aras\u0131nda yaranan \u00e7atlardan istifad\u0259 etm\u0259lidir) adl\u0131 m\u0259qal\u0259 il\u0259 \u00e7\u0131x\u0131\u015f edib. T\u00fcrkiy\u0259-Az\u0259rbaycan m\u00fcnasib\u0259tl\u0259rini inc\u0259l\u0259y\u0259n yazar b\u0259zi inc\u0259 m\u0259tl\u0259bl\u0259r\u0259 toxunub. Bu bar\u0259d\u0259 biz d\u0259 d\u0259f\u0259l\u0259rl\u0259 yazm\u0131\u015f\u0131q. Yazm\u0131\u015f\u0131q ki, Erm\u0259nistan v\u0259 onlar\u0131n havadarlar\u0131 T\u00fcrkiy\u0259-Az\u0259rbaycan m\u00fcnasib\u0259tl\u0259rind\u0259 m\u00f6vcud&hellip;","_links":{"self":[{"href":"https:\/\/arantv.az\/index.php?rest_route=\/wp\/v2\/posts\/752091"}],"collection":[{"href":"https:\/\/arantv.az\/index.php?rest_route=\/wp\/v2\/posts"}],"about":[{"href":"https:\/\/arantv.az\/index.php?rest_route=\/wp\/v2\/types\/post"}],"author":[{"embeddable":true,"href":"https:\/\/arantv.az\/index.php?rest_route=\/wp\/v2\/users\/2"}],"replies":[{"embeddable":true,"href":"https:\/\/arantv.az\/index.php?rest_route=%2Fwp%2Fv2%2Fcomments&post=752091"}],"version-history":[{"count":1,"href":"https:\/\/arantv.az\/index.php?rest_route=\/wp\/v2\/posts\/752091\/revisions"}],"predecessor-version":[{"id":752093,"href":"https:\/\/arantv.az\/index.php?rest_route=\/wp\/v2\/posts\/752091\/revisions\/752093"}],"wp:featuredmedia":[{"embeddable":true,"href":"https:\/\/arantv.az\/index.php?rest_route=\/wp\/v2\/media\/752092"}],"wp:attachment":[{"href":"https:\/\/arantv.az\/index.php?rest_route=%2Fwp%2Fv2%2Fmedia&parent=752091"}],"wp:term":[{"taxonomy":"category","embeddable":true,"href":"https:\/\/arantv.az\/index.php?rest_route=%2Fwp%2Fv2%2Fcategories&post=752091"},{"taxonomy":"post_tag","embeddable":true,"href":"https:\/\/arantv.az\/index.php?rest_route=%2Fwp%2Fv2%2Ftags&post=752091"}],"curies":[{"name":"wp","href":"https:\/\/api.w.org\/{rel}","templated":true}]}}