{"id":752449,"date":"2024-09-12T15:35:22","date_gmt":"2024-09-12T11:35:22","guid":{"rendered":"https:\/\/arantv.az\/?p=752449"},"modified":"2024-09-12T15:35:22","modified_gmt":"2024-09-12T11:35:22","slug":"simali-kipr-adada-v%c9%99ziyy%c9%99t-d%c9%99yis%c9%99c%c9%99k-butun-ssenaril%c9%99r%c9%99-haziriq","status":"publish","type":"post","link":"https:\/\/arantv.az\/?p=752449","title":{"rendered":"\u015eimali Kipr: Adada v\u0259ziyy\u0259t d\u0259yi\u015f\u0259c\u0259k, b\u00fct\u00fcn ssenaril\u0259r\u0259 haz\u0131r\u0131q"},"content":{"rendered":"<p><strong>AB\u015e-nin t\u0259hl\u00fck\u0259li d\u0259st\u0259yi \u015e\u0259rqi Aral\u0131q d\u0259nizind\u0259 v\u0259ziyy\u0259ti d\u0259yi\u015f\u0259c\u0259k.<\/strong><\/p>\n<p>\u201cReport\u201d x\u0259b\u0259r verir ki, bu bar\u0259d\u0259 \u015eimali Kipr Xarici \u0130\u015fl\u0259r Nazirliyinin AB\u015e il\u0259 yunan Kipri aras\u0131nda artan h\u0259rbi \u0259m\u0259kda\u015fl\u0131\u011fa dair b\u0259yanat\u0131nda bildirilib.<\/p>\n<p>Qeyd olunub ki, bu, AB\u015e-nin yunan t\u0259r\u0259fin\u0259 verdiyi d\u0259st\u0259yin bariz n\u00fcmun\u0259sidir.<\/p>\n<p>B\u0259yanatda AB\u015e soyuqqanl\u0131 h\u0259r\u0259k\u0259t etm\u0259y\u0259 \u00e7a\u011f\u0131r\u0131l\u0131b: \u201cAB\u015e regiondak\u0131 v\u0259ziyy\u0259ti d\u0259yi\u015fm\u0259k c\u0259hdl\u0259rin\u0259 son verm\u0259li, Kipr m\u0259s\u0259l\u0259si il\u0259 ba\u011fl\u0131 birt\u0259r\u0259fli m\u00f6vqeyini dayand\u0131rmal\u0131d\u0131r\u201d.<\/p>\n<p>Eyni zamanda vur\u011fulan\u0131b ki, \u015eimali Kipr regionda ba\u015f ver\u0259 bil\u0259c\u0259k b\u00fct\u00fcn ssenaril\u0259r\u0259 haz\u0131rd\u0131r: \u201cAna v\u0259t\u0259n T\u00fcrkiy\u0259 il\u0259 birlikd\u0259 laz\u0131mi t\u0259dbirl\u0259ri g\u00f6rm\u0259k h\u00fcququmuzu \u00f6z\u00fcm\u00fczd\u0259 saxlay\u0131r\u0131q\u201d.<\/p>\n<p>Bundan ba\u015fqa, T\u00fcrkiy\u0259 Milli M\u00fcdafi\u0259 Nazirliyi d\u0259 m\u0259s\u0259l\u0259y\u0259 m\u00fcnasib\u0259t bildirib: \u201cAB\u015e-nin bu add\u0131m\u0131n\u0131 \u015fidd\u0259tl\u0259 q\u0131nay\u0131r\u0131q. \u015eimali Kipri g\u00f6rm\u0259zd\u0259n g\u0259l\u0259n v\u0259 yunan Kiprini adan\u0131n t\u0259k t\u0259msil\u00e7isi kimi g\u00f6r\u0259n yana\u015fmaya yenid\u0259n bax\u0131lmal\u0131d\u0131r\u201d.<\/p>\n<p>Qeyd ed\u0259k ki, daha \u0259vv\u0259l T\u00fcrkiy\u0259nin hakim \u018fdal\u0259t v\u0259 \u0130nki\u015faf Partiyas\u0131n\u0131n (AK Parti) s\u00f6z\u00e7\u00fcs\u00fc \u00d6mer \u00c7elik m\u0259s\u0259l\u0259y\u0259 m\u00fcnasib\u0259t bildir\u0259r\u0259k bu add\u0131m\u0131n regionda g\u0259rginliyi art\u0131raca\u011f\u0131n\u0131 s\u00f6yl\u0259mi\u015fdi.<\/p>\n<p>Xat\u0131rladaq ki, sentyabr\u0131n 10-da AB\u015e il\u0259 yunan Kipri aras\u0131nda m\u00fcdafi\u0259 sah\u0259sind\u0259 \u0259m\u0259kda\u015fl\u0131\u011fa dair yol x\u0259rit\u0259si raz\u0131la\u015fd\u0131r\u0131l\u0131b.<\/p>\n","protected":false},"excerpt":{"rendered":"<p>AB\u015e-nin t\u0259hl\u00fck\u0259li d\u0259st\u0259yi \u015e\u0259rqi Aral\u0131q d\u0259nizind\u0259 v\u0259ziyy\u0259ti d\u0259yi\u015f\u0259c\u0259k. \u201cReport\u201d x\u0259b\u0259r verir ki, bu bar\u0259d\u0259 \u015eimali Kipr Xarici \u0130\u015fl\u0259r Nazirliyinin AB\u015e il\u0259 yunan Kipri aras\u0131nda artan h\u0259rbi \u0259m\u0259kda\u015fl\u0131\u011fa dair b\u0259yanat\u0131nda bildirilib. Qeyd olunub ki, bu, AB\u015e-nin yunan t\u0259r\u0259fin\u0259 verdiyi d\u0259st\u0259yin bariz n\u00fcmun\u0259sidir. B\u0259yanatda AB\u015e soyuqqanl\u0131 h\u0259r\u0259k\u0259t etm\u0259y\u0259 \u00e7a\u011f\u0131r\u0131l\u0131b: \u201cAB\u015e regiondak\u0131 v\u0259ziyy\u0259ti d\u0259yi\u015fm\u0259k c\u0259hdl\u0259rin\u0259 son verm\u0259li, Kipr m\u0259s\u0259l\u0259si il\u0259 ba\u011fl\u0131 birt\u0259r\u0259fli m\u00f6vqeyini dayand\u0131rmal\u0131d\u0131r\u201d. Eyni zamanda vur\u011fulan\u0131b ki, \u015eimali Kipr regionda ba\u015f ver\u0259 bil\u0259c\u0259k b\u00fct\u00fcn ssenaril\u0259r\u0259 haz\u0131rd\u0131r: \u201cAna v\u0259t\u0259n T\u00fcrkiy\u0259 il\u0259 birlikd\u0259 laz\u0131mi t\u0259dbirl\u0259ri g\u00f6rm\u0259k h\u00fcququmuzu \u00f6z\u00fcm\u00fczd\u0259 saxlay\u0131r\u0131q\u201d. Bundan ba\u015fqa, T\u00fcrkiy\u0259 Milli M\u00fcdafi\u0259&hellip;<\/p>\n","protected":false},"author":2,"featured_media":752450,"comment_status":"closed","ping_status":"closed","sticky":false,"template":"","format":"standard","meta":{"om_disable_all_campaigns":false,"_monsterinsights_skip_tracking":false,"_monsterinsights_sitenote_active":false,"_monsterinsights_sitenote_note":"","_monsterinsights_sitenote_category":0},"categories":[7],"tags":[],"aioseo_notices":[],"gutentor_comment":0,"rttpg_featured_image_url":{"full":["https:\/\/arantv.az\/wp-content\/uploads\/2024\/09\/c8ee644703e033298b9ae1c62eafe934.jpg",850,500,false],"landscape":["https:\/\/arantv.az\/wp-content\/uploads\/2024\/09\/c8ee644703e033298b9ae1c62eafe934.jpg",850,500,false],"portraits":["https:\/\/arantv.az\/wp-content\/uploads\/2024\/09\/c8ee644703e033298b9ae1c62eafe934.jpg",850,500,false],"thumbnail":["https:\/\/arantv.az\/wp-content\/uploads\/2024\/09\/c8ee644703e033298b9ae1c62eafe934-500x280.jpg",500,280,true],"medium":["https:\/\/arantv.az\/wp-content\/uploads\/2024\/09\/c8ee644703e033298b9ae1c62eafe934-621x365.jpg",621,365,true],"large":["https:\/\/arantv.az\/wp-content\/uploads\/2024\/09\/c8ee644703e033298b9ae1c62eafe934-840x494.jpg",640,376,true],"1536x1536":["https:\/\/arantv.az\/wp-content\/uploads\/2024\/09\/c8ee644703e033298b9ae1c62eafe934.jpg",850,500,false],"2048x2048":["https:\/\/arantv.az\/wp-content\/uploads\/2024\/09\/c8ee644703e033298b9ae1c62eafe934.jpg",850,500,false],"post-thumbnail":["https:\/\/arantv.az\/wp-content\/uploads\/2024\/09\/c8ee644703e033298b9ae1c62eafe934-240x172.jpg",240,172,true],"advps-thumb-one":["https:\/\/arantv.az\/wp-content\/uploads\/2024\/09\/c8ee644703e033298b9ae1c62eafe934.jpg",850,500,false]},"rttpg_author":{"display_name":"V\u00fcsal Rafiqo\u011flu","author_link":"https:\/\/arantv.az\/?author=2"},"rttpg_comment":0,"rttpg_category":"<a href=\"https:\/\/arantv.az\/?cat=7\" rel=\"category\">D\u00fcnya<\/a>","rttpg_excerpt":"AB\u015e-nin t\u0259hl\u00fck\u0259li d\u0259st\u0259yi \u015e\u0259rqi Aral\u0131q d\u0259nizind\u0259 v\u0259ziyy\u0259ti d\u0259yi\u015f\u0259c\u0259k. \u201cReport\u201d x\u0259b\u0259r verir ki, bu bar\u0259d\u0259 \u015eimali Kipr Xarici \u0130\u015fl\u0259r Nazirliyinin AB\u015e il\u0259 yunan Kipri aras\u0131nda artan h\u0259rbi \u0259m\u0259kda\u015fl\u0131\u011fa dair b\u0259yanat\u0131nda bildirilib. Qeyd olunub ki, bu, AB\u015e-nin yunan t\u0259r\u0259fin\u0259 verdiyi d\u0259st\u0259yin bariz n\u00fcmun\u0259sidir. B\u0259yanatda AB\u015e soyuqqanl\u0131 h\u0259r\u0259k\u0259t etm\u0259y\u0259 \u00e7a\u011f\u0131r\u0131l\u0131b: \u201cAB\u015e regiondak\u0131 v\u0259ziyy\u0259ti d\u0259yi\u015fm\u0259k c\u0259hdl\u0259rin\u0259 son verm\u0259li, Kipr&hellip;","_links":{"self":[{"href":"https:\/\/arantv.az\/index.php?rest_route=\/wp\/v2\/posts\/752449"}],"collection":[{"href":"https:\/\/arantv.az\/index.php?rest_route=\/wp\/v2\/posts"}],"about":[{"href":"https:\/\/arantv.az\/index.php?rest_route=\/wp\/v2\/types\/post"}],"author":[{"embeddable":true,"href":"https:\/\/arantv.az\/index.php?rest_route=\/wp\/v2\/users\/2"}],"replies":[{"embeddable":true,"href":"https:\/\/arantv.az\/index.php?rest_route=%2Fwp%2Fv2%2Fcomments&post=752449"}],"version-history":[{"count":1,"href":"https:\/\/arantv.az\/index.php?rest_route=\/wp\/v2\/posts\/752449\/revisions"}],"predecessor-version":[{"id":752451,"href":"https:\/\/arantv.az\/index.php?rest_route=\/wp\/v2\/posts\/752449\/revisions\/752451"}],"wp:featuredmedia":[{"embeddable":true,"href":"https:\/\/arantv.az\/index.php?rest_route=\/wp\/v2\/media\/752450"}],"wp:attachment":[{"href":"https:\/\/arantv.az\/index.php?rest_route=%2Fwp%2Fv2%2Fmedia&parent=752449"}],"wp:term":[{"taxonomy":"category","embeddable":true,"href":"https:\/\/arantv.az\/index.php?rest_route=%2Fwp%2Fv2%2Fcategories&post=752449"},{"taxonomy":"post_tag","embeddable":true,"href":"https:\/\/arantv.az\/index.php?rest_route=%2Fwp%2Fv2%2Ftags&post=752449"}],"curies":[{"name":"wp","href":"https:\/\/api.w.org\/{rel}","templated":true}]}}