{"id":752462,"date":"2024-09-12T15:40:28","date_gmt":"2024-09-12T11:40:28","guid":{"rendered":"https:\/\/arantv.az\/?p=752462"},"modified":"2024-09-12T15:40:28","modified_gmt":"2024-09-12T11:40:28","slug":"bas-prokuror-iranda-hicabsizlara-fiziki-guc-t%c9%99tbiq-edilm%c9%99sinin-hec-bir-huquqi-%c9%99sasi-yoxdur","status":"publish","type":"post","link":"https:\/\/arantv.az\/?p=752462","title":{"rendered":"Ba\u015f prokuror: \u0130randa hicabs\u0131zlara fiziki g\u00fcc t\u0259tbiq edilm\u0259sinin he\u00e7 bir h\u00fcquqi \u0259sas\u0131 yoxdur"},"content":{"rendered":"<p><strong>\u0130randa k\u00fc\u00e7\u0259d\u0259 hicabs\u0131z g\u0259z\u0259nl\u0259r\u0259, yaxud hicab\u0131 d\u00fczg\u00fcn ba\u011flamayanlara qar\u015f\u0131 fiziki g\u00fcc t\u0259tbiq edilm\u0259sinin he\u00e7 bir h\u00fcquqi \u0259sas\u0131 yoxdur.<\/strong><\/p>\n<p>Bunu \u0130ran\u0131n Ba\u015f prokuroru h\u00f6cc\u0259t\u00fclislam M\u0259h\u0259mm\u0259d M\u0259hdi Azad Xuzistan \u0259yal\u0259tinin \u018fhvaz \u015f\u0259h\u0259rind\u0259ki t\u0259dbirin a\u00e7\u0131l\u0131\u015f\u0131ndak\u0131 \u00e7\u0131x\u0131\u015f\u0131nda bildirib.<\/p>\n<p>Onun s\u00f6zl\u0259rin\u0259 g\u00f6r\u0259, hicab\u0131n olmamas\u0131 v\u0259 ya d\u00fczg\u00fcn ba\u011flanmamas\u0131 il\u0259 ba\u011fl\u0131 bir \u00e7ox t\u0259dbirl\u0259r g\u00f6r\u00fcl\u00fcb v\u0259 g\u00f6r\u00fcl\u0259c\u0259k: \u201cBiz d\u0259f\u0259l\u0259rl\u0259 demi\u015fik ki, h\u00fcquqi add\u0131mlar\u0131n m\u00fczakir\u0259si bu m\u0259s\u0259l\u0259d\u0259 x\u0259ttin sonudur. Hicabs\u0131zl\u0131\u011fa qar\u015f\u0131 ilk n\u00f6vb\u0259d\u0259 t\u0259dbir g\u00f6r\u00fclm\u0259lidir. He\u00e7 kimin k\u00fc\u00e7\u0259d\u0259 kim\u0259s\u0259 fiziki h\u00fccum etm\u0259k h\u00fcququ yoxdur\u201d.<\/p>\n<p>Ba\u015f prokuror k\u00fc\u00e7\u0259l\u0259rd\u0259 din xadiml\u0259ri v\u0259 mollalara h\u00fccumu da pisl\u0259yib. (Report)<\/p>\n","protected":false},"excerpt":{"rendered":"<p>\u0130randa k\u00fc\u00e7\u0259d\u0259 hicabs\u0131z g\u0259z\u0259nl\u0259r\u0259, yaxud hicab\u0131 d\u00fczg\u00fcn ba\u011flamayanlara qar\u015f\u0131 fiziki g\u00fcc t\u0259tbiq edilm\u0259sinin he\u00e7 bir h\u00fcquqi \u0259sas\u0131 yoxdur. Bunu \u0130ran\u0131n Ba\u015f prokuroru h\u00f6cc\u0259t\u00fclislam M\u0259h\u0259mm\u0259d M\u0259hdi Azad Xuzistan \u0259yal\u0259tinin \u018fhvaz \u015f\u0259h\u0259rind\u0259ki t\u0259dbirin a\u00e7\u0131l\u0131\u015f\u0131ndak\u0131 \u00e7\u0131x\u0131\u015f\u0131nda bildirib. Onun s\u00f6zl\u0259rin\u0259 g\u00f6r\u0259, hicab\u0131n olmamas\u0131 v\u0259 ya d\u00fczg\u00fcn ba\u011flanmamas\u0131 il\u0259 ba\u011fl\u0131 bir \u00e7ox t\u0259dbirl\u0259r g\u00f6r\u00fcl\u00fcb v\u0259 g\u00f6r\u00fcl\u0259c\u0259k: \u201cBiz d\u0259f\u0259l\u0259rl\u0259 demi\u015fik ki, h\u00fcquqi add\u0131mlar\u0131n m\u00fczakir\u0259si bu m\u0259s\u0259l\u0259d\u0259 x\u0259ttin sonudur. Hicabs\u0131zl\u0131\u011fa qar\u015f\u0131 ilk n\u00f6vb\u0259d\u0259 t\u0259dbir g\u00f6r\u00fclm\u0259lidir. He\u00e7 kimin k\u00fc\u00e7\u0259d\u0259 kim\u0259s\u0259 fiziki h\u00fccum etm\u0259k h\u00fcququ yoxdur\u201d. Ba\u015f prokuror k\u00fc\u00e7\u0259l\u0259rd\u0259 din xadiml\u0259ri v\u0259 mollalara h\u00fccumu da pisl\u0259yib. (Report)<\/p>\n","protected":false},"author":2,"featured_media":752463,"comment_status":"closed","ping_status":"closed","sticky":false,"template":"","format":"standard","meta":{"om_disable_all_campaigns":false,"_monsterinsights_skip_tracking":false,"_monsterinsights_sitenote_active":false,"_monsterinsights_sitenote_note":"","_monsterinsights_sitenote_category":0},"categories":[19],"tags":[],"aioseo_notices":[],"gutentor_comment":0,"rttpg_featured_image_url":{"full":["https:\/\/arantv.az\/wp-content\/uploads\/2024\/09\/1cb6044b43c4c4ee9f8555d7609dc23f.jpg",850,500,false],"landscape":["https:\/\/arantv.az\/wp-content\/uploads\/2024\/09\/1cb6044b43c4c4ee9f8555d7609dc23f.jpg",850,500,false],"portraits":["https:\/\/arantv.az\/wp-content\/uploads\/2024\/09\/1cb6044b43c4c4ee9f8555d7609dc23f.jpg",850,500,false],"thumbnail":["https:\/\/arantv.az\/wp-content\/uploads\/2024\/09\/1cb6044b43c4c4ee9f8555d7609dc23f-500x280.jpg",500,280,true],"medium":["https:\/\/arantv.az\/wp-content\/uploads\/2024\/09\/1cb6044b43c4c4ee9f8555d7609dc23f-621x365.jpg",621,365,true],"large":["https:\/\/arantv.az\/wp-content\/uploads\/2024\/09\/1cb6044b43c4c4ee9f8555d7609dc23f-840x494.jpg",640,376,true],"1536x1536":["https:\/\/arantv.az\/wp-content\/uploads\/2024\/09\/1cb6044b43c4c4ee9f8555d7609dc23f.jpg",850,500,false],"2048x2048":["https:\/\/arantv.az\/wp-content\/uploads\/2024\/09\/1cb6044b43c4c4ee9f8555d7609dc23f.jpg",850,500,false],"post-thumbnail":["https:\/\/arantv.az\/wp-content\/uploads\/2024\/09\/1cb6044b43c4c4ee9f8555d7609dc23f-240x172.jpg",240,172,true],"advps-thumb-one":["https:\/\/arantv.az\/wp-content\/uploads\/2024\/09\/1cb6044b43c4c4ee9f8555d7609dc23f.jpg",850,500,false]},"rttpg_author":{"display_name":"V\u00fcsal Rafiqo\u011flu","author_link":"https:\/\/arantv.az\/?author=2"},"rttpg_comment":0,"rttpg_category":"<a href=\"https:\/\/arantv.az\/?cat=19\" rel=\"category\">G\u00fcnd\u0259m<\/a>","rttpg_excerpt":"\u0130randa k\u00fc\u00e7\u0259d\u0259 hicabs\u0131z g\u0259z\u0259nl\u0259r\u0259, yaxud hicab\u0131 d\u00fczg\u00fcn ba\u011flamayanlara qar\u015f\u0131 fiziki g\u00fcc t\u0259tbiq edilm\u0259sinin he\u00e7 bir h\u00fcquqi \u0259sas\u0131 yoxdur. Bunu \u0130ran\u0131n Ba\u015f prokuroru h\u00f6cc\u0259t\u00fclislam M\u0259h\u0259mm\u0259d M\u0259hdi Azad Xuzistan \u0259yal\u0259tinin \u018fhvaz \u015f\u0259h\u0259rind\u0259ki t\u0259dbirin a\u00e7\u0131l\u0131\u015f\u0131ndak\u0131 \u00e7\u0131x\u0131\u015f\u0131nda bildirib. Onun s\u00f6zl\u0259rin\u0259 g\u00f6r\u0259, hicab\u0131n olmamas\u0131 v\u0259 ya d\u00fczg\u00fcn ba\u011flanmamas\u0131 il\u0259 ba\u011fl\u0131 bir \u00e7ox t\u0259dbirl\u0259r g\u00f6r\u00fcl\u00fcb v\u0259 g\u00f6r\u00fcl\u0259c\u0259k: \u201cBiz d\u0259f\u0259l\u0259rl\u0259 demi\u015fik ki,&hellip;","_links":{"self":[{"href":"https:\/\/arantv.az\/index.php?rest_route=\/wp\/v2\/posts\/752462"}],"collection":[{"href":"https:\/\/arantv.az\/index.php?rest_route=\/wp\/v2\/posts"}],"about":[{"href":"https:\/\/arantv.az\/index.php?rest_route=\/wp\/v2\/types\/post"}],"author":[{"embeddable":true,"href":"https:\/\/arantv.az\/index.php?rest_route=\/wp\/v2\/users\/2"}],"replies":[{"embeddable":true,"href":"https:\/\/arantv.az\/index.php?rest_route=%2Fwp%2Fv2%2Fcomments&post=752462"}],"version-history":[{"count":1,"href":"https:\/\/arantv.az\/index.php?rest_route=\/wp\/v2\/posts\/752462\/revisions"}],"predecessor-version":[{"id":752464,"href":"https:\/\/arantv.az\/index.php?rest_route=\/wp\/v2\/posts\/752462\/revisions\/752464"}],"wp:featuredmedia":[{"embeddable":true,"href":"https:\/\/arantv.az\/index.php?rest_route=\/wp\/v2\/media\/752463"}],"wp:attachment":[{"href":"https:\/\/arantv.az\/index.php?rest_route=%2Fwp%2Fv2%2Fmedia&parent=752462"}],"wp:term":[{"taxonomy":"category","embeddable":true,"href":"https:\/\/arantv.az\/index.php?rest_route=%2Fwp%2Fv2%2Fcategories&post=752462"},{"taxonomy":"post_tag","embeddable":true,"href":"https:\/\/arantv.az\/index.php?rest_route=%2Fwp%2Fv2%2Ftags&post=752462"}],"curies":[{"name":"wp","href":"https:\/\/api.w.org\/{rel}","templated":true}]}}