{"id":752472,"date":"2024-09-12T15:43:32","date_gmt":"2024-09-12T11:43:32","guid":{"rendered":"https:\/\/arantv.az\/?p=752472"},"modified":"2024-09-12T15:43:32","modified_gmt":"2024-09-12T11:43:32","slug":"turana-ged%c9%99n-yol-ortaq-%c9%99lifbadan-baslayir-t%c9%99sdiq-edil%c9%99n-ortaq-turk-%c9%99lifbasinin-t%c9%99drisin%c9%99-n%c9%99-zaman-baslanacaq-aciqlama","status":"publish","type":"post","link":"https:\/\/arantv.az\/?p=752472","title":{"rendered":"Turana ged\u0259n yol ortaq \u0259lifbadan ba\u015flay\u0131r! T\u0259sdiq edil\u0259n Ortaq T\u00fcrk \u018flifbas\u0131n\u0131n t\u0259drisin\u0259 n\u0259 zaman ba\u015flanacaq? A\u00c7IQLAMA"},"content":{"rendered":"<p>T\u00fcrk D\u00f6vl\u0259tl\u0259ri T\u0259\u015fkilat\u0131 (TDT) t\u0259r\u0259find\u0259n yarad\u0131lan T\u00fcrk D\u00fcnyas\u0131 Ortaq \u018flifba Komissiyas\u0131 34 h\u0259rfd\u0259n ibar\u0259t Ortaq T\u00fcrk \u018flifbas\u0131 t\u0259klifi il\u0259 ba\u011fl\u0131 raz\u0131l\u0131\u011fa g\u0259lib. Burada \u0259sas m\u0259qs\u0259d dil v\u0259 m\u0259d\u0259niyy\u0259t sah\u0259sind\u0259ki inteqrasiyan\u0131 daha da g\u00fccl\u0259ndirm\u0259k, eyni zamanda qarda\u015f xalqlar aras\u0131nda \u00fcnsiyy\u0259ti asanla\u015fd\u0131rmaqd\u0131r.<br \/>\nB\u0259s yeni yarnan bu \u0259lifban\u0131n t\u0259drisin\u0259 n\u0259 zaman ba\u015flanacaq?<\/p>\n<p>M\u00f6vzu il\u0259 ba\u011fl\u0131\u00a0<a title=\"xeberler son xeberler 2024\" href=\"https:\/\/big.az\/\" target=\"_blank\" rel=\"noopener\">BiG.AZ<\/a>-a a\u00e7\u0131qlama ver\u0259n t\u0259hsil eksperti El\u015f\u0259n Qafarov bildirib ki, ortaq t\u00fcrk \u0259lifbas\u0131n\u0131n t\u0259stiq olunmas\u0131 t\u00fcrk d\u00fcnyas\u0131 \u00fc\u00e7\u00fcn b\u00f6y\u00fck bir add\u0131md\u0131r:<\/p>\n<p>&#8220;T\u00fcrk D\u00f6vl\u0259tl\u0259r Birliyin\u0259 daxil olan d\u00f6vl\u0259tl\u0259r zamanla ortaq \u0259lifbaya ke\u00e7\u0259c\u0259kdir. Yeni yaranan \u0259lifba lat\u0131n h\u0259rfl\u0259ri \u0259sas\u0131nda yarad\u0131ld\u0131\u011f\u0131ndan ortaq t\u00fcrk \u0259lifbas\u0131n\u0131n t\u0259drisi T\u00fcrkiy\u0259 v\u0259 Az\u0259rbaycan \u00fc\u00e7\u00fcn problem deyil. \u00d6zb\u0259kistanda art\u0131q bu \u0259lifbaya ke\u00e7id ba\u015flay\u0131b. Qaza\u011f\u0131standa is\u0259 ke\u00e7id \u00fc\u00e7\u00fcn haz\u0131rl\u0131q i\u015fl\u0259ri gedir. T\u00fcrk D\u00f6vl\u0259tl\u0259r Birliyin\u0259 daxil olan \u00f6lk\u0259l\u0259rin ham\u0131s\u0131nda haz\u0131rl\u0131q i\u015fi bitdikd\u0259n sonra \u0259lifban\u0131n t\u0259drisin\u0259 eyni zamanda ba\u015flanacaq.\u00c7\u00fcnki M\u0259rk\u0259zi Asiya d\u00f6vl\u0259tl\u0259rind\u0259 bu prosesin gedi\u015fi bir xeyli vaxt t\u0259l\u0259b edir&#8221;.<\/p>\n<div class=\"AdviadNativeVideo\"><\/div>\n","protected":false},"excerpt":{"rendered":"<p>T\u00fcrk D\u00f6vl\u0259tl\u0259ri T\u0259\u015fkilat\u0131 (TDT) t\u0259r\u0259find\u0259n yarad\u0131lan T\u00fcrk D\u00fcnyas\u0131 Ortaq \u018flifba Komissiyas\u0131 34 h\u0259rfd\u0259n ibar\u0259t Ortaq T\u00fcrk \u018flifbas\u0131 t\u0259klifi il\u0259 ba\u011fl\u0131 raz\u0131l\u0131\u011fa g\u0259lib. Burada \u0259sas m\u0259qs\u0259d dil v\u0259 m\u0259d\u0259niyy\u0259t sah\u0259sind\u0259ki inteqrasiyan\u0131 daha da g\u00fccl\u0259ndirm\u0259k, eyni zamanda qarda\u015f xalqlar aras\u0131nda \u00fcnsiyy\u0259ti asanla\u015fd\u0131rmaqd\u0131r. B\u0259s yeni yarnan bu \u0259lifban\u0131n t\u0259drisin\u0259 n\u0259 zaman ba\u015flanacaq? M\u00f6vzu il\u0259 ba\u011fl\u0131\u00a0BiG.AZ-a a\u00e7\u0131qlama ver\u0259n t\u0259hsil eksperti El\u015f\u0259n Qafarov bildirib ki, ortaq t\u00fcrk \u0259lifbas\u0131n\u0131n t\u0259stiq olunmas\u0131 t\u00fcrk d\u00fcnyas\u0131 \u00fc\u00e7\u00fcn b\u00f6y\u00fck bir add\u0131md\u0131r: &#8220;T\u00fcrk D\u00f6vl\u0259tl\u0259r Birliyin\u0259 daxil olan d\u00f6vl\u0259tl\u0259r zamanla ortaq \u0259lifbaya ke\u00e7\u0259c\u0259kdir. Yeni yaranan \u0259lifba lat\u0131n h\u0259rfl\u0259ri \u0259sas\u0131nda yarad\u0131ld\u0131\u011f\u0131ndan ortaq t\u00fcrk&hellip;<\/p>\n","protected":false},"author":2,"featured_media":752473,"comment_status":"closed","ping_status":"closed","sticky":false,"template":"","format":"standard","meta":{"om_disable_all_campaigns":false,"_monsterinsights_skip_tracking":false,"_monsterinsights_sitenote_active":false,"_monsterinsights_sitenote_note":"","_monsterinsights_sitenote_category":0},"categories":[1],"tags":[],"aioseo_notices":[],"gutentor_comment":0,"rttpg_featured_image_url":{"full":["https:\/\/arantv.az\/wp-content\/uploads\/2024\/09\/elifba.png",269,333,false],"landscape":["https:\/\/arantv.az\/wp-content\/uploads\/2024\/09\/elifba.png",269,333,false],"portraits":["https:\/\/arantv.az\/wp-content\/uploads\/2024\/09\/elifba.png",269,333,false],"thumbnail":["https:\/\/arantv.az\/wp-content\/uploads\/2024\/09\/elifba-269x280.png",269,280,true],"medium":["https:\/\/arantv.az\/wp-content\/uploads\/2024\/09\/elifba.png",269,333,false],"large":["https:\/\/arantv.az\/wp-content\/uploads\/2024\/09\/elifba.png",269,333,false],"1536x1536":["https:\/\/arantv.az\/wp-content\/uploads\/2024\/09\/elifba.png",269,333,false],"2048x2048":["https:\/\/arantv.az\/wp-content\/uploads\/2024\/09\/elifba.png",269,333,false],"post-thumbnail":["https:\/\/arantv.az\/wp-content\/uploads\/2024\/09\/elifba-240x172.png",240,172,true],"advps-thumb-one":["https:\/\/arantv.az\/wp-content\/uploads\/2024\/09\/elifba.png",269,333,false]},"rttpg_author":{"display_name":"V\u00fcsal Rafiqo\u011flu","author_link":"https:\/\/arantv.az\/?author=2"},"rttpg_comment":0,"rttpg_category":"<a href=\"https:\/\/arantv.az\/?cat=1\" rel=\"category\">C\u0259miyy\u0259t<\/a>","rttpg_excerpt":"T\u00fcrk D\u00f6vl\u0259tl\u0259ri T\u0259\u015fkilat\u0131 (TDT) t\u0259r\u0259find\u0259n yarad\u0131lan T\u00fcrk D\u00fcnyas\u0131 Ortaq \u018flifba Komissiyas\u0131 34 h\u0259rfd\u0259n ibar\u0259t Ortaq T\u00fcrk \u018flifbas\u0131 t\u0259klifi il\u0259 ba\u011fl\u0131 raz\u0131l\u0131\u011fa g\u0259lib. Burada \u0259sas m\u0259qs\u0259d dil v\u0259 m\u0259d\u0259niyy\u0259t sah\u0259sind\u0259ki inteqrasiyan\u0131 daha da g\u00fccl\u0259ndirm\u0259k, eyni zamanda qarda\u015f xalqlar aras\u0131nda \u00fcnsiyy\u0259ti asanla\u015fd\u0131rmaqd\u0131r. B\u0259s yeni yarnan bu \u0259lifban\u0131n t\u0259drisin\u0259 n\u0259 zaman ba\u015flanacaq? M\u00f6vzu il\u0259 ba\u011fl\u0131\u00a0BiG.AZ-a a\u00e7\u0131qlama ver\u0259n t\u0259hsil&hellip;","_links":{"self":[{"href":"https:\/\/arantv.az\/index.php?rest_route=\/wp\/v2\/posts\/752472"}],"collection":[{"href":"https:\/\/arantv.az\/index.php?rest_route=\/wp\/v2\/posts"}],"about":[{"href":"https:\/\/arantv.az\/index.php?rest_route=\/wp\/v2\/types\/post"}],"author":[{"embeddable":true,"href":"https:\/\/arantv.az\/index.php?rest_route=\/wp\/v2\/users\/2"}],"replies":[{"embeddable":true,"href":"https:\/\/arantv.az\/index.php?rest_route=%2Fwp%2Fv2%2Fcomments&post=752472"}],"version-history":[{"count":1,"href":"https:\/\/arantv.az\/index.php?rest_route=\/wp\/v2\/posts\/752472\/revisions"}],"predecessor-version":[{"id":752474,"href":"https:\/\/arantv.az\/index.php?rest_route=\/wp\/v2\/posts\/752472\/revisions\/752474"}],"wp:featuredmedia":[{"embeddable":true,"href":"https:\/\/arantv.az\/index.php?rest_route=\/wp\/v2\/media\/752473"}],"wp:attachment":[{"href":"https:\/\/arantv.az\/index.php?rest_route=%2Fwp%2Fv2%2Fmedia&parent=752472"}],"wp:term":[{"taxonomy":"category","embeddable":true,"href":"https:\/\/arantv.az\/index.php?rest_route=%2Fwp%2Fv2%2Fcategories&post=752472"},{"taxonomy":"post_tag","embeddable":true,"href":"https:\/\/arantv.az\/index.php?rest_route=%2Fwp%2Fv2%2Ftags&post=752472"}],"curies":[{"name":"wp","href":"https:\/\/api.w.org\/{rel}","templated":true}]}}