{"id":752578,"date":"2024-09-12T21:47:49","date_gmt":"2024-09-12T17:47:49","guid":{"rendered":"https:\/\/arantv.az\/?p=752578"},"modified":"2024-09-12T21:47:49","modified_gmt":"2024-09-12T17:47:49","slug":"pasinyanin-44-gunluk-savasdan-sonra-coxlu-sayda-silahin-itm%c9%99si-haqda-aciqlamasi-%c9%99slind%c9%99","status":"publish","type":"post","link":"https:\/\/arantv.az\/?p=752578","title":{"rendered":"\u201cPa\u015finyan\u0131n 44 g\u00fcnl\u00fck sava\u015fdan sonra \u00e7oxlu sayda silah\u0131n itm\u0259si haqda a\u00e7\u0131qlamas\u0131, \u0259slind\u0259\u2026\u201d"},"content":{"rendered":"<p><strong>\u201cQ\u0259rib\u0259dir deyilmi, Erm\u0259nistan\u0131n \u201cPinaka\u201d raket sisteminin t\u0259xmin\u0259n 250 milyon dollar d\u0259y\u0259rind\u0259 olan yeni \u00e7oxl\u00fcl\u0259li modelin\u0259 maraq g\u00f6st\u0259rdiyi haqda x\u0259b\u0259rl\u0259r yay\u0131lar-yay\u0131lmaz bu \u00f6lk\u0259 il\u0259 USAID aras\u0131nda \u0130nki\u015faf Qrant\u0131 M\u00fcqavil\u0259sin\u0259 bir n\u00f6mr\u0259li d\u00fcz\u0259li\u015f edildi. AB\u015e Beyn\u0259lxalq \u0130nki\u015faf Agentliyi (USAID) h\u0259m\u0259n d\u00fcz\u0259li\u015fl\u0259 \u201cErm\u0259nistan\u0131n d\u0259yi\u015f\u0259n ehtiyaclar\u0131na, o c\u00fcml\u0259d\u0259n \u00f6lk\u0259nin \u00fczl\u0259\u015fdiyi son \u00e7a\u011f\u0131r\u0131\u015flar v\u0259 geosiyasi d\u0259yi\u015fiklikl\u0259r\u0259 uy\u011fun olaraq\u201d ona veril\u0259c\u0259k qrant\u0131n h\u0259cmini 120 milyon dollardan 250 milyon dollara qald\u0131rd\u0131. Bel\u0259likl\u0259 \u201cd\u0259yi\u015f\u0259n ehtiyac\u201d deyil\u0259nd\u0259 n\u0259 n\u0259z\u0259rd\u0259 tutuldu\u011fu y\u0259qin ayd\u0131n oldu\u201d.<\/strong><\/p>\n<p><strong>ARANTV.AZ <\/strong>\u00a0bildirir ki, bu fikirl\u0259r deputat Sahib Al\u0131yev\u0259 m\u0259xsusdur. Geosiyasi d\u0259yi\u015fiklikl\u0259r\u0259 g\u0259ldikd\u0259, deputat qeyd edib ki, bu, m\u0259hz AB\u015e-nin regionda b\u00f6l\u00fcc\u00fc x\u0259tl\u0259rin \u00e7\u0259kilm\u0259sini v\u0259 NATO bazas\u0131n\u0131n Erm\u0259nistanda yerl\u0259\u015fdirilm\u0259sini \u00f6n g\u00f6r\u0259n siyas\u0259tidir: \u201cSon g\u00fcnl\u0259r s\u0259rh\u0259dd\u0259 ba\u015f ver\u0259n g\u0259rginlikl\u0259r, Az\u0259rbaycan ordusunun m\u00f6vqel\u0259rinin at\u0259\u015f\u0259 tutulmas\u0131 da bununla ba\u011fl\u0131d\u0131r. Bax\u0131n, bizim M\u00fcdafi\u0259 Nazirliyimiz m\u00f6vqel\u0259rimizin yen\u0259 d\u0259 at\u0259\u015f\u0259 tutuldu\u011funu v\u0259 cavab t\u0259dbiri g\u00f6r\u00fcld\u00fcy\u00fcn\u00fc bildirir, qar\u015f\u0131 t\u0259t\u0259f is\u0259 q\u0259tiyy\u0259tl\u0259 bunu t\u0259kzib ed\u0259r\u0259k s\u00fcr\u0259tli s\u00fclh anla\u015fmas\u0131ndan d\u0259m vurur. H\u0259m d\u0259 \u00f6z konstitusiyalar\u0131na d\u0259yi\u015fiklik ed\u0259r\u0259k Az\u0259rbaycana qar\u015f\u0131 torpaq iddias\u0131 aradan qald\u0131r\u0131lmay\u0131nca bunun m\u00fcmk\u00fcns\u00fczl\u00fcy\u00fcn\u00fc bildikl\u0259ri halda bel\u0259 a\u00e7\u0131qlamalar s\u0259sl\u0259ndirilir. Burada m\u0259qs\u0259din n\u0259 oldu\u011fu el\u0259 h\u0259m\u0259n AB\u015e-nin Avropa Birliyinin Erm\u0259nistandak\u0131 \u201cm\u00fclki\u201d m\u00fcissiyas\u0131na qo\u015fulma\u011f\u0131 n\u0259z\u0259rd\u0259n ke\u00e7irdiyi haqda yay\u0131lan informasiyalardan da a\u00e7\u0131q-ayd\u0131n g\u00f6r\u00fcnm\u00fcrm\u00fc? AB\u015e \u201cm\u00fclkil\u0259ri\u201d, \u0259slind\u0259 is\u0259 ke\u00e7mi\u015f k\u0259\u015ffiyyat\u00e7\u0131lar\u0131 -bilindiyi kimi, k\u0259\u015ffiyyat\u00e7\u0131n\u0131n da ke\u00e7mi\u015fi olmur-da Avropa Birliyinin oradak\u0131 b\u0259lli kontingentin\u0259 qo\u015fulduqdan sonra s\u0259rh\u0259dd\u0259 g\u0259rginliyin daha da art\u0131r\u0131laca\u011f\u0131 v\u0259 h\u0259m\u0259n m\u00fclkil\u0259ri qorumaq ad\u0131 alt\u0131nda Erm\u0259nistana NATO q\u00fcvv\u0259l\u0259rinin yerl\u0259\u015fdiril\u0259c\u0259yi tamamil\u0259 proqnozla\u015fd\u0131r\u0131land\u0131r\u201d.<\/p>\n<p><em><strong>S.Al\u0131yev qeyd edib ki, ke\u00e7irl\u0259n birg\u0259 h\u0259rbi t\u0259liml\u0259rin ard\u0131ndan Birl\u0259\u015fmi\u015f \u015etatlar\u0131n i\u00e7i h\u0259rbi y\u00fck v\u0259 t\u0259limat\u00e7\u0131larla dolu iki t\u0259yy\u0259r\u0259si ola bilsin ki, \u00f6t\u0259n ay\u0131n \u0259vv\u0259lind\u0259 Erm\u0259nistana el\u0259 m\u0259hz buna haz\u0131r\u0131l\u0131q g\u00f6rm\u0259k \u00fc\u00e7\u00fcn g\u00f6nd\u0259rilmi\u015fdi:<\/strong><\/em><\/p>\n<p>\u201cOnda da ist\u0259r-ist\u0259m\u0259z aprelin 5-d\u0259 Br\u00fcsseld\u0259 ke\u00e7iril\u0259n \u00fc\u00e7l\u00fc g\u00f6r\u00fc\u015f yada d\u00fc\u015f\u00fcr. M\u0259hz h\u0259m\u0259n g\u00f6r\u00fc\u015fd\u0259n sonra AB\u015e il\u0259 Avropa Birliyinin Erm\u0259nistana maliyy\u0259, h\u0259rbi-texniki, informasiya v\u0259 diplomatiya d\u0259st\u0259kl\u0259ri daha da art\u0131r\u0131ld\u0131 v\u0259 regiona yana\u015fmada atd\u0131qlar\u0131 b\u00fct\u00fcn add\u0131mlar y\u00fcks\u0259k d\u0259r\u0259c\u0259d\u0259 sinxronla\u015fd\u0131r\u0131ld\u0131. Ona g\u00f6r\u0259 d\u0259 \u0259g\u0259r kim d\u00fc\u015f\u00fcn\u00fcrs\u0259 ki, USAID-in Erm\u0259nistana ay\u0131rd\u0131\u011f\u0131 qrant\u0131n h\u0259cminin 2 d\u0259f\u0259d\u0259n \u00e7ox art\u0131r\u0131lmas\u0131yla ba\u011fl\u0131 s\u0259n\u0259d imzalanan g\u00fcn Avropa Birliyinin \u0130\u015fg\u0259nc\u0259nin v\u0259 Qeyri-insani, yaxud L\u0259yaq\u0259ti Al\u00e7aldan R\u0259ftar v\u0259 ya C\u0259zan\u0131n Qar\u015f\u0131s\u0131n\u0131n Al\u0131nmas\u0131 \u00fczr\u0259 Komit\u0259nin (\u0130QAK) 3 iyul tarixli ictimai b\u0259yanat\u0131na istinad ed\u0259r\u0259k Az\u0259rbaycanla ba\u011fl\u0131 t\u0259nqidi \u00e7\u0131x\u0131\u015f\u0131 etm\u0259si, yaxud da haylar \u00fc\u00e7\u00fcn yum\u015faq viza rejimi il\u0259 ba\u011fl\u0131 dan\u0131\u015f\u0131qlar\u0131n ba\u015flad\u0131lmas\u0131 t\u0259sad\u00fcfd\u00fcr, yum\u015faq des\u0259k, yan\u0131l\u0131r.<\/p>\n<p>B\u0259li, n\u0259 o t\u0259sad\u00fcfd\u00fcr, n\u0259 d\u0259 AT\u018fT-in Demokratik T\u0259sisatlar v\u0259 \u0130nsan Haqlar\u0131 B\u00fcrosunun monitorinq missiyas\u0131n\u0131n Az\u0259rbaycanda sentyabr\u0131n birind\u0259 ke\u00e7irilmi\u015f parlament se\u00e7kisi il\u0259 ba\u011fl\u0131 h\u0259tta Rusiya Xarici \u0130\u015fl\u0259r Nazirliyinin s\u00f6z\u00e7\u00fcs\u00fcn\u00fcn d\u0259, t\u0259zyiq xakterliliyini qeyd etdiyi m\u0259nfi r\u0259yi. H\u0259m\u0259n r\u0259y peyda olar-olmaz AB\u015e D\u00f6vl\u0259t Departamentinin s\u00f6z\u00e7\u00fcs\u00fc Metyu Miller ona \u015f\u0259rik \u00e7\u0131xd\u0131qlar\u0131n\u0131 vur\u011fulad\u0131. N\u00f6vb\u0259ti sinxronlu\u011fu g\u00f6r\u00fcrs\u00fcn\u00fczm\u00fc? Do\u011frudanm\u0131 q\u0259rbd\u0259ki b\u0259lli \u00e7evr\u0259l\u0259r Az\u0259rbaycanda demokratiyan\u0131n daha da m\u00f6hk\u0259ml\u0259nm\u0259si \u00fc\u00e7\u00fcn bel\u0259 t\u0259nqidl\u0259r\u0259 yol verirl\u0259r, yoxsa h\u0259m\u0259n se\u00e7kil\u0259rin i\u015f\u011faldan qurtar\u0131lan torpaqlar\u0131m\u0131zda da, m\u0259s\u0259l\u0259n, Xank\u0259ndid\u0259, \u015eu\u015fada, Xocal\u0131da v\u0259 dig\u0259r yerl\u0259rd\u0259 ke\u00e7irilm\u0259sidir, onlar\u0131 buna vadar ed\u0259n? D\u00fcnyada v\u0259 regionda prosesl\u0259rin gedi\u015fini az-\u00e7ox izl\u0259y\u0259n h\u0259r bir az\u0259rbaycanl\u0131 bu sual\u0131n cavab\u0131n\u0131 m\u0259nd\u0259n d\u0259 yax\u015f\u0131 bilir\u201d.<br \/>\nDeputat bildirib ki, Erm\u0259nistan\u0131n ba\u015f naziri Nikol Pa\u015finyan\u0131n 44 g\u00fcnl\u00fck sava\u015fdan sonra \u00e7oxlu sayda silah\u0131n itm\u0259si haqda a\u00e7\u0131qlamas\u0131 da \u0259slind\u0259 q\u0259rbd\u0259ki b\u0259lli \u00e7evr\u0259l\u0259rin planla\u015fd\u0131rd\u0131qlar\u0131 &#8220;geosiyasi d\u0259yi\u015fiklik&#8221;l\u0259rin tezlikl\u0259 ba\u015f tutmas\u0131 \u00fc\u00e7\u00fcn onlar\u0131n diqt\u0259si il\u0259 s\u0259sl\u0259ndirilir.<\/p>\n","protected":false},"excerpt":{"rendered":"<p>\u201cQ\u0259rib\u0259dir deyilmi, Erm\u0259nistan\u0131n \u201cPinaka\u201d raket sisteminin t\u0259xmin\u0259n 250 milyon dollar d\u0259y\u0259rind\u0259 olan yeni \u00e7oxl\u00fcl\u0259li modelin\u0259 maraq g\u00f6st\u0259rdiyi haqda x\u0259b\u0259rl\u0259r yay\u0131lar-yay\u0131lmaz bu \u00f6lk\u0259 il\u0259 USAID aras\u0131nda \u0130nki\u015faf Qrant\u0131 M\u00fcqavil\u0259sin\u0259 bir n\u00f6mr\u0259li d\u00fcz\u0259li\u015f edildi. AB\u015e Beyn\u0259lxalq \u0130nki\u015faf Agentliyi (USAID) h\u0259m\u0259n d\u00fcz\u0259li\u015fl\u0259 \u201cErm\u0259nistan\u0131n d\u0259yi\u015f\u0259n ehtiyaclar\u0131na, o c\u00fcml\u0259d\u0259n \u00f6lk\u0259nin \u00fczl\u0259\u015fdiyi son \u00e7a\u011f\u0131r\u0131\u015flar v\u0259 geosiyasi d\u0259yi\u015fiklikl\u0259r\u0259 uy\u011fun olaraq\u201d ona veril\u0259c\u0259k qrant\u0131n h\u0259cmini 120 milyon dollardan 250 milyon dollara qald\u0131rd\u0131. Bel\u0259likl\u0259 \u201cd\u0259yi\u015f\u0259n ehtiyac\u201d deyil\u0259nd\u0259 n\u0259 n\u0259z\u0259rd\u0259 tutuldu\u011fu y\u0259qin ayd\u0131n oldu\u201d. ARANTV.AZ \u00a0bildirir ki, bu fikirl\u0259r deputat Sahib Al\u0131yev\u0259 m\u0259xsusdur. Geosiyasi d\u0259yi\u015fiklikl\u0259r\u0259 g\u0259ldikd\u0259, deputat qeyd edib ki,&hellip;<\/p>\n","protected":false},"author":2,"featured_media":752579,"comment_status":"closed","ping_status":"closed","sticky":false,"template":"","format":"standard","meta":{"om_disable_all_campaigns":false,"_monsterinsights_skip_tracking":false,"_monsterinsights_sitenote_active":false,"_monsterinsights_sitenote_note":"","_monsterinsights_sitenote_category":0},"categories":[19],"tags":[],"aioseo_notices":[],"gutentor_comment":0,"rttpg_featured_image_url":{"full":["https:\/\/arantv.az\/wp-content\/uploads\/2024\/09\/12c3db6c0e8ea75bd222ca57c1876d60.jpg",870,500,false],"landscape":["https:\/\/arantv.az\/wp-content\/uploads\/2024\/09\/12c3db6c0e8ea75bd222ca57c1876d60.jpg",870,500,false],"portraits":["https:\/\/arantv.az\/wp-content\/uploads\/2024\/09\/12c3db6c0e8ea75bd222ca57c1876d60.jpg",870,500,false],"thumbnail":["https:\/\/arantv.az\/wp-content\/uploads\/2024\/09\/12c3db6c0e8ea75bd222ca57c1876d60-500x280.jpg",500,280,true],"medium":["https:\/\/arantv.az\/wp-content\/uploads\/2024\/09\/12c3db6c0e8ea75bd222ca57c1876d60-635x365.jpg",635,365,true],"large":["https:\/\/arantv.az\/wp-content\/uploads\/2024\/09\/12c3db6c0e8ea75bd222ca57c1876d60-840x483.jpg",640,368,true],"1536x1536":["https:\/\/arantv.az\/wp-content\/uploads\/2024\/09\/12c3db6c0e8ea75bd222ca57c1876d60.jpg",870,500,false],"2048x2048":["https:\/\/arantv.az\/wp-content\/uploads\/2024\/09\/12c3db6c0e8ea75bd222ca57c1876d60.jpg",870,500,false],"post-thumbnail":["https:\/\/arantv.az\/wp-content\/uploads\/2024\/09\/12c3db6c0e8ea75bd222ca57c1876d60-240x172.jpg",240,172,true],"advps-thumb-one":["https:\/\/arantv.az\/wp-content\/uploads\/2024\/09\/12c3db6c0e8ea75bd222ca57c1876d60.jpg",870,500,false]},"rttpg_author":{"display_name":"V\u00fcsal Rafiqo\u011flu","author_link":"https:\/\/arantv.az\/?author=2"},"rttpg_comment":0,"rttpg_category":"<a href=\"https:\/\/arantv.az\/?cat=19\" rel=\"category\">G\u00fcnd\u0259m<\/a>","rttpg_excerpt":"\u201cQ\u0259rib\u0259dir deyilmi, Erm\u0259nistan\u0131n \u201cPinaka\u201d raket sisteminin t\u0259xmin\u0259n 250 milyon dollar d\u0259y\u0259rind\u0259 olan yeni \u00e7oxl\u00fcl\u0259li modelin\u0259 maraq g\u00f6st\u0259rdiyi haqda x\u0259b\u0259rl\u0259r yay\u0131lar-yay\u0131lmaz bu \u00f6lk\u0259 il\u0259 USAID aras\u0131nda \u0130nki\u015faf Qrant\u0131 M\u00fcqavil\u0259sin\u0259 bir n\u00f6mr\u0259li d\u00fcz\u0259li\u015f edildi. AB\u015e Beyn\u0259lxalq \u0130nki\u015faf Agentliyi (USAID) h\u0259m\u0259n d\u00fcz\u0259li\u015fl\u0259 \u201cErm\u0259nistan\u0131n d\u0259yi\u015f\u0259n ehtiyaclar\u0131na, o c\u00fcml\u0259d\u0259n \u00f6lk\u0259nin \u00fczl\u0259\u015fdiyi son \u00e7a\u011f\u0131r\u0131\u015flar v\u0259 geosiyasi d\u0259yi\u015fiklikl\u0259r\u0259 uy\u011fun olaraq\u201d ona veril\u0259c\u0259k&hellip;","_links":{"self":[{"href":"https:\/\/arantv.az\/index.php?rest_route=\/wp\/v2\/posts\/752578"}],"collection":[{"href":"https:\/\/arantv.az\/index.php?rest_route=\/wp\/v2\/posts"}],"about":[{"href":"https:\/\/arantv.az\/index.php?rest_route=\/wp\/v2\/types\/post"}],"author":[{"embeddable":true,"href":"https:\/\/arantv.az\/index.php?rest_route=\/wp\/v2\/users\/2"}],"replies":[{"embeddable":true,"href":"https:\/\/arantv.az\/index.php?rest_route=%2Fwp%2Fv2%2Fcomments&post=752578"}],"version-history":[{"count":1,"href":"https:\/\/arantv.az\/index.php?rest_route=\/wp\/v2\/posts\/752578\/revisions"}],"predecessor-version":[{"id":752580,"href":"https:\/\/arantv.az\/index.php?rest_route=\/wp\/v2\/posts\/752578\/revisions\/752580"}],"wp:featuredmedia":[{"embeddable":true,"href":"https:\/\/arantv.az\/index.php?rest_route=\/wp\/v2\/media\/752579"}],"wp:attachment":[{"href":"https:\/\/arantv.az\/index.php?rest_route=%2Fwp%2Fv2%2Fmedia&parent=752578"}],"wp:term":[{"taxonomy":"category","embeddable":true,"href":"https:\/\/arantv.az\/index.php?rest_route=%2Fwp%2Fv2%2Fcategories&post=752578"},{"taxonomy":"post_tag","embeddable":true,"href":"https:\/\/arantv.az\/index.php?rest_route=%2Fwp%2Fv2%2Ftags&post=752578"}],"curies":[{"name":"wp","href":"https:\/\/api.w.org\/{rel}","templated":true}]}}