{"id":752591,"date":"2024-09-13T08:26:48","date_gmt":"2024-09-13T04:26:48","guid":{"rendered":"https:\/\/arantv.az\/?p=752591"},"modified":"2024-09-13T08:26:48","modified_gmt":"2024-09-13T04:26:48","slug":"yeni-t%c9%99dris-ili-il%c9%99-%c9%99laq%c9%99dar-n%c9%99qliyyatda-hansi-d%c9%99yisiklikl%c9%99r-olacaqvideo","status":"publish","type":"post","link":"https:\/\/arantv.az\/?p=752591","title":{"rendered":"Yeni t\u0259dris ili il\u0259 \u0259laq\u0259dar n\u0259qliyyatda hans\u0131 d\u0259yi\u015fiklikl\u0259r olacaq?V\u0130DEO"},"content":{"rendered":"<div class=\"text-content\" data-id=\"\" data-url=\"\">\n<p>Yeni t\u0259dris ili il\u0259 \u0259laq\u0259dar ictimai n\u0259qliyyat\u0131n h\u0259r\u0259k\u0259t qrafikind\u0259 d\u0259yi\u015fiklikl\u0259r edil\u0259c\u0259k.<\/p>\n<p>Xezerxeber.az-\u0131n m\u0259lumat\u0131na g\u00f6r\u0259, t\u0259l\u0259b\u0259l\u0259rin \u0259n \u00e7ox \u00fcz tutdu\u011fu metro saatlar\u0131 n\u0259z\u0259r\u0259 al\u0131naraq yeni qrafikl\u0259 ba\u011fl\u0131 i\u015fl\u0259r\u0259 ba\u015flan\u0131l\u0131b.<\/p>\n<p>Son g\u00fcnl\u0259r yollardak\u0131 t\u0259mir-b\u0259rpa i\u015fl\u0259ri il\u0259 \u0259laq\u0259dar bir \u00e7ox k\u00fc\u00e7\u0259 v\u0259 prospektl\u0259rd\u0259 n\u0259qliyyat\u0131n s\u0131xl\u0131\u011f\u0131 art\u0131b v\u0259 b\u0259zi avtobus mar\u015frutlar\u0131n\u0131n h\u0259r\u0259k\u0259t sxemind\u0259 d\u0259yi\u015fiklikl\u0259r olub. Az\u0259rbaycan Yer\u00fcst\u00fc N\u0259qliyyat Agentliyind\u0259n (AYNA) bildirilib ki, t\u0259dris m\u00f6vs\u00fcm\u00fcn\u00fcn ba\u015flamas\u0131 il\u0259 \u0259laq\u0259dar s\u0259rni\u015finda\u015f\u0131ma imkanlar\u0131n\u0131n yax\u015f\u0131la\u015fd\u0131r\u0131lmas\u0131 m\u0259qs\u0259dil\u0259 Sumqay\u0131t \u015f\u0259h\u0259ri v\u0259 Ab\u015feron rayonunda x\u0259tt\u0259 burax\u0131lan avtobus say\u0131 486-ya \u00e7atd\u0131r\u0131l\u0131b.<\/p>\n<p>Yeni t\u0259dris ili il\u0259 \u0259laq\u0259dar artacaq s\u0259rni\u015fin t\u0259l\u0259bat\u0131n\u0131 t\u0259min etm\u0259k m\u0259qs\u0259dil\u0259 Ab\u015feron dair\u0259vi d\u0259mir yolu x\u0259tti il\u0259 h\u0259r\u0259k\u0259t ed\u0259n qatarlar da yenil\u0259nmi\u015f h\u0259r\u0259k\u0259t c\u0259dv\u0259li il\u0259 xidm\u0259t g\u00f6st\u0259r\u0259c\u0259k.<\/p>\n<p>Yenil\u0259nmi\u015f qrafik\u0259 uy\u011fun olaraq, g\u00fcn \u0259rzind\u0259 Bak\u0131-X\u0131rdalan-Sumqay\u0131t mar\u015frutu \u00fczr\u0259 Bak\u0131dan 13, Sumqay\u0131tdan 11 reys, Bak\u0131-Pir\u015fa\u011f\u0131-Sumqay\u0131t mar\u015frutu \u00fczr\u0259 is\u0259 Bak\u0131dan 20, Sumqay\u0131tdan 22 reys t\u0259\u015fkil edil\u0259c\u0259k.<\/p>\n<p>\u018ftrafl\u0131 s\u00fcjetd\u0259:<\/p>\n<p><iframe title=\"Yeni t\u0259dris ili il\u0259 \u0259laq\u0259dar metro v\u0259 avtobuslarda hans\u0131 d\u0259yi\u015fiklikl\u0259r olacaq?\" src=\"https:\/\/www.youtube.com\/embed\/QkoGVFQdnLA\" frameborder=\"0\" allowfullscreen=\"allowfullscreen\" data-mce-fragment=\"1\"><\/iframe><\/p>\n<\/div>\n<div><\/div>\n<div><\/div>\n<div class=\"inner-social-box\">\n<div class=\"subs-in-social subs-whatsapp\"><\/div>\n<\/div>\n","protected":false},"excerpt":{"rendered":"<p>Yeni t\u0259dris ili il\u0259 \u0259laq\u0259dar ictimai n\u0259qliyyat\u0131n h\u0259r\u0259k\u0259t qrafikind\u0259 d\u0259yi\u015fiklikl\u0259r edil\u0259c\u0259k. Xezerxeber.az-\u0131n m\u0259lumat\u0131na g\u00f6r\u0259, t\u0259l\u0259b\u0259l\u0259rin \u0259n \u00e7ox \u00fcz tutdu\u011fu metro saatlar\u0131 n\u0259z\u0259r\u0259 al\u0131naraq yeni qrafikl\u0259 ba\u011fl\u0131 i\u015fl\u0259r\u0259 ba\u015flan\u0131l\u0131b. Son g\u00fcnl\u0259r yollardak\u0131 t\u0259mir-b\u0259rpa i\u015fl\u0259ri il\u0259 \u0259laq\u0259dar bir \u00e7ox k\u00fc\u00e7\u0259 v\u0259 prospektl\u0259rd\u0259 n\u0259qliyyat\u0131n s\u0131xl\u0131\u011f\u0131 art\u0131b v\u0259 b\u0259zi avtobus mar\u015frutlar\u0131n\u0131n h\u0259r\u0259k\u0259t sxemind\u0259 d\u0259yi\u015fiklikl\u0259r olub. Az\u0259rbaycan Yer\u00fcst\u00fc N\u0259qliyyat Agentliyind\u0259n (AYNA) bildirilib ki, t\u0259dris m\u00f6vs\u00fcm\u00fcn\u00fcn ba\u015flamas\u0131 il\u0259 \u0259laq\u0259dar s\u0259rni\u015finda\u015f\u0131ma imkanlar\u0131n\u0131n yax\u015f\u0131la\u015fd\u0131r\u0131lmas\u0131 m\u0259qs\u0259dil\u0259 Sumqay\u0131t \u015f\u0259h\u0259ri v\u0259 Ab\u015feron rayonunda x\u0259tt\u0259 burax\u0131lan avtobus say\u0131 486-ya \u00e7atd\u0131r\u0131l\u0131b. Yeni t\u0259dris ili il\u0259 \u0259laq\u0259dar artacaq s\u0259rni\u015fin t\u0259l\u0259bat\u0131n\u0131 t\u0259min etm\u0259k m\u0259qs\u0259dil\u0259 Ab\u015feron&hellip;<\/p>\n","protected":false},"author":2,"featured_media":752593,"comment_status":"closed","ping_status":"closed","sticky":false,"template":"","format":"standard","meta":{"om_disable_all_campaigns":false,"_monsterinsights_skip_tracking":false,"_monsterinsights_sitenote_active":false,"_monsterinsights_sitenote_note":"","_monsterinsights_sitenote_category":0},"categories":[1],"tags":[],"aioseo_notices":[],"gutentor_comment":0,"rttpg_featured_image_url":{"full":["https:\/\/arantv.az\/wp-content\/uploads\/2024\/09\/66c8a957249ac6888df58b412cfb5772.jpg",700,394,false],"landscape":["https:\/\/arantv.az\/wp-content\/uploads\/2024\/09\/66c8a957249ac6888df58b412cfb5772.jpg",700,394,false],"portraits":["https:\/\/arantv.az\/wp-content\/uploads\/2024\/09\/66c8a957249ac6888df58b412cfb5772.jpg",700,394,false],"thumbnail":["https:\/\/arantv.az\/wp-content\/uploads\/2024\/09\/66c8a957249ac6888df58b412cfb5772-500x280.jpg",500,280,true],"medium":["https:\/\/arantv.az\/wp-content\/uploads\/2024\/09\/66c8a957249ac6888df58b412cfb5772-648x365.jpg",648,365,true],"large":["https:\/\/arantv.az\/wp-content\/uploads\/2024\/09\/66c8a957249ac6888df58b412cfb5772.jpg",640,360,false],"1536x1536":["https:\/\/arantv.az\/wp-content\/uploads\/2024\/09\/66c8a957249ac6888df58b412cfb5772.jpg",700,394,false],"2048x2048":["https:\/\/arantv.az\/wp-content\/uploads\/2024\/09\/66c8a957249ac6888df58b412cfb5772.jpg",700,394,false],"post-thumbnail":["https:\/\/arantv.az\/wp-content\/uploads\/2024\/09\/66c8a957249ac6888df58b412cfb5772-240x172.jpg",240,172,true],"advps-thumb-one":["https:\/\/arantv.az\/wp-content\/uploads\/2024\/09\/66c8a957249ac6888df58b412cfb5772.jpg",700,394,false]},"rttpg_author":{"display_name":"V\u00fcsal Rafiqo\u011flu","author_link":"https:\/\/arantv.az\/?author=2"},"rttpg_comment":0,"rttpg_category":"<a href=\"https:\/\/arantv.az\/?cat=1\" rel=\"category\">C\u0259miyy\u0259t<\/a>","rttpg_excerpt":"Yeni t\u0259dris ili il\u0259 \u0259laq\u0259dar ictimai n\u0259qliyyat\u0131n h\u0259r\u0259k\u0259t qrafikind\u0259 d\u0259yi\u015fiklikl\u0259r edil\u0259c\u0259k. Xezerxeber.az-\u0131n m\u0259lumat\u0131na g\u00f6r\u0259, t\u0259l\u0259b\u0259l\u0259rin \u0259n \u00e7ox \u00fcz tutdu\u011fu metro saatlar\u0131 n\u0259z\u0259r\u0259 al\u0131naraq yeni qrafikl\u0259 ba\u011fl\u0131 i\u015fl\u0259r\u0259 ba\u015flan\u0131l\u0131b. Son g\u00fcnl\u0259r yollardak\u0131 t\u0259mir-b\u0259rpa i\u015fl\u0259ri il\u0259 \u0259laq\u0259dar bir \u00e7ox k\u00fc\u00e7\u0259 v\u0259 prospektl\u0259rd\u0259 n\u0259qliyyat\u0131n s\u0131xl\u0131\u011f\u0131 art\u0131b v\u0259 b\u0259zi avtobus mar\u015frutlar\u0131n\u0131n h\u0259r\u0259k\u0259t sxemind\u0259 d\u0259yi\u015fiklikl\u0259r olub. Az\u0259rbaycan Yer\u00fcst\u00fc N\u0259qliyyat Agentliyind\u0259n&hellip;","_links":{"self":[{"href":"https:\/\/arantv.az\/index.php?rest_route=\/wp\/v2\/posts\/752591"}],"collection":[{"href":"https:\/\/arantv.az\/index.php?rest_route=\/wp\/v2\/posts"}],"about":[{"href":"https:\/\/arantv.az\/index.php?rest_route=\/wp\/v2\/types\/post"}],"author":[{"embeddable":true,"href":"https:\/\/arantv.az\/index.php?rest_route=\/wp\/v2\/users\/2"}],"replies":[{"embeddable":true,"href":"https:\/\/arantv.az\/index.php?rest_route=%2Fwp%2Fv2%2Fcomments&post=752591"}],"version-history":[{"count":1,"href":"https:\/\/arantv.az\/index.php?rest_route=\/wp\/v2\/posts\/752591\/revisions"}],"predecessor-version":[{"id":752594,"href":"https:\/\/arantv.az\/index.php?rest_route=\/wp\/v2\/posts\/752591\/revisions\/752594"}],"wp:featuredmedia":[{"embeddable":true,"href":"https:\/\/arantv.az\/index.php?rest_route=\/wp\/v2\/media\/752593"}],"wp:attachment":[{"href":"https:\/\/arantv.az\/index.php?rest_route=%2Fwp%2Fv2%2Fmedia&parent=752591"}],"wp:term":[{"taxonomy":"category","embeddable":true,"href":"https:\/\/arantv.az\/index.php?rest_route=%2Fwp%2Fv2%2Fcategories&post=752591"},{"taxonomy":"post_tag","embeddable":true,"href":"https:\/\/arantv.az\/index.php?rest_route=%2Fwp%2Fv2%2Ftags&post=752591"}],"curies":[{"name":"wp","href":"https:\/\/api.w.org\/{rel}","templated":true}]}}