{"id":752651,"date":"2024-09-13T10:32:43","date_gmt":"2024-09-13T06:32:43","guid":{"rendered":"https:\/\/arantv.az\/?p=752651"},"modified":"2024-09-13T10:32:43","modified_gmt":"2024-09-13T06:32:43","slug":"narinin-anasi-v%c9%99-qardasi-h%c9%99bs-olundu","status":"publish","type":"post","link":"https:\/\/arantv.az\/?p=752651","title":{"rendered":"Narinin anas\u0131 v\u0259 qarda\u015f\u0131 H\u018fBS OLUNDU"},"content":{"rendered":"<p><strong>T\u00fcrkiy\u0259nin Diyarb\u0259kir \u015f\u0259h\u0259rind\u0259 q\u0259tl\u0259 yetiril\u0259n 8 ya\u015fl\u0131 Narin G\u00fcran\u0131n cinay\u0259ti il\u0259 ba\u011fl\u0131 8 n\u0259f\u0259r bar\u0259sind\u0259 h\u0259bs q\u0259rar\u0131 verilib.<\/strong><\/p>\n<p>Bu bar\u0259d\u0259 \u201cMilliyet\u201d m\u0259lumat yay\u0131b.<\/p>\n<p>Bildirilib ki, h\u0259bs edil\u0259nl\u0259r aras\u0131nda azya\u015fl\u0131n\u0131n anas\u0131 Y\u00fcksel G\u00fcran, 18 ya\u015fl\u0131 qarda\u015f\u0131 Enes, \u0259misi Fuat G\u00fcran, qohumu Muhammet Kaya, \u0259misinin yolda\u015f\u0131 Ma\u015fallah G\u00fcran v\u0259 q\u0131z\u0131 Birsen G\u00fcran, bibisinin \u0259ri Mehmet \u015eevket Kaya, hadis\u0259 il\u0259 ba\u011fl\u0131 h\u0259bs edil\u0259n \u0259misi Sami G\u00fcran\u0131n i\u015f\u00e7isi Mehmet Selim Atasoy var.<\/p>\n<p>Qeyd olunub ki, Diyarbak\u0131r \u018fdliyy\u0259sind\u0259 25 saatl\u0131q sor\u011fu-sual\u0131n ard\u0131ndan \u015f\u00fcbh\u0259lil\u0259r c\u0259za\u00e7\u0259km\u0259 m\u00fc\u0259ssis\u0259sin\u0259 g\u00f6nd\u0259rilib.<\/p>\n<p>M\u0259lumata g\u00f6r\u0259, anas\u0131 v\u0259 qarda\u015f\u0131 \u201cQ\u0259sd\u0259n adam \u00f6ld\u00fcrm\u0259d\u0259 i\u015ftirak\u201d madd\u0259si il\u0259 h\u0259bs edilib.<\/p>\n<p>Qeyd ed\u0259k ki, Narinin cinay\u0259ti il\u0259 ba\u011fl\u0131 24 \u015f\u00fcbh\u0259li saxlan\u0131lm\u0131\u015fd\u0131.<\/p>\n<p>Xat\u0131rladaq ki, azya\u015fl\u0131n\u0131n q\u0259tli il\u0259 ba\u011fl\u0131 istintaq \u00e7\u0259r\u00e7iv\u0259sind\u0259 saxlan\u0131lan atas\u0131 Arif G\u00fcran s\u0259rb\u0259st burax\u0131l\u0131b. (Qafqazinfo)<\/p>\n","protected":false},"excerpt":{"rendered":"<p>T\u00fcrkiy\u0259nin Diyarb\u0259kir \u015f\u0259h\u0259rind\u0259 q\u0259tl\u0259 yetiril\u0259n 8 ya\u015fl\u0131 Narin G\u00fcran\u0131n cinay\u0259ti il\u0259 ba\u011fl\u0131 8 n\u0259f\u0259r bar\u0259sind\u0259 h\u0259bs q\u0259rar\u0131 verilib. Bu bar\u0259d\u0259 \u201cMilliyet\u201d m\u0259lumat yay\u0131b. Bildirilib ki, h\u0259bs edil\u0259nl\u0259r aras\u0131nda azya\u015fl\u0131n\u0131n anas\u0131 Y\u00fcksel G\u00fcran, 18 ya\u015fl\u0131 qarda\u015f\u0131 Enes, \u0259misi Fuat G\u00fcran, qohumu Muhammet Kaya, \u0259misinin yolda\u015f\u0131 Ma\u015fallah G\u00fcran v\u0259 q\u0131z\u0131 Birsen G\u00fcran, bibisinin \u0259ri Mehmet \u015eevket Kaya, hadis\u0259 il\u0259 ba\u011fl\u0131 h\u0259bs edil\u0259n \u0259misi Sami G\u00fcran\u0131n i\u015f\u00e7isi Mehmet Selim Atasoy var. Qeyd olunub ki, Diyarbak\u0131r \u018fdliyy\u0259sind\u0259 25 saatl\u0131q sor\u011fu-sual\u0131n ard\u0131ndan \u015f\u00fcbh\u0259lil\u0259r c\u0259za\u00e7\u0259km\u0259 m\u00fc\u0259ssis\u0259sin\u0259 g\u00f6nd\u0259rilib. M\u0259lumata g\u00f6r\u0259, anas\u0131 v\u0259 qarda\u015f\u0131 \u201cQ\u0259sd\u0259n adam \u00f6ld\u00fcrm\u0259d\u0259 i\u015ftirak\u201d&hellip;<\/p>\n","protected":false},"author":2,"featured_media":752652,"comment_status":"closed","ping_status":"closed","sticky":false,"template":"","format":"standard","meta":{"om_disable_all_campaigns":false,"_monsterinsights_skip_tracking":false,"_monsterinsights_sitenote_active":false,"_monsterinsights_sitenote_note":"","_monsterinsights_sitenote_category":0},"categories":[7],"tags":[],"aioseo_notices":[],"gutentor_comment":0,"rttpg_featured_image_url":{"full":["https:\/\/arantv.az\/wp-content\/uploads\/2024\/09\/c5e334906414c017e1ca1dff30417267.jpg",637,400,false],"landscape":["https:\/\/arantv.az\/wp-content\/uploads\/2024\/09\/c5e334906414c017e1ca1dff30417267.jpg",637,400,false],"portraits":["https:\/\/arantv.az\/wp-content\/uploads\/2024\/09\/c5e334906414c017e1ca1dff30417267.jpg",637,400,false],"thumbnail":["https:\/\/arantv.az\/wp-content\/uploads\/2024\/09\/c5e334906414c017e1ca1dff30417267-500x280.jpg",500,280,true],"medium":["https:\/\/arantv.az\/wp-content\/uploads\/2024\/09\/c5e334906414c017e1ca1dff30417267-581x365.jpg",581,365,true],"large":["https:\/\/arantv.az\/wp-content\/uploads\/2024\/09\/c5e334906414c017e1ca1dff30417267.jpg",637,400,false],"1536x1536":["https:\/\/arantv.az\/wp-content\/uploads\/2024\/09\/c5e334906414c017e1ca1dff30417267.jpg",637,400,false],"2048x2048":["https:\/\/arantv.az\/wp-content\/uploads\/2024\/09\/c5e334906414c017e1ca1dff30417267.jpg",637,400,false],"post-thumbnail":["https:\/\/arantv.az\/wp-content\/uploads\/2024\/09\/c5e334906414c017e1ca1dff30417267-240x172.jpg",240,172,true],"advps-thumb-one":["https:\/\/arantv.az\/wp-content\/uploads\/2024\/09\/c5e334906414c017e1ca1dff30417267.jpg",637,400,false]},"rttpg_author":{"display_name":"V\u00fcsal Rafiqo\u011flu","author_link":"https:\/\/arantv.az\/?author=2"},"rttpg_comment":0,"rttpg_category":"<a href=\"https:\/\/arantv.az\/?cat=7\" rel=\"category\">D\u00fcnya<\/a>","rttpg_excerpt":"T\u00fcrkiy\u0259nin Diyarb\u0259kir \u015f\u0259h\u0259rind\u0259 q\u0259tl\u0259 yetiril\u0259n 8 ya\u015fl\u0131 Narin G\u00fcran\u0131n cinay\u0259ti il\u0259 ba\u011fl\u0131 8 n\u0259f\u0259r bar\u0259sind\u0259 h\u0259bs q\u0259rar\u0131 verilib. Bu bar\u0259d\u0259 \u201cMilliyet\u201d m\u0259lumat yay\u0131b. Bildirilib ki, h\u0259bs edil\u0259nl\u0259r aras\u0131nda azya\u015fl\u0131n\u0131n anas\u0131 Y\u00fcksel G\u00fcran, 18 ya\u015fl\u0131 qarda\u015f\u0131 Enes, \u0259misi Fuat G\u00fcran, qohumu Muhammet Kaya, \u0259misinin yolda\u015f\u0131 Ma\u015fallah G\u00fcran v\u0259 q\u0131z\u0131 Birsen G\u00fcran, bibisinin \u0259ri Mehmet \u015eevket Kaya,&hellip;","_links":{"self":[{"href":"https:\/\/arantv.az\/index.php?rest_route=\/wp\/v2\/posts\/752651"}],"collection":[{"href":"https:\/\/arantv.az\/index.php?rest_route=\/wp\/v2\/posts"}],"about":[{"href":"https:\/\/arantv.az\/index.php?rest_route=\/wp\/v2\/types\/post"}],"author":[{"embeddable":true,"href":"https:\/\/arantv.az\/index.php?rest_route=\/wp\/v2\/users\/2"}],"replies":[{"embeddable":true,"href":"https:\/\/arantv.az\/index.php?rest_route=%2Fwp%2Fv2%2Fcomments&post=752651"}],"version-history":[{"count":1,"href":"https:\/\/arantv.az\/index.php?rest_route=\/wp\/v2\/posts\/752651\/revisions"}],"predecessor-version":[{"id":752653,"href":"https:\/\/arantv.az\/index.php?rest_route=\/wp\/v2\/posts\/752651\/revisions\/752653"}],"wp:featuredmedia":[{"embeddable":true,"href":"https:\/\/arantv.az\/index.php?rest_route=\/wp\/v2\/media\/752652"}],"wp:attachment":[{"href":"https:\/\/arantv.az\/index.php?rest_route=%2Fwp%2Fv2%2Fmedia&parent=752651"}],"wp:term":[{"taxonomy":"category","embeddable":true,"href":"https:\/\/arantv.az\/index.php?rest_route=%2Fwp%2Fv2%2Fcategories&post=752651"},{"taxonomy":"post_tag","embeddable":true,"href":"https:\/\/arantv.az\/index.php?rest_route=%2Fwp%2Fv2%2Ftags&post=752651"}],"curies":[{"name":"wp","href":"https:\/\/api.w.org\/{rel}","templated":true}]}}