{"id":752669,"date":"2024-09-13T11:03:51","date_gmt":"2024-09-13T07:03:51","guid":{"rendered":"https:\/\/arantv.az\/?p=752669"},"modified":"2024-09-13T11:03:51","modified_gmt":"2024-09-13T07:03:51","slug":"s%c9%99hidl%c9%99rin-m%c9%99lumatlarini-vikipediyadan-sil%c9%99n-s%c9%99xsl%c9%99r-bunlar-imis-iddiafoto","status":"publish","type":"post","link":"https:\/\/arantv.az\/?p=752669","title":{"rendered":"\u015e\u0259hidl\u0259rin m\u0259lumatlar\u0131n\u0131 vikipediyadan sil\u0259n \u015f\u0259xsl\u0259r BUNLAR \u0130M\u0130\u015e &#8211; \u0130DD\u0130A+FOTO"},"content":{"rendered":"<p><a title=\"xeberler son xeberler 2024\" href=\"https:\/\/big.az\/\" target=\"_blank\" rel=\"noopener\">X\u0259b\u0259r<\/a>\u00a0verdiyimiz kimi, m\u00fcharib\u0259 ill\u0259rind\u0259 k\u00f6n\u00fcll\u00fc qruplar t\u0259r\u0259find\u0259n yarad\u0131lan 3 min\u0259 yax\u0131n \u015f\u0259hid m\u0259qal\u0259l\u0259ri az\u0259rbaycanl\u0131 vikipediya\u00e7\u0131lar t\u0259r\u0259find\u0259n tamamil\u0259 silinib.<\/p>\n<p><a title=\"en son xeberler 2024\" href=\"https:\/\/sonxeber.az\/\" target=\"_blank\" rel=\"noopener\">Sonxeber.az<\/a>\u00a0x\u0259b\u0259r verir ki, \u015f\u0259hid mayor V\u00fcsal V\u0259liyevin qarda\u015f\u0131 Elyar \u0130slamo\u011flu \u015f\u0259hidl\u0259rin m\u0259lumatlar\u0131n\u0131 vikipediyadan sil\u0259nl\u0259rin v\u0259 sil\u0259nl\u0259ri d\u0259st\u0259kl\u0259y\u0259nl\u0259rin sosial \u015f\u0259b\u0259k\u0259 hesablar\u0131n\u0131 payla\u015f\u0131b. H\u0259min payla\u015f\u0131m\u0131 t\u0259qdim edirik:<\/p>\n<p>&#8220;\u015e\u0259hidl\u0259rin vikipediyadan m\u0259lumatlar\u0131n\u0131n silinm\u0259sin\u0259 etiraz ed\u0259n \u015f\u0259hid ail\u0259 \u00fczvl\u0259rinin r\u0259yl\u0259rin\u0259 girib g\u00fcl\u00fc\u015f atan v\u0259 m\u0259lumatlar\u0131 sil\u0259nl\u0259ri d\u0259st\u0259kl\u0259y\u0259n, h\u0259tta dey\u0259s\u0259n m\u0259lumat\u0131 sil\u0259nl\u0259rd\u0259n ikisini tan\u0131y\u0131n&#8221;.<\/p>\n<p><img class=\"imgbcode\" src=\"https:\/\/upload.az\/foto\/arxiv\/silen_2.jpg\" alt=\"\u015e\u0259hidl\u0259rin m\u0259lumatlar\u0131n\u0131 vikipediyadan sil\u0259n \u015f\u0259xsl\u0259r BUNLAR \u0130M\u0130\u015e - \u0130DD\u0130A+FOTO\" \/><img class=\"imgbcode\" src=\"https:\/\/upload.az\/foto\/arxiv\/silen_3.jpg\" alt=\"\u015e\u0259hidl\u0259rin m\u0259lumatlar\u0131n\u0131 vikipediyadan sil\u0259n \u015f\u0259xsl\u0259r BUNLAR \u0130M\u0130\u015e - \u0130DD\u0130A+FOTO\" \/><img class=\"imgbcode\" src=\"https:\/\/upload.az\/foto\/arxiv\/silen4.jpg\" alt=\"\u015e\u0259hidl\u0259rin m\u0259lumatlar\u0131n\u0131 vikipediyadan sil\u0259n \u015f\u0259xsl\u0259r BUNLAR \u0130M\u0130\u015e - \u0130DD\u0130A+FOTO\" \/><\/p>\n<div class=\"AdviadNativeVideo\"><\/div>\n","protected":false},"excerpt":{"rendered":"<p>X\u0259b\u0259r\u00a0verdiyimiz kimi, m\u00fcharib\u0259 ill\u0259rind\u0259 k\u00f6n\u00fcll\u00fc qruplar t\u0259r\u0259find\u0259n yarad\u0131lan 3 min\u0259 yax\u0131n \u015f\u0259hid m\u0259qal\u0259l\u0259ri az\u0259rbaycanl\u0131 vikipediya\u00e7\u0131lar t\u0259r\u0259find\u0259n tamamil\u0259 silinib. Sonxeber.az\u00a0x\u0259b\u0259r verir ki, \u015f\u0259hid mayor V\u00fcsal V\u0259liyevin qarda\u015f\u0131 Elyar \u0130slamo\u011flu \u015f\u0259hidl\u0259rin m\u0259lumatlar\u0131n\u0131 vikipediyadan sil\u0259nl\u0259rin v\u0259 sil\u0259nl\u0259ri d\u0259st\u0259kl\u0259y\u0259nl\u0259rin sosial \u015f\u0259b\u0259k\u0259 hesablar\u0131n\u0131 payla\u015f\u0131b. H\u0259min payla\u015f\u0131m\u0131 t\u0259qdim edirik: &#8220;\u015e\u0259hidl\u0259rin vikipediyadan m\u0259lumatlar\u0131n\u0131n silinm\u0259sin\u0259 etiraz ed\u0259n \u015f\u0259hid ail\u0259 \u00fczvl\u0259rinin r\u0259yl\u0259rin\u0259 girib g\u00fcl\u00fc\u015f atan v\u0259 m\u0259lumatlar\u0131 sil\u0259nl\u0259ri d\u0259st\u0259kl\u0259y\u0259n, h\u0259tta dey\u0259s\u0259n m\u0259lumat\u0131 sil\u0259nl\u0259rd\u0259n ikisini tan\u0131y\u0131n&#8221;.<\/p>\n","protected":false},"author":2,"featured_media":752670,"comment_status":"closed","ping_status":"closed","sticky":false,"template":"","format":"standard","meta":{"om_disable_all_campaigns":false,"_monsterinsights_skip_tracking":false,"_monsterinsights_sitenote_active":false,"_monsterinsights_sitenote_note":"","_monsterinsights_sitenote_category":0},"categories":[1],"tags":[],"aioseo_notices":[],"gutentor_comment":0,"rttpg_featured_image_url":{"full":["https:\/\/arantv.az\/wp-content\/uploads\/2024\/09\/silen1.jpg",650,299,false],"landscape":["https:\/\/arantv.az\/wp-content\/uploads\/2024\/09\/silen1.jpg",650,299,false],"portraits":["https:\/\/arantv.az\/wp-content\/uploads\/2024\/09\/silen1.jpg",650,299,false],"thumbnail":["https:\/\/arantv.az\/wp-content\/uploads\/2024\/09\/silen1-500x280.jpg",500,280,true],"medium":["https:\/\/arantv.az\/wp-content\/uploads\/2024\/09\/silen1.jpg",650,299,false],"large":["https:\/\/arantv.az\/wp-content\/uploads\/2024\/09\/silen1.jpg",640,294,false],"1536x1536":["https:\/\/arantv.az\/wp-content\/uploads\/2024\/09\/silen1.jpg",650,299,false],"2048x2048":["https:\/\/arantv.az\/wp-content\/uploads\/2024\/09\/silen1.jpg",650,299,false],"post-thumbnail":["https:\/\/arantv.az\/wp-content\/uploads\/2024\/09\/silen1-240x172.jpg",240,172,true],"advps-thumb-one":["https:\/\/arantv.az\/wp-content\/uploads\/2024\/09\/silen1.jpg",650,299,false]},"rttpg_author":{"display_name":"V\u00fcsal Rafiqo\u011flu","author_link":"https:\/\/arantv.az\/?author=2"},"rttpg_comment":0,"rttpg_category":"<a href=\"https:\/\/arantv.az\/?cat=1\" rel=\"category\">C\u0259miyy\u0259t<\/a>","rttpg_excerpt":"X\u0259b\u0259r\u00a0verdiyimiz kimi, m\u00fcharib\u0259 ill\u0259rind\u0259 k\u00f6n\u00fcll\u00fc qruplar t\u0259r\u0259find\u0259n yarad\u0131lan 3 min\u0259 yax\u0131n \u015f\u0259hid m\u0259qal\u0259l\u0259ri az\u0259rbaycanl\u0131 vikipediya\u00e7\u0131lar t\u0259r\u0259find\u0259n tamamil\u0259 silinib. Sonxeber.az\u00a0x\u0259b\u0259r verir ki, \u015f\u0259hid mayor V\u00fcsal V\u0259liyevin qarda\u015f\u0131 Elyar \u0130slamo\u011flu \u015f\u0259hidl\u0259rin m\u0259lumatlar\u0131n\u0131 vikipediyadan sil\u0259nl\u0259rin v\u0259 sil\u0259nl\u0259ri d\u0259st\u0259kl\u0259y\u0259nl\u0259rin sosial \u015f\u0259b\u0259k\u0259 hesablar\u0131n\u0131 payla\u015f\u0131b. H\u0259min payla\u015f\u0131m\u0131 t\u0259qdim edirik: &#8220;\u015e\u0259hidl\u0259rin vikipediyadan m\u0259lumatlar\u0131n\u0131n silinm\u0259sin\u0259 etiraz ed\u0259n \u015f\u0259hid ail\u0259 \u00fczvl\u0259rinin r\u0259yl\u0259rin\u0259 girib g\u00fcl\u00fc\u015f&hellip;","_links":{"self":[{"href":"https:\/\/arantv.az\/index.php?rest_route=\/wp\/v2\/posts\/752669"}],"collection":[{"href":"https:\/\/arantv.az\/index.php?rest_route=\/wp\/v2\/posts"}],"about":[{"href":"https:\/\/arantv.az\/index.php?rest_route=\/wp\/v2\/types\/post"}],"author":[{"embeddable":true,"href":"https:\/\/arantv.az\/index.php?rest_route=\/wp\/v2\/users\/2"}],"replies":[{"embeddable":true,"href":"https:\/\/arantv.az\/index.php?rest_route=%2Fwp%2Fv2%2Fcomments&post=752669"}],"version-history":[{"count":2,"href":"https:\/\/arantv.az\/index.php?rest_route=\/wp\/v2\/posts\/752669\/revisions"}],"predecessor-version":[{"id":752672,"href":"https:\/\/arantv.az\/index.php?rest_route=\/wp\/v2\/posts\/752669\/revisions\/752672"}],"wp:featuredmedia":[{"embeddable":true,"href":"https:\/\/arantv.az\/index.php?rest_route=\/wp\/v2\/media\/752670"}],"wp:attachment":[{"href":"https:\/\/arantv.az\/index.php?rest_route=%2Fwp%2Fv2%2Fmedia&parent=752669"}],"wp:term":[{"taxonomy":"category","embeddable":true,"href":"https:\/\/arantv.az\/index.php?rest_route=%2Fwp%2Fv2%2Fcategories&post=752669"},{"taxonomy":"post_tag","embeddable":true,"href":"https:\/\/arantv.az\/index.php?rest_route=%2Fwp%2Fv2%2Ftags&post=752669"}],"curies":[{"name":"wp","href":"https:\/\/api.w.org\/{rel}","templated":true}]}}