{"id":752854,"date":"2024-09-13T21:47:13","date_gmt":"2024-09-13T17:47:13","guid":{"rendered":"https:\/\/arantv.az\/?p=752854"},"modified":"2024-09-13T21:47:13","modified_gmt":"2024-09-13T17:47:13","slug":"sumqayitda-m%c9%99kt%c9%99bi-bit-bir%c9%99-basib-r%c9%99smi-aciqlama","status":"publish","type":"post","link":"https:\/\/arantv.az\/?p=752854","title":{"rendered":"Sumqay\u0131tda m\u0259kt\u0259bi bit-bir\u0259 bas\u0131b?- R\u0259smi a\u00e7\u0131qlama"},"content":{"rendered":"<p><strong>Sumqay\u0131t \u015f\u0259h\u0259ri 14 n\u00f6mr\u0259li orta m\u0259kt\u0259bd\u0259 sinif otaqlar\u0131n\u0131 bit-bir\u0259 basmas\u0131 il\u0259 ba\u011fl\u0131 iddialar yay\u0131l\u0131b.\u00a0<\/strong><\/p>\n<p>\u201cQafqazinfo\u201d x\u0259b\u0259r verir ki, bu bar\u0259d\u0259 \u201cSumqay\u0131t 24\u201d\u0259 valideynl\u0259r m\u00fcraci\u0259t edib.<\/p>\n<p><strong>Onlar\u0131n s\u00f6zl\u0259rin\u0259 g\u00f6r\u0259, t\u0259dris ilinin ba\u015flamas\u0131na say\u0131l\u0131 g\u00fcnl\u0259r qalsa da, \u00f6vladlar\u0131n\u0131n ad\u0131\u00e7\u0259kil\u0259n m\u0259kt\u0259b\u0259 getm\u0259l\u0259rini ist\u0259mirl\u0259r:<\/strong>\u00a0\u201cHe\u00e7 bir valideyn u\u015fa\u011f\u0131n\u0131n antisanitariya \u015f\u0259raitind\u0259 oxumas\u0131n\u0131 ist\u0259mir. Bundan \u0259lav\u0259, bit-bir\u0259 x\u0259st\u0259lik da\u015f\u0131y\u0131c\u0131s\u0131 say\u0131l\u0131r\u201d.<\/p>\n<p>Valideynl\u0259r\u00a0probleml\u0259 ba\u011fl\u0131 m\u0259kt\u0259b r\u0259hb\u0259rliyin\u0259 m\u00fcraci\u0259t olundu\u011funu, h\u0259l\u0259lik he\u00e7 bir t\u0259dbir g\u00f6r\u00fclm\u0259diyini d\u0259 \u0259lav\u0259 edibl\u0259r.<\/p>\n<p><strong>Yay\u0131lm\u0131\u015f iddialarla ba\u011fl\u0131 Ab\u015feron-X\u0131z\u0131 Regional T\u0259hsil \u0130dar\u0259sin\u0259 sor\u011fu \u00fcnvanlad\u0131q.\u00a0Qurumdan \u201cQafqazinfo\u201dnun m\u00fcraci\u0259tin\u0259\u00a0cavab olaraq bildirilib ki, t\u0259dris ili m\u00fcdd\u0259tind\u0259 davaml\u0131 olaraq dezinfeksiya i\u015fl\u0259ri apar\u0131l\u0131r:\u00a0<\/strong>\u201c\u00dcmumi t\u0259hsil m\u00fc\u0259ssis\u0259l\u0259rind\u0259 u\u015faqlar\u0131n t\u0259lim-t\u0259rbiy\u0259si v\u0259 t\u0259dris prosesi il\u0259 yana\u015f\u0131, sa\u011flaml\u0131\u011f\u0131 v\u0259 t\u0259hl\u00fck\u0259sizliyi d\u0259 bizim \u00fc\u00e7\u00fcn vacib \u015f\u0259rtl\u0259rd\u0259ndir.<\/p>\n<p>\u00dcmumi t\u0259hsil m\u00fc\u0259ssis\u0259sinin sanitariya v\u0259ziyy\u0259tin\u0259 v\u0259 onun saxlan\u0131lmas\u0131na dair t\u0259l\u0259bl\u0259rd\u0259n ir\u0259li g\u0259l\u0259n m\u0259s\u0259l\u0259l\u0259r t\u0259dris ili m\u00fcdd\u0259tind\u0259 davaml\u0131 olaraq apar\u0131l\u0131r, bu v\u0259 bu kimi dig\u0259r istiqam\u0259tl\u0259r \u00fczr\u0259 d\u0259 dezinfeksiya i\u015fl\u0259ri davaml\u0131 xarakter da\u015f\u0131y\u0131r v\u0259 illik plan \u0259sas\u0131nda h\u0259yata ke\u00e7irilir.<\/p>\n<p><strong>Bildiririk ki, haz\u0131rda 2024-2025-ci t\u0259dris ilinin ba\u015flanmas\u0131 il\u0259 \u0259laq\u0259dar olaraq da Ab\u015feron-X\u0131z\u0131 Regional T\u0259hsil \u0130dar\u0259sinin tabeliyind\u0259 f\u0259aliyy\u0259t g\u00f6st\u0259r\u0259n \u00fcmumi v\u0259 m\u0259kt\u0259b\u0259q\u0259d\u0259r t\u0259hsil m\u00fc\u0259ssis\u0259l\u0259rind\u0259 dezinfeksiya t\u0259dbirl\u0259ri apar\u0131l\u0131b.\u00a0<\/strong><\/p>\n<p>Son 2 ay \u0259rzind\u0259 Ab\u015feron-X\u0131z\u0131 Regional T\u0259hsil \u0130dar\u0259si \u00fczr\u0259 \u00fcmumilikd\u0259 200-\u0259 yax\u0131n \u00fcmumi v\u0259 m\u0259kt\u0259b\u0259q\u0259d\u0259r t\u0259hsil m\u00fc\u0259ssis\u0259sind\u0259 dezinfeksiya i\u015fl\u0259ri apar\u0131l\u0131b.<\/p>\n<p>Hans\u0131sa t\u0259hsil m\u00fc\u0259ssis\u0259sind\u0259 yoluxucu x\u0259st\u0259lik v\u0259 ya dig\u0259r x\u00fcsusi hallar a\u015fkar edil\u0259rs\u0259, aidiyy\u0259ti qurumlara m\u0259lumat verilir v\u0259 sanitariya n\u0259zar\u0259ti qurumlar\u0131n\u0131n t\u0259l\u0259bl\u0259rin\u0259 uy\u011fun m\u00fcvafiq t\u0259dbirl\u0259r g\u00f6r\u00fcl\u00fcr\u201d.<\/p>\n","protected":false},"excerpt":{"rendered":"<p>Sumqay\u0131t \u015f\u0259h\u0259ri 14 n\u00f6mr\u0259li orta m\u0259kt\u0259bd\u0259 sinif otaqlar\u0131n\u0131 bit-bir\u0259 basmas\u0131 il\u0259 ba\u011fl\u0131 iddialar yay\u0131l\u0131b.\u00a0 \u201cQafqazinfo\u201d x\u0259b\u0259r verir ki, bu bar\u0259d\u0259 \u201cSumqay\u0131t 24\u201d\u0259 valideynl\u0259r m\u00fcraci\u0259t edib. Onlar\u0131n s\u00f6zl\u0259rin\u0259 g\u00f6r\u0259, t\u0259dris ilinin ba\u015flamas\u0131na say\u0131l\u0131 g\u00fcnl\u0259r qalsa da, \u00f6vladlar\u0131n\u0131n ad\u0131\u00e7\u0259kil\u0259n m\u0259kt\u0259b\u0259 getm\u0259l\u0259rini ist\u0259mirl\u0259r:\u00a0\u201cHe\u00e7 bir valideyn u\u015fa\u011f\u0131n\u0131n antisanitariya \u015f\u0259raitind\u0259 oxumas\u0131n\u0131 ist\u0259mir. Bundan \u0259lav\u0259, bit-bir\u0259 x\u0259st\u0259lik da\u015f\u0131y\u0131c\u0131s\u0131 say\u0131l\u0131r\u201d. Valideynl\u0259r\u00a0probleml\u0259 ba\u011fl\u0131 m\u0259kt\u0259b r\u0259hb\u0259rliyin\u0259 m\u00fcraci\u0259t olundu\u011funu, h\u0259l\u0259lik he\u00e7 bir t\u0259dbir g\u00f6r\u00fclm\u0259diyini d\u0259 \u0259lav\u0259 edibl\u0259r. Yay\u0131lm\u0131\u015f iddialarla ba\u011fl\u0131 Ab\u015feron-X\u0131z\u0131 Regional T\u0259hsil \u0130dar\u0259sin\u0259 sor\u011fu \u00fcnvanlad\u0131q.\u00a0Qurumdan \u201cQafqazinfo\u201dnun m\u00fcraci\u0259tin\u0259\u00a0cavab olaraq bildirilib ki, t\u0259dris ili m\u00fcdd\u0259tind\u0259 davaml\u0131 olaraq dezinfeksiya i\u015fl\u0259ri apar\u0131l\u0131r:\u00a0\u201c\u00dcmumi t\u0259hsil&hellip;<\/p>\n","protected":false},"author":2,"featured_media":752855,"comment_status":"closed","ping_status":"closed","sticky":false,"template":"","format":"standard","meta":{"om_disable_all_campaigns":false,"_monsterinsights_skip_tracking":false,"_monsterinsights_sitenote_active":false,"_monsterinsights_sitenote_note":"","_monsterinsights_sitenote_category":0},"categories":[19],"tags":[],"aioseo_notices":[],"gutentor_comment":0,"rttpg_featured_image_url":{"full":["https:\/\/arantv.az\/wp-content\/uploads\/2024\/09\/f2189ca22a739826acd91075af47f623.jpg",638,400,false],"landscape":["https:\/\/arantv.az\/wp-content\/uploads\/2024\/09\/f2189ca22a739826acd91075af47f623.jpg",638,400,false],"portraits":["https:\/\/arantv.az\/wp-content\/uploads\/2024\/09\/f2189ca22a739826acd91075af47f623.jpg",638,400,false],"thumbnail":["https:\/\/arantv.az\/wp-content\/uploads\/2024\/09\/f2189ca22a739826acd91075af47f623-500x280.jpg",500,280,true],"medium":["https:\/\/arantv.az\/wp-content\/uploads\/2024\/09\/f2189ca22a739826acd91075af47f623-582x365.jpg",582,365,true],"large":["https:\/\/arantv.az\/wp-content\/uploads\/2024\/09\/f2189ca22a739826acd91075af47f623.jpg",638,400,false],"1536x1536":["https:\/\/arantv.az\/wp-content\/uploads\/2024\/09\/f2189ca22a739826acd91075af47f623.jpg",638,400,false],"2048x2048":["https:\/\/arantv.az\/wp-content\/uploads\/2024\/09\/f2189ca22a739826acd91075af47f623.jpg",638,400,false],"post-thumbnail":["https:\/\/arantv.az\/wp-content\/uploads\/2024\/09\/f2189ca22a739826acd91075af47f623-240x172.jpg",240,172,true],"advps-thumb-one":["https:\/\/arantv.az\/wp-content\/uploads\/2024\/09\/f2189ca22a739826acd91075af47f623.jpg",638,400,false]},"rttpg_author":{"display_name":"V\u00fcsal Rafiqo\u011flu","author_link":"https:\/\/arantv.az\/?author=2"},"rttpg_comment":0,"rttpg_category":"<a href=\"https:\/\/arantv.az\/?cat=19\" rel=\"category\">G\u00fcnd\u0259m<\/a>","rttpg_excerpt":"Sumqay\u0131t \u015f\u0259h\u0259ri 14 n\u00f6mr\u0259li orta m\u0259kt\u0259bd\u0259 sinif otaqlar\u0131n\u0131 bit-bir\u0259 basmas\u0131 il\u0259 ba\u011fl\u0131 iddialar yay\u0131l\u0131b.\u00a0 \u201cQafqazinfo\u201d x\u0259b\u0259r verir ki, bu bar\u0259d\u0259 \u201cSumqay\u0131t 24\u201d\u0259 valideynl\u0259r m\u00fcraci\u0259t edib. Onlar\u0131n s\u00f6zl\u0259rin\u0259 g\u00f6r\u0259, t\u0259dris ilinin ba\u015flamas\u0131na say\u0131l\u0131 g\u00fcnl\u0259r qalsa da, \u00f6vladlar\u0131n\u0131n ad\u0131\u00e7\u0259kil\u0259n m\u0259kt\u0259b\u0259 getm\u0259l\u0259rini ist\u0259mirl\u0259r:\u00a0\u201cHe\u00e7 bir valideyn u\u015fa\u011f\u0131n\u0131n antisanitariya \u015f\u0259raitind\u0259 oxumas\u0131n\u0131 ist\u0259mir. Bundan \u0259lav\u0259, bit-bir\u0259 x\u0259st\u0259lik da\u015f\u0131y\u0131c\u0131s\u0131 say\u0131l\u0131r\u201d. Valideynl\u0259r\u00a0probleml\u0259 ba\u011fl\u0131&hellip;","_links":{"self":[{"href":"https:\/\/arantv.az\/index.php?rest_route=\/wp\/v2\/posts\/752854"}],"collection":[{"href":"https:\/\/arantv.az\/index.php?rest_route=\/wp\/v2\/posts"}],"about":[{"href":"https:\/\/arantv.az\/index.php?rest_route=\/wp\/v2\/types\/post"}],"author":[{"embeddable":true,"href":"https:\/\/arantv.az\/index.php?rest_route=\/wp\/v2\/users\/2"}],"replies":[{"embeddable":true,"href":"https:\/\/arantv.az\/index.php?rest_route=%2Fwp%2Fv2%2Fcomments&post=752854"}],"version-history":[{"count":2,"href":"https:\/\/arantv.az\/index.php?rest_route=\/wp\/v2\/posts\/752854\/revisions"}],"predecessor-version":[{"id":752857,"href":"https:\/\/arantv.az\/index.php?rest_route=\/wp\/v2\/posts\/752854\/revisions\/752857"}],"wp:featuredmedia":[{"embeddable":true,"href":"https:\/\/arantv.az\/index.php?rest_route=\/wp\/v2\/media\/752855"}],"wp:attachment":[{"href":"https:\/\/arantv.az\/index.php?rest_route=%2Fwp%2Fv2%2Fmedia&parent=752854"}],"wp:term":[{"taxonomy":"category","embeddable":true,"href":"https:\/\/arantv.az\/index.php?rest_route=%2Fwp%2Fv2%2Fcategories&post=752854"},{"taxonomy":"post_tag","embeddable":true,"href":"https:\/\/arantv.az\/index.php?rest_route=%2Fwp%2Fv2%2Ftags&post=752854"}],"curies":[{"name":"wp","href":"https:\/\/api.w.org\/{rel}","templated":true}]}}