{"id":752862,"date":"2024-09-13T21:48:57","date_gmt":"2024-09-13T17:48:57","guid":{"rendered":"https:\/\/arantv.az\/?p=752862"},"modified":"2024-09-13T21:48:57","modified_gmt":"2024-09-13T17:48:57","slug":"demokratiyaya-250-milyon-ayiran-antidemokrat-abs-nin-burnu-bu-d%c9%99f%c9%99-d%c9%99-erm%c9%99nistanda","status":"publish","type":"post","link":"https:\/\/arantv.az\/?p=752862","title":{"rendered":"Demokratiyaya 250 milyon ay\u0131ran antidemokrat\u2013 AB\u015e-nin burnu bu d\u0259f\u0259 d\u0259 Erm\u0259nistanda"},"content":{"rendered":"<p><strong>AB\u015e Beyn\u0259lxalq \u0130nki\u015faf Agentliyi (USAID) Erm\u0259nistana be\u015f illik yard\u0131m paketini iki d\u0259f\u0259d\u0259n \u00e7ox art\u0131raraq, 120 milyon dollardan 250 milyon dollara \u00e7atd\u0131r\u0131b.<\/strong><\/p>\n<p>M\u0259lumata g\u00f6r\u0259, v\u0259saitl\u0259r guya demokratik prosesl\u0259r, regional \u0259m\u0259kda\u015fl\u0131q, f\u0259lak\u0259t riskl\u0259rinin idar\u0259 edilm\u0259si, kibert\u0259hl\u00fck\u0259sizlik, \u0259rzaq v\u0259 enerji t\u0259hl\u00fck\u0259sizliyi v\u0259 s. kimi sah\u0259l\u0259r\u0259 y\u00f6n\u0259ldil\u0259c\u0259k. T\u0259bii ki, qeyd olunanlar sad\u0259c\u0259 aysberqin g\u00f6r\u00fcn\u0259n t\u0259r\u0259fidir. \u00a0USA\u0130D-in maliyy\u0259 d\u0259st\u0259yi, \u0259slind\u0259, Q\u0259rbin qon\u015fu \u00f6lk\u0259y\u0259 irimiqyasl\u0131 d\u0259st\u0259yinin bir hiss\u0259sidir v\u0259 bu riyakar plan\u0131n \u0259sas\u0131 bu ilin aprelin 5-d\u0259 AB\u015e, Avropa \u0130ttifaq\u0131 v\u0259 Erm\u0259nistan \u00fc\u00e7t\u0259r\u0259fli g\u00f6r\u00fc\u015f\u00fcnd\u0259 qoyulub. Qeyri-\u015f\u0259ffaf, qeyri-inkl\u00fcziv xarakter da\u015f\u0131yan bu g\u00f6r\u00fc\u015f Az\u0259rbaycan\u0131n haql\u0131 iradlar\u0131na baxmayaraq, t\u0259xir\u0259 sal\u0131nmad\u0131.<\/p>\n<p>T\u0259sad\u00fcfi deyil ki, C\u0259nubi Qafqazda s\u00fclh\u0259, \u0259m\u0259kda\u015fl\u0131\u011fa deyil, ayr\u0131c\u0131 x\u0259tl\u0259rin v\u0259 n\u0259tic\u0259 etibaril\u0259 g\u0259rginliyin yaranmas\u0131na g\u0259tirib \u00e7\u0131xaraca\u011f\u0131n\u0131 Prezident \u0130lham \u018fliyev AB\u015e D\u00f6vl\u0259t katibi Antoni Blinkenl\u0259 telefon dan\u0131\u015f\u0131\u011f\u0131 zaman\u0131 q\u0259ti \u015f\u0259kild\u0259 bildirib.<\/p>\n<p>\u00dc\u00e7t\u0259r\u0259fli g\u00f6r\u00fc\u015f\u0259 haz\u0131rl\u0131q prosesind\u0259 Erm\u0259nistana h\u0259rbi d\u0259st\u0259k v\u0259 birg\u0259 h\u0259rbi t\u0259liml\u0259rin ke\u00e7irilm\u0259si, Az\u0259rbaycan il\u0259 s\u0259rh\u0259dyan\u0131 \u0259razil\u0259rd\u0259 h\u0259rbi infrastrukturun yarad\u0131lmas\u0131, Avropa \u0130ttifaq\u0131n\u0131n Avropa s\u00fclh mexanizmi x\u0259tti il\u0259 v\u0259 AB\u015e b\u00fcdc\u0259si hesab\u0131na Erm\u0259nistan\u0131n silahland\u0131r\u0131lmas\u0131 kimi m\u0259s\u0259l\u0259l\u0259rl\u0259 ba\u011fl\u0131 AB\u015e t\u0259r\u0259fi il\u0259 m\u00fczakir\u0259 apar\u0131l\u0131b. D\u00f6vl\u0259t ba\u015f\u00e7\u0131s\u0131 anti-Az\u0259rbaycan mahiyy\u0259ti da\u015f\u0131yan bu kimi add\u0131mlar\u0131n, o c\u00fcml\u0259d\u0259n Fransa t\u0259r\u0259find\u0259n d\u0259 Erm\u0259nistan\u0131n silahland\u0131r\u0131lmas\u0131 siyas\u0259tinin regionda silah yar\u0131\u015f\u0131na r\u0259vac verdiyini v\u0259 t\u0259xribatlara g\u0259tirib \u00e7\u0131xaraca\u011f\u0131n\u0131 vur\u011fulay\u0131b.<\/p>\n<p>Maraql\u0131d\u0131r ki, Blinken 5 aprel g\u00f6r\u00fc\u015f\u00fcn\u00fcn Az\u0259rbaycana qar\u015f\u0131 olmad\u0131\u011f\u0131n\u0131 vur\u011fulasa da, sonradan at\u0131lan add\u0131m bunun tam \u0259ksini ortaya qoydu.<\/p>\n<p>Son vaxtlar Q\u0259rb \u00f6lk\u0259l\u0259rinin, Parisin \u0130r\u0259vana g\u00f6st\u0259ril\u0259n h\u0259rbi v\u0259 siyasi d\u0259st\u0259k , Va\u015finqtonun\u00a0 ba\u015fqa adlar alt\u0131nda etdiyi h\u0259rbi yard\u0131mlar\u0131 Nikol Pa\u015finyan\u0131 t\u0259r\u0259f olma\u011fa vadar edir. Bu is\u0259\u00a0 Az\u0259rbaycan il\u0259 Erm\u0259nistan, T\u00fcrkiy\u0259-Erm\u0259nistan m\u00fcnasib\u0259tl\u0259rin\u0259 x\u0259l\u0259l g\u0259tirir.<\/p>\n<p>Burada erm\u0259ni diasporunun rolu dan\u0131lmazd\u0131r. B\u00fct\u00fcn bunlar\u0131n diplomatik dan\u0131\u015f\u0131qlara t\u0259sirsiz \u00f6t\u00fc\u015fm\u0259y\u0259c\u0259yi d\u0259 a\u015fkard\u0131r.<\/p>\n<p><img src=\"https:\/\/apa.az\/storage\/news\/2023\/july\/26\/big\/64c10cc93e84a64c10cc93e84b169037332164c10cc93e84664c10cc93e848.jpg\" alt=\"Deputat Arzu Na\u011f\u0131yev \u201c\u015e\u00f6hr\u0259t\u201d ordeni il\u0259 t\u0259ltif edilib\" \/><\/p>\n<p>Politoloq Arzu Na\u011f\u0131yev Musavat.com-a a\u00e7\u0131qlamas\u0131nda deyib ki, Q\u0259rb Erm\u0259nistana bu yard\u0131m\u0131 n\u0259 say\u011f\u0131dan, n\u0259 d\u0259 r\u0259\u011fb\u0259td\u0259n etmir.\u00a0 \u018fsas m\u0259s\u0259l\u0259 ondan ibar\u0259tdir ki, Q\u0259rb Erm\u0259nistan vasit\u0259si il\u0259 \u00f6z m\u0259krli siyas\u0259tini C\u0259nubi Qafqazda h\u0259yata ke\u00e7irm\u0259k ist\u0259yir:<\/p>\n<p>\u201cBunun bir ne\u00e7\u0259 k\u00f6k\u00fc var. Az\u0259rbaycan 44 g\u00fcnl\u00fck m\u00fcharib\u0259d\u0259 \u0259razi b\u00fct\u00f6vl\u00fcy\u00fcn\u00fc b\u0259rpa ed\u0259rk\u0259n m\u00fcst\u0259qil siyas\u0259t y\u00fcr\u00fctd\u00fc v\u0259 vaxt\u0131 il\u0259 BMT-nin icra olunmayan\u00a0 4 q\u0259tnam\u0259sini tam \u015f\u0259kild\u0259 \u00f6z\u00fc h\u0259yata ke\u00e7irdi. AB\u015e v\u0259 Q\u0259rb dair\u0259l\u0259ri he\u00e7 bir v\u0259chl\u0259 bununla bar\u0131\u015fa bilmirl\u0259r.<\/p>\n<p>\u00c7\u00fcnki vaxtil\u0259 i\u015f\u011fal alt\u0131nda olan \u0259razil\u0259rd\u0259n \u00f6zl\u0259ri \u00fc\u00e7\u00fcn iqtisadi g\u0259lirl\u0259rin \u0259ld\u0259 olunmas\u0131nda, h\u0259rbi m\u0259s\u0259l\u0259l\u0259rd\u0259, qa\u00e7aqmal\u00e7\u0131l\u0131qda v\u0259 bu kimi dig\u0259r hallarda\u00a0 istifad\u0259 olunub.<\/p>\n<p>Rusiyan\u0131n C\u0259nubi Qafqazda n\u00fcfuzunu azaltmaq v\u0259 Erm\u0259nistan\u0131 vassal kimi istifad\u0259 etm\u0259k \u00fc\u00e7\u00fcn bel\u0259 siyas\u0259tl\u0259 m\u0259\u015f\u011fuldurlar. \u00dcmumiyy\u0259tl\u0259, AB\u015e v\u0259 Q\u0259rb\u00a0 unutmamal\u0131d\u0131r ki, Rusiya regiondan ged\u0259si deyil.<\/p>\n<p>Ukraynada fiaskoya u\u011fram\u0131\u015f siyas\u0259ti ilk olaraq Ki\u015finyov vasit\u0259si il\u0259 h\u0259yata ke\u00e7irm\u0259k ist\u0259dil\u0259r. \u0130ndi d\u0259 bu prosesl\u0259ri Erm\u0259nistan\u0131n \u00fcz\u0259rind\u0259n edirl\u0259r. \u00c7\u00fcnki Erm\u0259nistan\u0131n bu g\u00fcn m\u00fcst\u0259qil daxili v\u0259 xarici siyas\u0259ti yoxdur. M\u0259hz buna g\u00f6r\u0259 d\u0259 ondan istifad\u0259 olunur.<\/p>\n<p>Az\u0259rbaycan is\u0259 prosesl\u0259ri diqq\u0259tl\u0259 izl\u0259yir v\u0259 siyas\u0259tini gedi\u015fata uy\u011fun qurur. \u00d6lk\u0259miz t\u0259hlill\u0259r apar\u0131r v\u0259 he\u00e7 vaxt bu prosesl\u0259rd\u0259 Q\u0259rbin t\u0259xribat\u00e7\u0131 h\u0259r\u0259k\u0259tl\u0259rin\u0259 uymur. H\u0259r hans\u0131sa yard\u0131m\u0131n edilm\u0259sin\u0259 baxmayaraq, \u0259razi b\u00fct\u00f6vl\u00fcy\u00fcm\u00fcz\u00fc\u00a0 he\u00e7 kim\u0259 b\u0259x\u015f ed\u0259si deyilik.<\/p>\n<p>Beyn\u0259lxalq t\u0259\u015fkilatlar \u00f6z m\u0259krli siyas\u0259tini h\u0259yata ke\u00e7irm\u0259k \u00fc\u00e7\u00fcn bu yard\u0131mlar\u0131 edirl\u0259r. Min kilometrl\u0259rl\u0259 uzaqdan g\u0259lib he\u00e7 vaxt burada Erm\u0259nistan\u0131 m\u00fcdafi\u0259 ed\u0259n deyill\u0259r.<\/p>\n<p>\u00c7ox t\u0259\u0259ss\u00fcf ki, \u0130ran b\u00fct\u00fcn bunlara susur, NATO qo\u015funlar\u0131ndan ibar\u0259t k\u0259\u015ffiyyat\u00e7\u0131lar\u0131n \u00f6z \u0259razisin\u0259 yax\u0131n bir m\u0259saf\u0259d\u0259 y\u0131\u011f\u0131lmas\u0131na imkan verir. Bel\u0259 prosesl\u0259r \u00e7ox ciddi f\u0259sadlara g\u0259tirib \u00e7\u0131xara bil\u0259r.<\/p>\n<p>Prosesl\u0259r g\u00f6st\u0259rir ki, C\u0259nubi Qafqazda Rusiya il\u0259 AB\u015e aras\u0131nda ciddi m\u00fcbariz\u0259 gedir. Bu g\u0259rginlik fonunda\u00a0 Erm\u0259nistan bir istifad\u0259 al\u0259tidir\u201d.<\/p>\n<p><strong>\u015eahan\u0259 R\u0259himli<br \/>\n<\/strong><strong>Musavat.com<\/strong><\/p>\n","protected":false},"excerpt":{"rendered":"<p>AB\u015e Beyn\u0259lxalq \u0130nki\u015faf Agentliyi (USAID) Erm\u0259nistana be\u015f illik yard\u0131m paketini iki d\u0259f\u0259d\u0259n \u00e7ox art\u0131raraq, 120 milyon dollardan 250 milyon dollara \u00e7atd\u0131r\u0131b. M\u0259lumata g\u00f6r\u0259, v\u0259saitl\u0259r guya demokratik prosesl\u0259r, regional \u0259m\u0259kda\u015fl\u0131q, f\u0259lak\u0259t riskl\u0259rinin idar\u0259 edilm\u0259si, kibert\u0259hl\u00fck\u0259sizlik, \u0259rzaq v\u0259 enerji t\u0259hl\u00fck\u0259sizliyi v\u0259 s. kimi sah\u0259l\u0259r\u0259 y\u00f6n\u0259ldil\u0259c\u0259k. T\u0259bii ki, qeyd olunanlar sad\u0259c\u0259 aysberqin g\u00f6r\u00fcn\u0259n t\u0259r\u0259fidir. \u00a0USA\u0130D-in maliyy\u0259 d\u0259st\u0259yi, \u0259slind\u0259, Q\u0259rbin qon\u015fu \u00f6lk\u0259y\u0259 irimiqyasl\u0131 d\u0259st\u0259yinin bir hiss\u0259sidir v\u0259 bu riyakar plan\u0131n \u0259sas\u0131 bu ilin aprelin 5-d\u0259 AB\u015e, Avropa \u0130ttifaq\u0131 v\u0259 Erm\u0259nistan \u00fc\u00e7t\u0259r\u0259fli g\u00f6r\u00fc\u015f\u00fcnd\u0259 qoyulub. Qeyri-\u015f\u0259ffaf, qeyri-inkl\u00fcziv xarakter da\u015f\u0131yan bu g\u00f6r\u00fc\u015f Az\u0259rbaycan\u0131n haql\u0131 iradlar\u0131na baxmayaraq, t\u0259xir\u0259&hellip;<\/p>\n","protected":false},"author":2,"featured_media":752863,"comment_status":"closed","ping_status":"closed","sticky":false,"template":"","format":"standard","meta":{"om_disable_all_campaigns":false,"_monsterinsights_skip_tracking":false,"_monsterinsights_sitenote_active":false,"_monsterinsights_sitenote_note":"","_monsterinsights_sitenote_category":0},"categories":[7],"tags":[],"aioseo_notices":[],"gutentor_comment":0,"rttpg_featured_image_url":{"full":["https:\/\/arantv.az\/wp-content\/uploads\/2024\/09\/0c4d8503207c2c9588851c3f6ba9da7c.jpg",620,412,false],"landscape":["https:\/\/arantv.az\/wp-content\/uploads\/2024\/09\/0c4d8503207c2c9588851c3f6ba9da7c.jpg",620,412,false],"portraits":["https:\/\/arantv.az\/wp-content\/uploads\/2024\/09\/0c4d8503207c2c9588851c3f6ba9da7c.jpg",620,412,false],"thumbnail":["https:\/\/arantv.az\/wp-content\/uploads\/2024\/09\/0c4d8503207c2c9588851c3f6ba9da7c-500x280.jpg",500,280,true],"medium":["https:\/\/arantv.az\/wp-content\/uploads\/2024\/09\/0c4d8503207c2c9588851c3f6ba9da7c-549x365.jpg",549,365,true],"large":["https:\/\/arantv.az\/wp-content\/uploads\/2024\/09\/0c4d8503207c2c9588851c3f6ba9da7c.jpg",620,412,false],"1536x1536":["https:\/\/arantv.az\/wp-content\/uploads\/2024\/09\/0c4d8503207c2c9588851c3f6ba9da7c.jpg",620,412,false],"2048x2048":["https:\/\/arantv.az\/wp-content\/uploads\/2024\/09\/0c4d8503207c2c9588851c3f6ba9da7c.jpg",620,412,false],"post-thumbnail":["https:\/\/arantv.az\/wp-content\/uploads\/2024\/09\/0c4d8503207c2c9588851c3f6ba9da7c-240x172.jpg",240,172,true],"advps-thumb-one":["https:\/\/arantv.az\/wp-content\/uploads\/2024\/09\/0c4d8503207c2c9588851c3f6ba9da7c.jpg",620,412,false]},"rttpg_author":{"display_name":"V\u00fcsal Rafiqo\u011flu","author_link":"https:\/\/arantv.az\/?author=2"},"rttpg_comment":0,"rttpg_category":"<a href=\"https:\/\/arantv.az\/?cat=7\" rel=\"category\">D\u00fcnya<\/a>","rttpg_excerpt":"AB\u015e Beyn\u0259lxalq \u0130nki\u015faf Agentliyi (USAID) Erm\u0259nistana be\u015f illik yard\u0131m paketini iki d\u0259f\u0259d\u0259n \u00e7ox art\u0131raraq, 120 milyon dollardan 250 milyon dollara \u00e7atd\u0131r\u0131b. M\u0259lumata g\u00f6r\u0259, v\u0259saitl\u0259r guya demokratik prosesl\u0259r, regional \u0259m\u0259kda\u015fl\u0131q, f\u0259lak\u0259t riskl\u0259rinin idar\u0259 edilm\u0259si, kibert\u0259hl\u00fck\u0259sizlik, \u0259rzaq v\u0259 enerji t\u0259hl\u00fck\u0259sizliyi v\u0259 s. kimi sah\u0259l\u0259r\u0259 y\u00f6n\u0259ldil\u0259c\u0259k. T\u0259bii ki, qeyd olunanlar sad\u0259c\u0259 aysberqin g\u00f6r\u00fcn\u0259n t\u0259r\u0259fidir. \u00a0USA\u0130D-in maliyy\u0259 d\u0259st\u0259yi, \u0259slind\u0259,&hellip;","_links":{"self":[{"href":"https:\/\/arantv.az\/index.php?rest_route=\/wp\/v2\/posts\/752862"}],"collection":[{"href":"https:\/\/arantv.az\/index.php?rest_route=\/wp\/v2\/posts"}],"about":[{"href":"https:\/\/arantv.az\/index.php?rest_route=\/wp\/v2\/types\/post"}],"author":[{"embeddable":true,"href":"https:\/\/arantv.az\/index.php?rest_route=\/wp\/v2\/users\/2"}],"replies":[{"embeddable":true,"href":"https:\/\/arantv.az\/index.php?rest_route=%2Fwp%2Fv2%2Fcomments&post=752862"}],"version-history":[{"count":1,"href":"https:\/\/arantv.az\/index.php?rest_route=\/wp\/v2\/posts\/752862\/revisions"}],"predecessor-version":[{"id":752864,"href":"https:\/\/arantv.az\/index.php?rest_route=\/wp\/v2\/posts\/752862\/revisions\/752864"}],"wp:featuredmedia":[{"embeddable":true,"href":"https:\/\/arantv.az\/index.php?rest_route=\/wp\/v2\/media\/752863"}],"wp:attachment":[{"href":"https:\/\/arantv.az\/index.php?rest_route=%2Fwp%2Fv2%2Fmedia&parent=752862"}],"wp:term":[{"taxonomy":"category","embeddable":true,"href":"https:\/\/arantv.az\/index.php?rest_route=%2Fwp%2Fv2%2Fcategories&post=752862"},{"taxonomy":"post_tag","embeddable":true,"href":"https:\/\/arantv.az\/index.php?rest_route=%2Fwp%2Fv2%2Ftags&post=752862"}],"curies":[{"name":"wp","href":"https:\/\/api.w.org\/{rel}","templated":true}]}}