{"id":752885,"date":"2024-09-14T09:24:00","date_gmt":"2024-09-14T05:24:00","guid":{"rendered":"https:\/\/arantv.az\/?p=752885"},"modified":"2024-09-14T09:24:00","modified_gmt":"2024-09-14T05:24:00","slug":"ilham-%c9%99liyev-x%c9%99qani-baginda-yaradilan-s%c9%99raitl%c9%99-tanis-olubfoto","status":"publish","type":"post","link":"https:\/\/arantv.az\/?p=752885","title":{"rendered":"\u0130lham \u018fliyev &#8220;X\u0259qani&#8221; ba\u011f\u0131nda yarad\u0131lan \u015f\u0259raitl\u0259 tan\u0131\u015f olubFOTO"},"content":{"rendered":"<div class=\"text-content\" data-id=\"\" data-url=\"\">\n<p>Az\u0259rbaycan Respublikas\u0131n\u0131n Prezidenti \u0130lham \u018fliyev sentyabr\u0131n 14-d\u0259 Bak\u0131n\u0131n S\u0259bail rayonunda yerl\u0259\u015f\u0259n &#8220;X\u0259qani&#8221; ba\u011f\u0131nda v\u0259 \u0259traf \u0259razil\u0259rd\u0259 apar\u0131lm\u0131\u015f abadl\u0131q v\u0259 yenid\u0259nqurma i\u015fl\u0259rind\u0259n sonra yarad\u0131lan \u015f\u0259raitl\u0259 tan\u0131\u015f olub.<\/p>\n<p>Bununla ba\u011fl\u0131 AZ\u018fRTAC m\u0259lumat yay\u0131b.<\/p>\n<p><img src=\"https:\/\/qafqazinfo.az\/uploads\/1726290939\/prez1.jpg\" alt=\"prezident-xeqani-baginda-yaradilan-seraitle-tanis-oldu\" \/><\/p>\n<\/div>\n<div><\/div>\n<div><\/div>\n<div class=\"inner-social-box\">\n<div class=\"subs-in-social subs-whatsapp\"><\/div>\n<\/div>\n","protected":false},"excerpt":{"rendered":"<p>Az\u0259rbaycan Respublikas\u0131n\u0131n Prezidenti \u0130lham \u018fliyev sentyabr\u0131n 14-d\u0259 Bak\u0131n\u0131n S\u0259bail rayonunda yerl\u0259\u015f\u0259n &#8220;X\u0259qani&#8221; ba\u011f\u0131nda v\u0259 \u0259traf \u0259razil\u0259rd\u0259 apar\u0131lm\u0131\u015f abadl\u0131q v\u0259 yenid\u0259nqurma i\u015fl\u0259rind\u0259n sonra yarad\u0131lan \u015f\u0259raitl\u0259 tan\u0131\u015f olub. Bununla ba\u011fl\u0131 AZ\u018fRTAC m\u0259lumat yay\u0131b.<\/p>\n","protected":false},"author":2,"featured_media":752886,"comment_status":"closed","ping_status":"closed","sticky":false,"template":"","format":"standard","meta":{"om_disable_all_campaigns":false,"_monsterinsights_skip_tracking":false,"_monsterinsights_sitenote_active":false,"_monsterinsights_sitenote_note":"","_monsterinsights_sitenote_category":0},"categories":[4],"tags":[],"aioseo_notices":[],"gutentor_comment":0,"rttpg_featured_image_url":{"full":["https:\/\/arantv.az\/wp-content\/uploads\/2024\/09\/4c66869595cc64c4d557521694bb00b1.jpg",637,400,false],"landscape":["https:\/\/arantv.az\/wp-content\/uploads\/2024\/09\/4c66869595cc64c4d557521694bb00b1.jpg",637,400,false],"portraits":["https:\/\/arantv.az\/wp-content\/uploads\/2024\/09\/4c66869595cc64c4d557521694bb00b1.jpg",637,400,false],"thumbnail":["https:\/\/arantv.az\/wp-content\/uploads\/2024\/09\/4c66869595cc64c4d557521694bb00b1-500x280.jpg",500,280,true],"medium":["https:\/\/arantv.az\/wp-content\/uploads\/2024\/09\/4c66869595cc64c4d557521694bb00b1-581x365.jpg",581,365,true],"large":["https:\/\/arantv.az\/wp-content\/uploads\/2024\/09\/4c66869595cc64c4d557521694bb00b1.jpg",637,400,false],"1536x1536":["https:\/\/arantv.az\/wp-content\/uploads\/2024\/09\/4c66869595cc64c4d557521694bb00b1.jpg",637,400,false],"2048x2048":["https:\/\/arantv.az\/wp-content\/uploads\/2024\/09\/4c66869595cc64c4d557521694bb00b1.jpg",637,400,false],"post-thumbnail":["https:\/\/arantv.az\/wp-content\/uploads\/2024\/09\/4c66869595cc64c4d557521694bb00b1-240x172.jpg",240,172,true],"advps-thumb-one":["https:\/\/arantv.az\/wp-content\/uploads\/2024\/09\/4c66869595cc64c4d557521694bb00b1.jpg",637,400,false]},"rttpg_author":{"display_name":"V\u00fcsal Rafiqo\u011flu","author_link":"https:\/\/arantv.az\/?author=2"},"rttpg_comment":0,"rttpg_category":"<a href=\"https:\/\/arantv.az\/?cat=4\" rel=\"category\">Siyas\u0259t<\/a>","rttpg_excerpt":"Az\u0259rbaycan Respublikas\u0131n\u0131n Prezidenti \u0130lham \u018fliyev sentyabr\u0131n 14-d\u0259 Bak\u0131n\u0131n S\u0259bail rayonunda yerl\u0259\u015f\u0259n &#8220;X\u0259qani&#8221; ba\u011f\u0131nda v\u0259 \u0259traf \u0259razil\u0259rd\u0259 apar\u0131lm\u0131\u015f abadl\u0131q v\u0259 yenid\u0259nqurma i\u015fl\u0259rind\u0259n sonra yarad\u0131lan \u015f\u0259raitl\u0259 tan\u0131\u015f olub. Bununla ba\u011fl\u0131 AZ\u018fRTAC m\u0259lumat yay\u0131b.","_links":{"self":[{"href":"https:\/\/arantv.az\/index.php?rest_route=\/wp\/v2\/posts\/752885"}],"collection":[{"href":"https:\/\/arantv.az\/index.php?rest_route=\/wp\/v2\/posts"}],"about":[{"href":"https:\/\/arantv.az\/index.php?rest_route=\/wp\/v2\/types\/post"}],"author":[{"embeddable":true,"href":"https:\/\/arantv.az\/index.php?rest_route=\/wp\/v2\/users\/2"}],"replies":[{"embeddable":true,"href":"https:\/\/arantv.az\/index.php?rest_route=%2Fwp%2Fv2%2Fcomments&post=752885"}],"version-history":[{"count":1,"href":"https:\/\/arantv.az\/index.php?rest_route=\/wp\/v2\/posts\/752885\/revisions"}],"predecessor-version":[{"id":752887,"href":"https:\/\/arantv.az\/index.php?rest_route=\/wp\/v2\/posts\/752885\/revisions\/752887"}],"wp:featuredmedia":[{"embeddable":true,"href":"https:\/\/arantv.az\/index.php?rest_route=\/wp\/v2\/media\/752886"}],"wp:attachment":[{"href":"https:\/\/arantv.az\/index.php?rest_route=%2Fwp%2Fv2%2Fmedia&parent=752885"}],"wp:term":[{"taxonomy":"category","embeddable":true,"href":"https:\/\/arantv.az\/index.php?rest_route=%2Fwp%2Fv2%2Fcategories&post=752885"},{"taxonomy":"post_tag","embeddable":true,"href":"https:\/\/arantv.az\/index.php?rest_route=%2Fwp%2Fv2%2Ftags&post=752885"}],"curies":[{"name":"wp","href":"https:\/\/api.w.org\/{rel}","templated":true}]}}