{"id":752888,"date":"2024-09-14T09:25:32","date_gmt":"2024-09-14T05:25:32","guid":{"rendered":"https:\/\/arantv.az\/?p=752888"},"modified":"2024-09-14T09:25:32","modified_gmt":"2024-09-14T05:25:32","slug":"erm%c9%99nistan-abs-la-bagli-bu-addimi-atacaq-bakidan-sok-x%c9%99b%c9%99rdarliq","status":"publish","type":"post","link":"https:\/\/arantv.az\/?p=752888","title":{"rendered":"Erm\u0259nistan AB\u015e-la ba\u011fl\u0131 BU ADDIMI atacaq &#8211; Bak\u0131dan \u015eOK X\u018fB\u018fRDARLIQ"},"content":{"rendered":"<p><strong>A\u011f Ev erm\u0259ni revan\u015fizmin\u0259 d\u0259st\u0259k istiqam\u0259tind\u0259 yanl\u0131\u015f add\u0131mlardan \u00e7\u0259kil\u0259c\u0259kmi &#8211; ekspertl\u0259rin g\u00f6zl\u0259ntil\u0259ri; \u201cAz\u0259rbaycan \u00f6z\u00fcn\u00fcn \u0259razi b\u00fct\u00f6vl\u00fcy\u00fcn\u00fc t\u0259min etdiyin\u0259 g\u00f6r\u0259, bu c\u00fcr t\u0259xribatlara \u0259l at\u0131l\u0131r\u201d<\/strong><\/p>\n<p><em>Bu g\u00fcnl\u0259rd\u0259 AB\u015e-\u0131n Beyn\u0259lxalq \u0130nki\u015faf Agentliyinin (USAID) Erm\u0259nistana 5 illik yard\u0131m paketini iki d\u0259f\u0259d\u0259n \u00e7ox art\u0131raraq, 120 milyon dollardan 250 milyon dollara \u00e7atd\u0131rmas\u0131 bar\u0259d\u0259 x\u0259b\u0259r verilib. Bu fakt AB\u015e-Avropa Birliyi-Erm\u0259nistan \u00fc\u00e7l\u00fc formatda Br\u00fcsseld\u0259 2024-c\u00fc ilin 5 aprelind\u0259 \u0259ld\u0259 olunmu\u015f anla\u015fman\u0131n ruhuna tam uy\u011fun g\u0259lir.<\/em><\/p>\n<p>M\u0259lumdur ki, gizli h\u0259rbi yard\u0131m elementl\u0259rini d\u0259 \u00f6z\u00fcnd\u0259 ehtiva ed\u0259n v\u0259 Bak\u0131n\u0131n haql\u0131 naraz\u0131l\u0131\u011f\u0131na s\u0259b\u0259b olan h\u0259min anla\u015fmada \u0259sas h\u0259d\u0259f, h\u0259rbi element daxil olmaqla, Erm\u0259nistan\u0131 Az\u0259rbaycana qar\u015f\u0131 h\u0259r c\u0259h\u0259tc\u0259 g\u00fccl\u0259ndirm\u0259kdir. T\u0259bii ki, bel\u0259 olan sur\u0259td\u0259 \u0130r\u0259van he\u00e7 bir \u0259dal\u0259tli s\u00fclh m\u00fcqavil\u0259sind\u0259 maraql\u0131 olmayacaq. T\u0259sad\u00fcfi deyil ki, m\u0259hz 5 aprel anla\u015fmas\u0131ndan sonra Erm\u0259nistan\u0131n Q\u0259rbl\u0259, \u00f6z\u0259llikl\u0259 AB\u015e v\u0259 Fransa il\u0259 h\u0259rbi sah\u0259d\u0259 \u0259m\u0259kda\u015fl\u0131\u011f\u0131 g\u00fccl\u0259nib. Orada AB\u015e il\u0259 birg\u0259 bir ne\u00e7\u0259 h\u0259rbi t\u0259lim ke\u00e7irilib, Pentaqon n\u00fcmay\u0259nd\u0259si art\u0131q Erm\u0259nistan M\u00fcdafi\u0259 Nazirliyind\u0259 oturur.<\/p>\n<p>Bu da maraql\u0131d\u0131r ki, yen\u0259 m\u0259hz 5 aprel g\u00f6r\u00fc\u015f\u00fcnd\u0259n sonra Erm\u0259nistan\u0131n operativ \u015f\u0259kild\u0259 \u0130r\u0259van hava liman\u0131ndan Rusiya s\u0259rh\u0259d\u00e7il\u0259ri \u00e7\u0131xar\u0131l\u0131b, ard\u0131nca AB\u015e-\u0131n t\u0259yyar\u0259l\u0259rl\u0259 Erm\u0259nistana silah v\u0259 h\u0259rbi hey\u0259t g\u00f6nd\u0259rilm\u0259si v\u0259 onun Q\u0259rbi Z\u0259ng\u0259zurda yerl\u0259\u015fdirilm\u0259si bar\u0259d\u0259 s\u0259hih x\u0259b\u0259rl\u0259r yay\u0131l\u0131b. AB\u015e-\u0131n Erm\u0259nistan\u0131 n\u0259zar\u0259t\u0259 g\u00f6t\u00fcrm\u0259sind\u0259, s\u00f6zs\u00fcz ki, USAID-\u0259 m\u0259xsusi yer ayr\u0131l\u0131r. Onun r\u0259hb\u0259ri &#8211; Samanta Pauerin is\u0259 art\u0131q tarixd\u0259 qalm\u0131\u015f qondarma rejimin ke\u00e7mi\u015f \u201cd\u00f6vl\u0259t naziri\u201d, haz\u0131rda Bak\u0131 t\u0259cridxanas\u0131nda olan quldur Ruben Vardanyanla s\u0131x \u0259laq\u0259l\u0259ri olub. H\u0259tta Vardanyan\u0131n maliyy\u0259l\u0259\u015fdirdiyi \u201cAvropa\u201d m\u00fckafat komit\u0259sind\u0259 S.Pauer d\u0259 yer al\u0131b.<\/p>\n<p><strong>Bel\u0259c\u0259, AB\u015e d\u00f6vl\u0259t maraqlar\u0131n\u0131n realla\u015fd\u0131r\u0131lmas\u0131 il\u0259 m\u0259\u015f\u011ful olan USA\u0130D t\u0259\u015fkilat\u0131 h\u0259m d\u0259 erm\u0259ni lobbisinin \u0259lind\u0259 al\u0259t rolundad\u0131r. Yada salaq ki, USA\u0130D erm\u0259nip\u0259r\u0259st t\u0259\u015fkilatlardan biri kimi Az\u0259rbaycan\u0131 qorxutmaq v\u0259zif\u0259sini d\u0259 \u00f6z \u00fcz\u0259rin\u0259 g\u00f6t\u00fcr\u00fcb. Xan\u0131m Pauer bu il \u0130r\u0259vana n\u00f6vb\u0259ti s\u0259f\u0259ri zaman\u0131 demi\u015fdi ki, \u201cQaraba\u011fda ba\u015f ver\u0259n hadis\u0259l\u0259r AB\u015e D\u00f6vl\u0259t Departamenti s\u0259viyy\u0259sind\u0259 \u00f6yr\u0259nilir\u201d. G\u00f6r\u0259s\u0259n n\u0259yi \u00f6yr\u0259nm\u0259yi planla\u015fd\u0131r\u0131r D\u00f6vl\u0259t Departamenti?<\/strong><\/p>\n<p><em>Xat\u0131rladaq ki, 2023-c\u00fc ilin sentyabr\u0131nda Qaraba\u011fda apar\u0131lan antiterror t\u0259dbirl\u0259rin\u0259 toxunan Pauer habel\u0259 Qaraba\u011fdan qovuldu\u011fu iddia edil\u0259n erm\u0259nil\u0259rl\u0259 b\u0259zi s\u0259n\u0259dl\u0259\u015fdirilmi\u015f m\u00fcsahib\u0259l\u0259rl\u0259 Bak\u0131n\u0131 t\u0259hdid etm\u0259k ist\u0259mi\u015fdi. Lakin Qaraba\u011fdan k\u00f6n\u00fcll\u00fc ged\u0259n erm\u0259nil\u0259rl\u0259 g\u00f6r\u00fc\u015fs\u0259 d\u0259, Erm\u0259nistandan olan az\u0259rbaycanl\u0131 qa\u00e7q\u0131n v\u0259 Qaraba\u011fdan m\u0259cburi k\u00f6\u00e7k\u00fcnl\u0259rl\u0259 bir araya g\u0259lm\u0259kd\u0259n imtina etmi\u015fdi. B\u00fct\u00fcn bunlara g\u00f6r\u0259 d\u0259 \u00f6t\u0259n ilin noyabr\u0131nda Az\u0259rbaycan Prezidentinin k\u00f6m\u0259k\u00e7isi Hikm\u0259t Hac\u0131yev \u201c\u00f6lk\u0259d\u0259 art\u0131q USA\u0130D-in f\u0259aliyy\u0259tin\u0259 yer olmad\u0131\u011f\u0131n\u0131\u201d bildirmi\u015fdi&#8230;<\/em><\/p>\n<p>Son ba\u015f ver\u0259nl\u0259ri AB\u015e-\u0131n Qafqazda geosiyasi s\u0259rh\u0259dl\u0259r \u00e7\u0259km\u0259si kimi qiym\u0259tl\u0259ndirm\u0259k laz\u0131m g\u0259lir. Ba\u015fqa s\u00f6zl\u0259, Q\u0259rb \u00f6lk\u0259l\u0259ri regionda Erm\u0259nistan\u0131 \u00f6z bastionuna \u00e7evirm\u0259k ist\u0259yir. Bu m\u0259qs\u0259dl\u0259 h\u0259m\u00e7inin Fransa t\u0259r\u0259find\u0259n Erm\u0259nistana g\u00f6st\u0259ril\u0259n h\u0259rbi v\u0259 siyasi d\u0259st\u0259k bilavasit\u0259 Va\u015f\u0131nqtondan koordinasiya edilir. \u018fn t\u0259hl\u00fck\u0259lisi odur ki, Va\u015finqton kapitulyant \u00f6lk\u0259y\u0259 siyasi, iqtisadi v\u0259 x\u00fcsus\u0259n d\u0259 h\u0259rbi d\u0259st\u0259k verm\u0259kl\u0259 orada revan\u015fizmi k\u00f6r\u00fckl\u0259yir, s\u00fclh dan\u0131\u015f\u0131qlar\u0131na \u201cp\u0259l vurur\u201d. M\u0259ntiql\u0259 AB\u015e regionda real b\u00f6y\u00fck s\u00fclh ist\u0259yirs\u0259, Erm\u0259nistana birt\u0259r\u0259fli d\u0259st\u0259yi, x\u00fcsus\u0259n h\u0259rbi k\u00f6m\u0259yi dayand\u0131rmal\u0131d\u0131r. H\u0259m d\u0259 o s\u0259b\u0259b\u0259 ki, \u201cq\u0259rb\u00e7i\u201d Pa\u015finyan he\u00e7 d\u0259 Birl\u0259\u015fmi\u015f \u015etatlar\u0131n t\u0259l\u0259b etdiyi kimi, \u00f6lk\u0259sini Rusiya orbitind\u0259n uzaqla\u015fd\u0131rma\u011fa haz\u0131rla\u015fm\u0131r. Ger\u00e7\u0259k budur ki, Erm\u0259nistan h\u0259l\u0259 d\u0259 n\u0259 KTMT-d\u0259n, n\u0259 Avrasiya \u0130qtisadi ittifaq\u0131ndan \u00e7\u0131x\u0131b. Erm\u0259nistanda Rusiyan\u0131n 102 sayl\u0131 h\u0259rbi bazas\u0131, Rusiya-Erm\u0259nistan birg\u0259 h\u0259rbi qrupla\u015fmas\u0131, birg\u0259 havadan m\u00fcdafi\u0259 sisteml\u0259ri f\u0259aliyy\u0259t g\u00f6st\u0259rir. T\u00fcrkiy\u0259 v\u0259 \u0130ranla s\u0259rh\u0259di rus h\u0259rb\u00e7il\u0259r (FTX) qoruyur. Rusiya h\u0259l\u0259 d\u0259 Erm\u0259nistan iqtisadiyyat\u0131n 70%-n\u0259 birba\u015fa n\u0259zar\u0259t edir. Yerd\u0259 n\u0259 qald\u0131? Son g\u00fcnl\u0259r \u0130r\u0259van r\u0259smil\u0259ri Rusiyaya yenid\u0259n reveranslara ba\u015flay\u0131b. Y\u0259ni yekun bel\u0259 ola bil\u0259r ki, Erm\u0259nistan h\u0259mi\u015f\u0259ki kimi, Rusiya orbitind\u0259 qalacaq, itir\u0259n is\u0259 AB\u015e olacaq. \u018fv\u0259zind\u0259 regionda yaratd\u0131\u011f\u0131 g\u0259rginliy\u0259 g\u00f6r\u0259 he\u00e7 bir d\u00f6vl\u0259t Amerika il\u0259 s\u0131x \u0259m\u0259kda\u015fl\u0131q etm\u0259kd\u0259 maraql\u0131 olmayacaq. Odur ki, n\u0259 q\u0259d\u0259r gec deyil, Va\u015finqton G\u00fcney Qafqazla ba\u011fl\u0131 yanl\u0131\u015f siyas\u0259tin\u0259 ciddi d\u00fcz\u0259li\u015f etm\u0259li, b\u00f6lg\u0259nin a\u00e7ar \u00f6lk\u0259si olan Az\u0259rbaycan\u0131n s\u00fclh v\u0259 \u0259m\u0259kda\u015fl\u0131qla ba\u011fl\u0131 \u015f\u0259rtl\u0259rini d\u0259st\u0259kl\u0259m\u0259lidir. R\u0259smi Bak\u0131 d\u0259f\u0259l\u0259rl\u0259 a\u00e7\u0131q m\u0259tnl\u0259 Erm\u0259nistan\u0131n revan\u015fist siyas\u0259tini dolay\u0131s\u0131 il\u0259 d\u0259st\u0259kl\u0259y\u0259nl\u0259r\u0259, bu \u00f6lk\u0259ni h\u0259rbi c\u0259h\u0259td\u0259n g\u00fccl\u0259ndirm\u0259y\u0259 \u00e7al\u0131\u015fanlara x\u0259b\u0259rdarl\u0131qlar\u0131n\u0131 edib, mesajlar\u0131n\u0131 \u00e7atd\u0131r\u0131b. Br\u00fcssel toplant\u0131s\u0131nda Erm\u0259nistanla ba\u011fl\u0131 h\u0259rbi pakt\u0131n q\u0259bul edilm\u0259si fakt\u0131 gizl\u0259dils\u0259 d\u0259, AB\u015e, Fransa v\u0259 dig\u0259r \u00f6lk\u0259l\u0259rd\u0259n \u0130r\u0259van hava liman\u0131na da\u015f\u0131nan silahlar, AB\u015e-nin Z\u0259ng\u0259zurla ba\u011fl\u0131 h\u0259rbi baza plan\u0131 v\u0259 dig\u0259r g\u0259li\u015fm\u0259l\u0259r Q\u0259rbin \u00e7ox t\u0259hl\u00fck\u0259li ssenaril\u0259ri i\u015f\u0259 sald\u0131\u011f\u0131n\u0131 ortaya qoyur. Konqrse v\u0259 dig\u0259r s\u0259viyy\u0259l\u0259rd\u0259 Erm\u0259nistan\u0131n himay\u0259 olunmas\u0131 il\u0259 paralel \u015f\u0259kild\u0259 USA\u0130D-in d\u0259 maliyy\u0259 d\u0259st\u0259yini iki d\u0259f\u0259d\u0259n \u00e7ox art\u0131rmas\u0131 Bak\u0131-Va\u015finqton m\u00fcnasib\u0259tl\u0259rin\u0259 t\u0259sirsiz \u00f6t\u00fc\u015fm\u0259y\u0259 bil\u0259r. B\u0259s, ekspertl\u0259rimiz n\u0259 d\u00fc\u015f\u00fcn\u00fcr: AB\u015e yanl\u0131\u015f yoldan d\u00f6n\u0259c\u0259kmi?<\/p>\n<p><img src=\"https:\/\/konkret.az\/cloud\/uploads\/2021\/04\/elxansahinoglu.jpg\" alt=\"Elxan \u015eahino\u011flu son \u00e7\u0131x\u0131\u015f\u0131 il\u0259 \u00f6z\u00fcn\u00fc v\u0259 \u201ca\u011falar\u0131n\u0131\u201d bel\u0259 \u0259l\u0259 verdi -  \u018fTRAFLI | KONKRET\" \/><\/p>\n<p><strong>Elxan \u015eahino\u011flu\u00a0<\/strong><\/p>\n<p><strong>\u201cAtlas\u201d Ara\u015fd\u0131rmalar M\u0259rk\u0259zinin r\u0259hb\u0259ri, politoloq Elxan \u015eahino\u011flu \u201cYeni M\u00fcsavat\u201da bildirdi ki, AB\u015e-\u0131n C\u0259nubi Qafqazda h\u0259yata ke\u00e7irdiyi haz\u0131rki siyas\u0259t Az\u0259rbaycanda haql\u0131 olaraq m\u00fc\u0259yy\u0259n suallar do\u011furur:<\/strong>\u00a0\u201cErm\u0259nistana \u00fcst\u00fcnl\u00fck verm\u0259y\u0259 ba\u015flay\u0131blar, ona daha \u00e7ox maliyy\u0259 ay\u0131r\u0131rlar. Ke\u00e7mi\u015f ill\u0259rd\u0259 AB\u015e Konqresi h\u0259tta Qaraba\u011f separat\u00e7\u0131lar\u0131na maliyy\u0259 ay\u0131r\u0131rd\u0131. \u0130ndi d\u0259 Az\u0259rbaycan \u00f6z\u00fcz\u00fcn\u00fcn \u0259razi b\u00fct\u00f6vl\u00fcy\u00fcn\u00fc t\u0259min etdiyin\u0259 g\u00f6r\u0259, bu c\u00fcr t\u0259xribatlara \u0259l at\u0131l\u0131r. B\u00fct\u00fcn bunlar t\u0259bii olaraq suallar do\u011furur. \u00dcst\u0259g\u0259l, AB\u015e-\u0131n Erm\u0259nistanda \u0259sas m\u0259qs\u0259di odur ki, onu Rusiyan\u0131n cayna\u011f\u0131ndan qoparts\u0131n, Kremlin Erm\u0259nistana t\u0259sirini azalts\u0131n. Amma AB\u015e bu siyas\u0259ti y\u00fcr\u00fcd\u0259rk\u0259n t\u0259\u0259ss\u00fcf ki, b\u0259zi hallarda Az\u0259rbaycan\u0131n t\u0259hl\u00fck\u0259sizlik maraqlar\u0131n\u0131 n\u0259z\u0259r\u0259 alm\u0131r. \u00c7\u00fcnki Erm\u0259nistan\u0131n silahlanmas\u0131na imkan verm\u0259k, onu g\u00fccl\u0259ndirm\u0259k g\u0259l\u0259c\u0259kd\u0259 b\u00f6lg\u0259d\u0259 yeni bir toqqu\u015fmaya r\u0259vac ver\u0259 bil\u0259r. Ayd\u0131nd\u0131r ki, Az\u0259rbaycan buna seyr\u00e7i qalmayacaq\u201d.<\/p>\n<p><strong>E.\u015eahino\u011flu qeyd etdi ki, b\u00fct\u00fcn bunlara baxmayaraq, Az\u0259rbaycan AB\u015e-la dialoqdan imtina etmir:<\/strong>\u00a0\u201cQar\u015f\u0131l\u0131ql\u0131 s\u0259f\u0259rl\u0259rin say\u0131 azalm\u0131r. Va\u015finqon v\u0259 Bak\u0131da m\u00fcxt\u0259lif g\u00f6r\u00fc\u015fl\u0259r ke\u00e7irilir, m\u00fczakir\u0259l\u0259r apar\u0131l\u0131r. El\u0259 bu g\u00fcnl\u0259rd\u0259 AB\u015e k\u0259\u015ffiyyat\u0131n\u0131n r\u0259smisi Bak\u0131da s\u0259f\u0259rd\u0259 idi. Az\u0259rbaycandan da n\u00fcmay\u0259nd\u0259 hey\u0259tl\u0259ri tez-tez Va\u015finqtona gedir. \u00c7\u00fcnki iki \u00f6lk\u0259 aras\u0131nda enerji v\u0259 t\u0259hl\u00fck\u0259sizlik sah\u0259sind\u0259 \u0259m\u0259kda\u015fl\u0131q h\u0259r zaman yeks\u0259k s\u0259viyy\u0259d\u0259 olub\u201d.<\/p>\n<p><img src=\"https:\/\/azertag.az\/files\/2023\/2\/1200x630\/16871762124707246899_1200x630.jpg\" alt=\"Tural \u0130smay\u0131lov: Az\u0259rbaycan OPEC il\u0259 \u0259m\u0259kda\u015fl\u0131\u011f\u0131n\u0131 geni\u015fl\u0259ndirir - AZ\u018fRTAC\" \/><\/p>\n<p><strong>Tural \u0130smay\u0131lov\u00a0<\/strong><\/p>\n<p><strong>Sosial T\u0259dqiqatlar M\u0259rk\u0259zinin ba\u015f m\u00fct\u0259x\u0259ssisi, politoloq Tural \u0130smay\u0131lov is\u0259 hesab edir ki, AB\u015e Beyn\u0259lxalq \u0130nki\u015faf Agentliyi (USA\u0130D) fondunun Erm\u0259nistana yana\u015fmas\u0131 bu \u00f6lk\u0259y\u0259 t\u0259sir v\u0259 t\u0259zyiq imkanlar\u0131n\u0131 art\u0131rma\u011fa k\u00f6kl\u0259nib:<\/strong>\u00a0\u201c6 ay \u0259rzind\u0259 USA\u0130D r\u0259hb\u0259ri Samanta Pauer d\u0259f\u0259l\u0259rl\u0259 Erm\u0259nistana s\u0259f\u0259rl\u0259r edib. USA\u0130D-in m\u00fcxt\u0259lif r\u0259smil\u0259ri d\u0259 tez-tez Erm\u0259nistanda olurlar. Diqq\u0259t ets\u0259k, g\u00f6r\u0259rik ki, USA\u0130D r\u0259hb\u0259rinin Erm\u0259nistana \u00e7ox s\u00fcr\u0259tli formada s\u0259f\u0259rl\u0259r etm\u0259si v\u0259 bunun fonunda USA\u0130D-in Erm\u0259nistana maliyy\u0259 yard\u0131m\u0131n\u0131 he\u00e7 bir z\u0259rur\u0259t olmadan 120 milyon dollardan 250 milyon dollara q\u0259d\u0259r artmas\u0131 ciddi suallar yarad\u0131r. Erm\u0259nistan\u0131n f\u0259al \u015f\u0259kild\u0259 Rusiyan\u0131n t\u0259siri dair\u0259sind\u0259n \u00e7\u0131xar\u0131lmas\u0131 \u00fc\u00e7\u00fcn AB\u015e t\u0259r\u0259find\u0259n add\u0131mlar at\u0131l\u0131r. Baxmayaraq ki, bu, effektiv olmayacaq. \u00c7\u00fcnki bu g\u00fcn n\u0259 q\u0259d\u0259r Q\u0259rb imperializmi Erm\u0259nistandak\u0131 \u201dsoros\u00e7u&#8221;lar vasit\u0259sil\u0259 bu \u00f6lk\u0259y\u0259 t\u0259sir g\u00f6st\u0259rm\u0259y\u0259 \u00e7al\u0131\u015fsa da, faktiki olaraq h\u0259l\u0259 d\u0259 G\u00fcmr\u00fc \u015f\u0259h\u0259rind\u0259 Rusiyan\u0131n h\u0259rbi bazas\u0131 var. H\u0259l\u0259 d\u0259 Erm\u0259nistan\u0131n s\u0259rh\u0259dl\u0259rini Rusiya s\u0259rh\u0259d\u00e7il\u0259ri qoruyur. AB\u015e-nin sonrak\u0131 planlar\u0131n\u0131n d\u0259qiq \u00f6l\u00e7\u00fcs\u00fcn\u00fc m\u00fc\u0259yy\u0259n etm\u0259k \u00e7\u0259tindir, amma g\u00f6r\u00fcn\u00fcr ki, Va\u015finqtonun \u0259sas m\u0259qs\u0259di Az\u0259rbaycan-Erm\u0259nistan m\u00fcnasib\u0259tl\u0259ri \u00fcz\u0259rind\u0259 Rusiyaya qar\u015f\u0131 regional t\u0259b\u0259q\u0259 yaratmad\u0131r.Rusiya s\u0259rh\u0259d\u00e7il\u0259rinin Erm\u0259nistan s\u0259rh\u0259dl\u0259rind\u0259 qalmas\u0131 vaxts\u0131z v\u0259 m\u00fcdd\u0259tsiz forman\u0131 ehtiva edir. Bel\u0259 olan halda USA\u0130D-in v\u0259 m\u00fcxt\u0259lif imperialist t\u0259\u015fkilatlar\u0131n Erm\u0259nistan \u0259razisind\u0259 at oynatmas\u0131 Avropa \u0130ttifaq\u0131n\u0131 m\u00fclki-m\u00fc\u015fahid\u0259 missiyas\u0131 ad\u0131 alt\u0131ndak\u0131 casus \u015f\u0259b\u0259k\u0259sinin burada f\u0259aliyy\u0259ti il\u0259 paralel ba\u015f verir. H\u0259m\u00e7inin, Erm\u0259nistanda AB\u015e il\u0259 birg\u0259 h\u0259rbi t\u0259liml\u0259rin ke\u00e7irilm\u0259si d\u0259 g\u00f6st\u0259rir ki, co\u011frafi bax\u0131mdan ki\u00e7ik v\u0259 hans\u0131sa bir t\u0259bii s\u0259rv\u0259tl\u0259ri olmayan bir \u00f6lk\u0259 niy\u0259 bu g\u00fcn AB\u015e \u00fc\u00e7\u00fcn bu q\u0259d\u0259r c\u0259lbedici g\u00f6r\u00fcn\u00fcr. Bunun \u0259n b\u00f6y\u00fck s\u0259b\u0259bi Erm\u0259nistan vasit\u0259sil\u0259 h\u0259m C\u0259nubi Qafqaza daha \u00e7ox t\u0259sir etm\u0259k, h\u0259m d\u0259 Rusiyaya qar\u015f\u0131 yeni bir c\u0259bh\u0259 formala\u015fd\u0131rmaqd\u0131r. USA\u0130D-in d\u0259 bird\u0259n-bir\u0259 Erm\u0259nistana ikiqat yard\u0131m ay\u0131rmas\u0131 m\u0259hz AB\u015e-\u0131n Erm\u0259nistan \u0259razil\u0259rini n\u00f6vb\u0259ti bir geopolitik qar\u015f\u0131durma poliqonuna \u00e7evirm\u0259k niyy\u0259tini ortaya qoymu\u015f olur&#8221;.<\/p>\n<p>H\u0259l\u0259lik AB\u015e D\u00f6vl\u0259t Departamenti v\u0259 ya USA\u0130D-d\u0259n Bak\u0131n\u0131n narahatl\u0131qlar\u0131na reaksiya yoxdur. G\u00f6zl\u0259y\u0259k&#8230;<\/p>\n<p><strong>E.PA\u015eASOY,<br \/>\n\u201cYeni M\u00fcsavat\u201d<\/strong><\/p>\n","protected":false},"excerpt":{"rendered":"<p>A\u011f Ev erm\u0259ni revan\u015fizmin\u0259 d\u0259st\u0259k istiqam\u0259tind\u0259 yanl\u0131\u015f add\u0131mlardan \u00e7\u0259kil\u0259c\u0259kmi &#8211; ekspertl\u0259rin g\u00f6zl\u0259ntil\u0259ri; \u201cAz\u0259rbaycan \u00f6z\u00fcn\u00fcn \u0259razi b\u00fct\u00f6vl\u00fcy\u00fcn\u00fc t\u0259min etdiyin\u0259 g\u00f6r\u0259, bu c\u00fcr t\u0259xribatlara \u0259l at\u0131l\u0131r\u201d Bu g\u00fcnl\u0259rd\u0259 AB\u015e-\u0131n Beyn\u0259lxalq \u0130nki\u015faf Agentliyinin (USAID) Erm\u0259nistana 5 illik yard\u0131m paketini iki d\u0259f\u0259d\u0259n \u00e7ox art\u0131raraq, 120 milyon dollardan 250 milyon dollara \u00e7atd\u0131rmas\u0131 bar\u0259d\u0259 x\u0259b\u0259r verilib. Bu fakt AB\u015e-Avropa Birliyi-Erm\u0259nistan \u00fc\u00e7l\u00fc formatda Br\u00fcsseld\u0259 2024-c\u00fc ilin 5 aprelind\u0259 \u0259ld\u0259 olunmu\u015f anla\u015fman\u0131n ruhuna tam uy\u011fun g\u0259lir. M\u0259lumdur ki, gizli h\u0259rbi yard\u0131m elementl\u0259rini d\u0259 \u00f6z\u00fcnd\u0259 ehtiva ed\u0259n v\u0259 Bak\u0131n\u0131n haql\u0131 naraz\u0131l\u0131\u011f\u0131na s\u0259b\u0259b olan h\u0259min anla\u015fmada \u0259sas h\u0259d\u0259f, h\u0259rbi element&hellip;<\/p>\n","protected":false},"author":2,"featured_media":752889,"comment_status":"closed","ping_status":"closed","sticky":false,"template":"","format":"standard","meta":{"om_disable_all_campaigns":false,"_monsterinsights_skip_tracking":false,"_monsterinsights_sitenote_active":false,"_monsterinsights_sitenote_note":"","_monsterinsights_sitenote_category":0},"categories":[4],"tags":[],"aioseo_notices":[],"gutentor_comment":0,"rttpg_featured_image_url":{"full":["https:\/\/arantv.az\/wp-content\/uploads\/2024\/09\/d7064e28e41c1b0e760cb31b08083a41.jpg",800,500,false],"landscape":["https:\/\/arantv.az\/wp-content\/uploads\/2024\/09\/d7064e28e41c1b0e760cb31b08083a41.jpg",800,500,false],"portraits":["https:\/\/arantv.az\/wp-content\/uploads\/2024\/09\/d7064e28e41c1b0e760cb31b08083a41.jpg",800,500,false],"thumbnail":["https:\/\/arantv.az\/wp-content\/uploads\/2024\/09\/d7064e28e41c1b0e760cb31b08083a41-500x280.jpg",500,280,true],"medium":["https:\/\/arantv.az\/wp-content\/uploads\/2024\/09\/d7064e28e41c1b0e760cb31b08083a41-584x365.jpg",584,365,true],"large":["https:\/\/arantv.az\/wp-content\/uploads\/2024\/09\/d7064e28e41c1b0e760cb31b08083a41.jpg",640,400,false],"1536x1536":["https:\/\/arantv.az\/wp-content\/uploads\/2024\/09\/d7064e28e41c1b0e760cb31b08083a41.jpg",800,500,false],"2048x2048":["https:\/\/arantv.az\/wp-content\/uploads\/2024\/09\/d7064e28e41c1b0e760cb31b08083a41.jpg",800,500,false],"post-thumbnail":["https:\/\/arantv.az\/wp-content\/uploads\/2024\/09\/d7064e28e41c1b0e760cb31b08083a41-240x172.jpg",240,172,true],"advps-thumb-one":["https:\/\/arantv.az\/wp-content\/uploads\/2024\/09\/d7064e28e41c1b0e760cb31b08083a41.jpg",800,500,false]},"rttpg_author":{"display_name":"V\u00fcsal Rafiqo\u011flu","author_link":"https:\/\/arantv.az\/?author=2"},"rttpg_comment":0,"rttpg_category":"<a href=\"https:\/\/arantv.az\/?cat=4\" rel=\"category\">Siyas\u0259t<\/a>","rttpg_excerpt":"A\u011f Ev erm\u0259ni revan\u015fizmin\u0259 d\u0259st\u0259k istiqam\u0259tind\u0259 yanl\u0131\u015f add\u0131mlardan \u00e7\u0259kil\u0259c\u0259kmi &#8211; ekspertl\u0259rin g\u00f6zl\u0259ntil\u0259ri; \u201cAz\u0259rbaycan \u00f6z\u00fcn\u00fcn \u0259razi b\u00fct\u00f6vl\u00fcy\u00fcn\u00fc t\u0259min etdiyin\u0259 g\u00f6r\u0259, bu c\u00fcr t\u0259xribatlara \u0259l at\u0131l\u0131r\u201d Bu g\u00fcnl\u0259rd\u0259 AB\u015e-\u0131n Beyn\u0259lxalq \u0130nki\u015faf Agentliyinin (USAID) Erm\u0259nistana 5 illik yard\u0131m paketini iki d\u0259f\u0259d\u0259n \u00e7ox art\u0131raraq, 120 milyon dollardan 250 milyon dollara \u00e7atd\u0131rmas\u0131 bar\u0259d\u0259 x\u0259b\u0259r verilib. Bu fakt AB\u015e-Avropa Birliyi-Erm\u0259nistan \u00fc\u00e7l\u00fc&hellip;","_links":{"self":[{"href":"https:\/\/arantv.az\/index.php?rest_route=\/wp\/v2\/posts\/752888"}],"collection":[{"href":"https:\/\/arantv.az\/index.php?rest_route=\/wp\/v2\/posts"}],"about":[{"href":"https:\/\/arantv.az\/index.php?rest_route=\/wp\/v2\/types\/post"}],"author":[{"embeddable":true,"href":"https:\/\/arantv.az\/index.php?rest_route=\/wp\/v2\/users\/2"}],"replies":[{"embeddable":true,"href":"https:\/\/arantv.az\/index.php?rest_route=%2Fwp%2Fv2%2Fcomments&post=752888"}],"version-history":[{"count":2,"href":"https:\/\/arantv.az\/index.php?rest_route=\/wp\/v2\/posts\/752888\/revisions"}],"predecessor-version":[{"id":752891,"href":"https:\/\/arantv.az\/index.php?rest_route=\/wp\/v2\/posts\/752888\/revisions\/752891"}],"wp:featuredmedia":[{"embeddable":true,"href":"https:\/\/arantv.az\/index.php?rest_route=\/wp\/v2\/media\/752889"}],"wp:attachment":[{"href":"https:\/\/arantv.az\/index.php?rest_route=%2Fwp%2Fv2%2Fmedia&parent=752888"}],"wp:term":[{"taxonomy":"category","embeddable":true,"href":"https:\/\/arantv.az\/index.php?rest_route=%2Fwp%2Fv2%2Fcategories&post=752888"},{"taxonomy":"post_tag","embeddable":true,"href":"https:\/\/arantv.az\/index.php?rest_route=%2Fwp%2Fv2%2Ftags&post=752888"}],"curies":[{"name":"wp","href":"https:\/\/api.w.org\/{rel}","templated":true}]}}