{"id":752892,"date":"2024-09-14T09:26:54","date_gmt":"2024-09-14T05:26:54","guid":{"rendered":"https:\/\/arantv.az\/?p=752892"},"modified":"2024-09-14T09:26:54","modified_gmt":"2024-09-14T05:26:54","slug":"z%c9%99ng%c9%99zur-d%c9%99hlizi-il%c9%99-bagli-kritik-tarix-h%c9%99r-k%c9%99sin-gozl%c9%99diyi-o-x%c9%99b%c9%99r","status":"publish","type":"post","link":"https:\/\/arantv.az\/?p=752892","title":{"rendered":"Z\u0259ng\u0259zur d\u0259hlizi il\u0259 ba\u011fl\u0131 KR\u0130T\u0130K TAR\u0130X &#8211; H\u0259r k\u0259sin g\u00f6zl\u0259diyi o x\u0259b\u0259r!"},"content":{"rendered":"<p><strong>BR\u0130KS sammiti \u00e7\u0259r\u00e7iv\u0259sind\u0259 t\u0259r\u0259fl\u0259rin ortaq m\u0259xr\u0259c\u0259 g\u0259lm\u0259si g\u00f6zl\u0259nilir; T\u00fcrkiy\u0259, Az\u0259rbaycan, \u0130ran v\u0259 Erm\u0259nistan liderl\u0259rinin Kazanda d\u0259hliz anla\u015fmas\u0131 olacaqm\u0131?\u00a0<\/strong><\/p>\n<p>Az\u0259rbaycan\u0131 onun eksklav\u0131 Nax\u00e7\u0131vanla birl\u0259\u015fdir\u0259c\u0259k Z\u0259ng\u0259zur d\u0259hlizi il\u0259 ba\u011fl\u0131 m\u00fcbahis\u0259l\u0259r bitmir. D\u00fcnyada d\u0259hliz n\u00fcmun\u0259l\u0259ri kifay\u0259t q\u0259d\u0259r oldu\u011fu halda, x\u00fcsus\u0259n d\u0259 \u0130ran\u0131n canf\u0259\u015fanl\u0131q ed\u0259r\u0259k, bu m\u0259s\u0259l\u0259ni \u00f6z\u00fc \u00fc\u00e7\u00fcn az qala faci\u0259 kimi t\u0259qdim etm\u0259si, nec\u0259 dey\u0259rl\u0259r, yaxa c\u0131rmas\u0131 v\u0259 \u201cerm\u0259nid\u0259n \u00e7ox erm\u0259ni olma\u011fa\u201d \u00e7al\u0131\u015fmas\u0131, h\u0259tta Rusiyan\u0131 h\u0259d\u0259f almas\u0131 \u0259lav\u0259 suallar yarad\u0131b.<\/p>\n<p><em>Onlar\u0131n ham\u0131s\u0131 cavablar t\u0259l\u0259b edir. B\u0259s Z\u0259ng\u0259zur \u201cd\u00fcy\u00fcn\u00fc\u201d nec\u0259 v\u0259 n\u0259 vaxt a\u00e7\u0131lacaq? Bu m\u0259s\u0259l\u0259d\u0259 h\u0259lledici, yekun s\u00f6z\u00fc hans\u0131 d\u00f6vl\u0259t dey\u0259c\u0259k? G\u00f6zl\u0259nilirdi ki, Sankt-Peterburqda BR\u0130KS \u00f6lk\u0259l\u0259rinin t\u0259hl\u00fck\u0259sizlik m\u0259s\u0259l\u0259l\u0259ri \u00fczr\u0259 r\u0259smil\u0259rinin t\u0259z\u0259c\u0259 ba\u015fa \u00e7atm\u0131\u015f g\u00f6r\u00fc\u015f\u00fcnd\u0259 i\u015ftirak ed\u0259n \u0130ran Milli T\u0259hl\u00fck\u0259sizlik \u015euras\u0131n\u0131n katibi \u018fli \u018fkb\u0259r \u018fhm\u0259dian Rusiya t\u0259r\u0259fi il\u0259 bu m\u00f6vzuda da m\u00fczakir\u0259 aparacaq. Daha \u0259h\u0259miyy\u0259tlisi is\u0259 Rusiyan\u0131n (Putinin) g\u0259l\u0259n ay &#8211; oktyabrda Kazanda ev sahibliyi ed\u0259c\u0259yi BR\u0130KS sammiti \u00e7\u0259r\u00e7iv\u0259sind\u0259 ba\u015f tuta bil\u0259r.\u00a0<\/em><\/p>\n<p>\u201cYeni M\u00fcsavat\u201d bildirir ki, T\u00fcrkiy\u0259, Az\u0259rbaycan, \u0130ran v\u0259 Erm\u0259nistan r\u0259hb\u0259rl\u0259rinin sammit\u0259 qat\u0131laca\u011f\u0131 t\u0259sdiql\u0259nib. Bu d\u00f6vl\u0259tl\u0259rin ham\u0131s\u0131n\u0131n Z\u0259ng\u0259zur d\u0259hlizi m\u00f6vzusuna bu v\u0259 ya dig\u0259r d\u0259r\u0259c\u0259d\u0259 aidiyy\u0259ti var. O halda BR\u0130KS sammiti \u00e7\u0259r\u00e7iv\u0259sind\u0259 Z\u0259ng\u0259zur \u201cd\u00fcy\u00fcn\u00fc\u201dn\u00fcn hans\u0131 \u015f\u0259kild\u0259 a\u00e7\u0131lmas\u0131 v\u0259 ya t\u0259r\u0259fl\u0259rin ortaq m\u0259xr\u0259c\u0259 g\u0259lm\u0259si m\u00fcmk\u00fcnd\u00fcrm\u00fc? Bu arada Rusiya Xarici \u0130\u015fl\u0259r Nazirliyinin (X\u0130N) s\u00f6z\u00e7\u00fcs\u00fc Mariya Zaxarova bir daha Moskvan\u0131n Z\u0259ng\u0259zur d\u0259hlizi il\u0259 ba\u011fl\u0131 \u00f6z m\u00f6vqeyini \u0130ran t\u0259r\u0259fin\u0259 izah etdiyini bildirib. \u201cBiz t\u0259r\u0259fda\u015flar\u0131m\u0131zla t\u0259masday\u0131q v\u0259 bu, daimi t\u0259masd\u0131r. D\u0259hlizl\u0259 ba\u011fl\u0131 b\u00fct\u00fcn izahatlar\u0131 vermi\u015fik. T\u0259qdim etdiyimiz arqumentl\u0259r Tehranda dinl\u0259nilib v\u0259 q\u0259bul edilib\u201d, &#8211; Zaxarova vur\u011fulay\u0131b. Bu n\u0259 arqumentl\u0259rdir v\u0259 \u0259g\u0259r onlar\u0131 Tehran q\u0259bul edibs\u0259, niy\u0259 sakitl\u0259\u015fmir? \u201cRusiya Z\u0259ng\u0259zurla ba\u011fl\u0131 Tehranla \u0259vv\u0259lki raz\u0131la\u015fmalara sadiqdir\u201d. Bunu Rusiya T\u0259hl\u00fck\u0259sizlik \u015euras\u0131n\u0131n katibi Sergey \u015eoyqu iranl\u0131 h\u0259mkar\u0131 il\u0259 g\u00f6r\u00fc\u015fd\u0259 bildirib. Onun s\u00f6zl\u0259rin\u0259 g\u00f6r\u0259, Moskvan\u0131n bu m\u0259s\u0259l\u0259d\u0259 siyas\u0259ti q\u0259tiyy\u0259n d\u0259yi\u015fm\u0259yib.<\/p>\n<p><strong>Rusiya xarici i\u015fl\u0259r nazirinin ke\u00e7mi\u015f m\u00fcavini Andrey Fyodorov \u201cMoskva-Bak\u0131\u201d portal\u0131na m\u00fcsahib\u0259sind\u0259 deyib ki, son vaxtlar Tehran r\u0259smil\u0259ri Z\u0259ng\u0259zur d\u0259hlizin\u0259 qar\u015f\u0131 \u00e7ox s\u0259rt \u00e7\u0131x\u0131\u015f edirl\u0259r:<\/strong>\u00a0\u201cBu, regionun g\u0259l\u0259c\u0259k inki\u015faf\u0131 konsepsiyas\u0131 v\u0259 bu perspektivd\u0259 \u0130ran\u0131n yeri il\u0259 ba\u011fl\u0131d\u0131r, \u00e7\u00fcnki Tehran indiki v\u0259ziyy\u0259td\u0259 daha \u00e7ox imkanlara, o c\u00fcml\u0259d\u0259n n\u0259qliyyat kommunikasiyalar\u0131na malik olmaq, regiondak\u0131 v\u0259ziyy\u0259t\u0259 t\u0259sir etm\u0259k ist\u0259yir. H\u0259r \u015fey ondan ir\u0259li g\u0259lir ki, \u0130ran Az\u0259rbaycan v\u0259 Rusiyan\u0131n bu d\u0259hliz\u0259 n\u0259zar\u0259t etm\u0259k ist\u0259m\u0259sind\u0259n naraz\u0131d\u0131r. Tehran Z\u0259ng\u0259zur d\u0259hlizi layih\u0259sini h\u0259yata ke\u00e7irm\u0259kl\u0259 regionda \u00f6z t\u0259sirini m\u00fc\u0259yy\u0259n q\u0259d\u0259r itir\u0259c\u0259yini d\u00fc\u015f\u00fcn\u00fcr. Bu, t\u0259crid olunmaqda davam ed\u0259n \u0130ran \u00fc\u00e7\u00fcn \u0259n b\u00f6y\u00fck suallardan biridir\u201d. Onun fikrinc\u0259, Z\u0259ng\u0259zur d\u0259hlizi layih\u0259si regionun b\u00fct\u00fcn n\u0259qliyyat kommunikasiyalar\u0131 sistemini d\u0259yi\u015f\u0259 bil\u0259c\u0259k ciddi layih\u0259dir: \u201cBu, h\u0259qiq\u0259t\u0259n d\u0259 ciddi layih\u0259dir v\u0259 h\u0259r k\u0259s onun \u0259h\u0259miyy\u0259tini anlay\u0131r, ona g\u00f6r\u0259 d\u0259 m\u00fcbariz\u0259 gedir. \u0130ran\u0131n \u00f6z m\u00f6vqeyi var. Prezident d\u0259yi\u015fdi. \u0130ran \u00f6z t\u0259r\u0259find\u0259 oynay\u0131r, ba\u015fqas\u0131n\u0131n t\u0259r\u0259find\u0259 deyil. V\u0259 o c\u00fcml\u0259d\u0259n Erm\u0259nistan t\u0259r\u0259find\u0259 deyil. V\u0259ziyy\u0259ti qiym\u0259tl\u0259ndir\u0259rk\u0259n bundan yola \u00e7\u0131xmal\u0131y\u0131q\u201d.<\/p>\n<p><img src=\"https:\/\/newscenter.az\/uploads\/posts\/2020-08\/1598355216_xeyal-b-eshirov-2.jpg\" alt=\"X\u0259yal B\u0259\u015firov: &quot;Bu c\u00fcr \u015f\u0259xsl\u0259rl\u0259 d\u00f6vl\u0259tin idar\u0259 edilm\u0259si h\u0259qiq\u0259t\u0259n d\u0259  t\u0259hl\u00fck\u0259lidir&quot; \u00bb Newscenter.az\" \/><\/p>\n<p><strong>X\u0259yal B\u0259\u015firov<\/strong><\/p>\n<p>Siyasi v\u0259 H\u00fcquqi Ara\u015fd\u0131rmalar M\u0259rk\u0259zinin r\u0259hb\u0259ri X\u0259yal B\u0259\u015firovun \u201cYeni M\u00fcsavat\u201da s\u00f6zl\u0259rin\u0259 g\u00f6r\u0259, \u00fc\u00e7t\u0259r\u0259fli s\u0259n\u0259din 9-cu b\u0259ndind\u0259 yollar\u0131n nec\u0259 a\u00e7\u0131lmas\u0131 g\u00f6st\u0259rilib. \u201cBu n\u0259qliyyat kommunikasiyalar\u0131ndan istifad\u0259 zaman\u0131 Erm\u0259nistan mane\u0259siz ke\u00e7idi t\u0259min etm\u0259k \u00f6hd\u0259liyi g\u00f6t\u00fcr\u00fcb. Raz\u0131la\u015fmaya \u0259sas\u0259n n\u0259zar\u0259t Rusiya Federal T\u0259hl\u00fck\u0259sizlik Xidm\u0259tind\u0259 olmal\u0131d\u0131r. Amma \u0130r\u0259van gerid\u0259 qalan d\u00f6vr \u0259rzind\u0259 Moskvadan uzaqla\u015fd\u0131qca bu \u015f\u0259rtl\u0259ri yerin\u0259 yetirm\u0259kd\u0259n boyun qa\u00e7\u0131rma\u011fa ba\u015flad\u0131. Bu \u015f\u0259raitd\u0259 \u0130ran f\u00fcrs\u0259t bildi, yollar\u0131n a\u00e7\u0131l\u0131\u015f\u0131n\u0131 \u201dq\u0131rm\u0131z\u0131 x\u0259tt&#8221; elan etdi, s\u0259rh\u0259dl\u0259rin d\u0259yi\u015fm\u0259si kimi qiym\u0259tl\u0259ndirdi. Bunun ard\u0131nca Erm\u0259nistan Avropa \u0130ttifaq\u0131n\u0131n m\u00fclki missiyas\u0131n\u0131 s\u0259rh\u0259d\u0259 yerl\u0259\u015fdirdi, di g\u0259l, \u0130ran buna da etiraz etm\u0259di. G\u00f6r\u00fcn, Tehran n\u0259 q\u0259d\u0259r naraz\u0131d\u0131r ki, onun r\u0259qibi olan Q\u0259rbin k\u0259\u015ffiyyat qrupunun s\u0259rh\u0259d\u0259 yerl\u0259\u015fm\u0259sin\u0259 qar\u015f\u0131 \u00e7\u0131xmad\u0131. Bundan sonra AB\u015e-dan g\u0259l\u0259n h\u0259rbi y\u00fck t\u0259yyar\u0259sind\u0259 olan q\u00fcvv\u0259l\u0259r s\u0259rh\u0259d\u0259 g\u0259tirildi, amma \u0130ran yen\u0259 s\u0259rt reaksiya verm\u0259di. Dem\u0259li, d\u00fc\u015fm\u0259nl\u0259rinin s\u0259rh\u0259di c\u0259lb olunmas\u0131na g\u00f6z yumur, d\u0259hlizin i\u015f\u0259 d\u00fc\u015fm\u0259sin\u0259 t\u0259r\u0259fdar deyil&#8221;,- dey\u0259 siyasi \u015f\u0259rh\u00e7i bel\u0259 t\u0259hlil edir.<\/p>\n<p>Onun ritorik sual\u0131na g\u00f6r\u0259, Erm\u0259nistan \u00f6z t\u0259hl\u00fck\u0259sizliyin\u0259 qarant ola bilmirs\u0259, d\u0259hliz\u0259 nec\u0259 n\u0259zar\u0259t ed\u0259c\u0259k: \u201c\u0130ran\u0131n ke\u00e7mi\u015f iqtidar\u0131 il\u0259 Az\u0259rbaycan aras\u0131nda raz\u0131la\u015fmalar var idi. Amma indiki \u0130ran r\u0259hb\u0259rliyi d\u0259 d\u0259hliz \u0259leyhin\u0259dir. Baxmayaraq ki, bu yoldur, s\u0259rh\u0259dl\u0259r d\u0259yi\u015fmir, yen\u0259 d\u0259 s\u0259rt etiraz var. Dig\u0259r t\u0259r\u0259fd\u0259n, T\u00fcrkiy\u0259 v\u0259 Az\u0259rbaycan birl\u0259\u015f\u0259c\u0259k, \u0130ran bundan da narahatd\u0131r. T\u0259bii ki, iqtisadi dividentl\u0259r m\u0259s\u0259l\u0259si d\u0259 \u0259lav\u0259 edilm\u0259lidir. \u00c7\u00fcnki \u0130ran \u00fcz\u0259rind\u0259n Orta D\u0259hlizin olmas\u0131n\u0131 ist\u0259mirl\u0259r\u201d. X.B\u0259\u015firov BR\u0130KS-d\u0259ki zirv\u0259y\u0259 g\u0259linc\u0259, hesab edir ki, bu platformada iqtisadi m\u00f6vzular m\u00fczakir\u0259 edil\u0259c\u0259k v\u0259 bel\u0259 bir f\u00fcrs\u0259t var: \u201cT\u00fcrkiy\u0259, Az\u0259rbaycan, M\u0259rk\u0259zi Asiya d\u00f6vl\u0259tl\u0259rinin r\u0259hb\u0259rl\u0259rinin i\u015ftirak\u0131 imkan yaradacaq ki, bu m\u0259s\u0259l\u0259 m\u00fczakir\u0259 olunsun. D\u00fc\u015f\u00fcn\u00fcr\u0259m ki, siyasi-diplomatik yolla \u0130ran r\u0259hb\u0259rliyin\u0259 t\u0259sir etm\u0259y\u0259 \u00e7al\u0131\u015facaqlar, bu iqtisadi layih\u0259nin \u0130ran\u0131n s\u0259rh\u0259dl\u0259rini d\u0259yi\u015fm\u0259y\u0259c\u0259yini izah etm\u0259y\u0259 c\u0259hd ed\u0259c\u0259kl\u0259r, h\u0259tta Tehran\u0131n bu logistikadan g\u0259l\u0259c\u0259kd\u0259 yararlanmas\u0131n\u0131 arqumentl\u0259rl\u0259 t\u0259qdim ed\u0259 bil\u0259c\u0259kl\u0259r\u201d.<\/p>\n<p><strong>Emil SALAMO\u011eLU,<br \/>\n\u201cYeni M\u00fcsavat\u201d\u00a0<\/strong><\/p>\n","protected":false},"excerpt":{"rendered":"<p>BR\u0130KS sammiti \u00e7\u0259r\u00e7iv\u0259sind\u0259 t\u0259r\u0259fl\u0259rin ortaq m\u0259xr\u0259c\u0259 g\u0259lm\u0259si g\u00f6zl\u0259nilir; T\u00fcrkiy\u0259, Az\u0259rbaycan, \u0130ran v\u0259 Erm\u0259nistan liderl\u0259rinin Kazanda d\u0259hliz anla\u015fmas\u0131 olacaqm\u0131?\u00a0 Az\u0259rbaycan\u0131 onun eksklav\u0131 Nax\u00e7\u0131vanla birl\u0259\u015fdir\u0259c\u0259k Z\u0259ng\u0259zur d\u0259hlizi il\u0259 ba\u011fl\u0131 m\u00fcbahis\u0259l\u0259r bitmir. D\u00fcnyada d\u0259hliz n\u00fcmun\u0259l\u0259ri kifay\u0259t q\u0259d\u0259r oldu\u011fu halda, x\u00fcsus\u0259n d\u0259 \u0130ran\u0131n canf\u0259\u015fanl\u0131q ed\u0259r\u0259k, bu m\u0259s\u0259l\u0259ni \u00f6z\u00fc \u00fc\u00e7\u00fcn az qala faci\u0259 kimi t\u0259qdim etm\u0259si, nec\u0259 dey\u0259rl\u0259r, yaxa c\u0131rmas\u0131 v\u0259 \u201cerm\u0259nid\u0259n \u00e7ox erm\u0259ni olma\u011fa\u201d \u00e7al\u0131\u015fmas\u0131, h\u0259tta Rusiyan\u0131 h\u0259d\u0259f almas\u0131 \u0259lav\u0259 suallar yarad\u0131b. Onlar\u0131n ham\u0131s\u0131 cavablar t\u0259l\u0259b edir. B\u0259s Z\u0259ng\u0259zur \u201cd\u00fcy\u00fcn\u00fc\u201d nec\u0259 v\u0259 n\u0259 vaxt a\u00e7\u0131lacaq? Bu m\u0259s\u0259l\u0259d\u0259 h\u0259lledici, yekun s\u00f6z\u00fc hans\u0131 d\u00f6vl\u0259t dey\u0259c\u0259k? G\u00f6zl\u0259nilirdi&hellip;<\/p>\n","protected":false},"author":2,"featured_media":752893,"comment_status":"closed","ping_status":"closed","sticky":false,"template":"","format":"standard","meta":{"om_disable_all_campaigns":false,"_monsterinsights_skip_tracking":false,"_monsterinsights_sitenote_active":false,"_monsterinsights_sitenote_note":"","_monsterinsights_sitenote_category":0},"categories":[19],"tags":[],"aioseo_notices":[],"gutentor_comment":0,"rttpg_featured_image_url":{"full":["https:\/\/arantv.az\/wp-content\/uploads\/2024\/09\/4283c28290432c303488b6c5db9e0ef3.jpg",870,500,false],"landscape":["https:\/\/arantv.az\/wp-content\/uploads\/2024\/09\/4283c28290432c303488b6c5db9e0ef3.jpg",870,500,false],"portraits":["https:\/\/arantv.az\/wp-content\/uploads\/2024\/09\/4283c28290432c303488b6c5db9e0ef3.jpg",870,500,false],"thumbnail":["https:\/\/arantv.az\/wp-content\/uploads\/2024\/09\/4283c28290432c303488b6c5db9e0ef3-500x280.jpg",500,280,true],"medium":["https:\/\/arantv.az\/wp-content\/uploads\/2024\/09\/4283c28290432c303488b6c5db9e0ef3-635x365.jpg",635,365,true],"large":["https:\/\/arantv.az\/wp-content\/uploads\/2024\/09\/4283c28290432c303488b6c5db9e0ef3-840x483.jpg",640,368,true],"1536x1536":["https:\/\/arantv.az\/wp-content\/uploads\/2024\/09\/4283c28290432c303488b6c5db9e0ef3.jpg",870,500,false],"2048x2048":["https:\/\/arantv.az\/wp-content\/uploads\/2024\/09\/4283c28290432c303488b6c5db9e0ef3.jpg",870,500,false],"post-thumbnail":["https:\/\/arantv.az\/wp-content\/uploads\/2024\/09\/4283c28290432c303488b6c5db9e0ef3-240x172.jpg",240,172,true],"advps-thumb-one":["https:\/\/arantv.az\/wp-content\/uploads\/2024\/09\/4283c28290432c303488b6c5db9e0ef3.jpg",870,500,false]},"rttpg_author":{"display_name":"V\u00fcsal Rafiqo\u011flu","author_link":"https:\/\/arantv.az\/?author=2"},"rttpg_comment":0,"rttpg_category":"<a href=\"https:\/\/arantv.az\/?cat=19\" rel=\"category\">G\u00fcnd\u0259m<\/a>","rttpg_excerpt":"BR\u0130KS sammiti \u00e7\u0259r\u00e7iv\u0259sind\u0259 t\u0259r\u0259fl\u0259rin ortaq m\u0259xr\u0259c\u0259 g\u0259lm\u0259si g\u00f6zl\u0259nilir; T\u00fcrkiy\u0259, Az\u0259rbaycan, \u0130ran v\u0259 Erm\u0259nistan liderl\u0259rinin Kazanda d\u0259hliz anla\u015fmas\u0131 olacaqm\u0131?\u00a0 Az\u0259rbaycan\u0131 onun eksklav\u0131 Nax\u00e7\u0131vanla birl\u0259\u015fdir\u0259c\u0259k Z\u0259ng\u0259zur d\u0259hlizi il\u0259 ba\u011fl\u0131 m\u00fcbahis\u0259l\u0259r bitmir. D\u00fcnyada d\u0259hliz n\u00fcmun\u0259l\u0259ri kifay\u0259t q\u0259d\u0259r oldu\u011fu halda, x\u00fcsus\u0259n d\u0259 \u0130ran\u0131n canf\u0259\u015fanl\u0131q ed\u0259r\u0259k, bu m\u0259s\u0259l\u0259ni \u00f6z\u00fc \u00fc\u00e7\u00fcn az qala faci\u0259 kimi t\u0259qdim etm\u0259si, nec\u0259 dey\u0259rl\u0259r, yaxa c\u0131rmas\u0131&hellip;","_links":{"self":[{"href":"https:\/\/arantv.az\/index.php?rest_route=\/wp\/v2\/posts\/752892"}],"collection":[{"href":"https:\/\/arantv.az\/index.php?rest_route=\/wp\/v2\/posts"}],"about":[{"href":"https:\/\/arantv.az\/index.php?rest_route=\/wp\/v2\/types\/post"}],"author":[{"embeddable":true,"href":"https:\/\/arantv.az\/index.php?rest_route=\/wp\/v2\/users\/2"}],"replies":[{"embeddable":true,"href":"https:\/\/arantv.az\/index.php?rest_route=%2Fwp%2Fv2%2Fcomments&post=752892"}],"version-history":[{"count":1,"href":"https:\/\/arantv.az\/index.php?rest_route=\/wp\/v2\/posts\/752892\/revisions"}],"predecessor-version":[{"id":752894,"href":"https:\/\/arantv.az\/index.php?rest_route=\/wp\/v2\/posts\/752892\/revisions\/752894"}],"wp:featuredmedia":[{"embeddable":true,"href":"https:\/\/arantv.az\/index.php?rest_route=\/wp\/v2\/media\/752893"}],"wp:attachment":[{"href":"https:\/\/arantv.az\/index.php?rest_route=%2Fwp%2Fv2%2Fmedia&parent=752892"}],"wp:term":[{"taxonomy":"category","embeddable":true,"href":"https:\/\/arantv.az\/index.php?rest_route=%2Fwp%2Fv2%2Fcategories&post=752892"},{"taxonomy":"post_tag","embeddable":true,"href":"https:\/\/arantv.az\/index.php?rest_route=%2Fwp%2Fv2%2Ftags&post=752892"}],"curies":[{"name":"wp","href":"https:\/\/api.w.org\/{rel}","templated":true}]}}