{"id":752950,"date":"2024-09-14T12:04:20","date_gmt":"2024-09-14T08:04:20","guid":{"rendered":"https:\/\/arantv.az\/?p=752950"},"modified":"2024-09-14T12:04:20","modified_gmt":"2024-09-14T08:04:20","slug":"pasinyanin-sousu-fas-oldu-bir-gunluk-isi-3-il%c9%99-gorm%c9%99k-ist%c9%99yir","status":"publish","type":"post","link":"https:\/\/arantv.az\/?p=752950","title":{"rendered":"Pa\u015finyan\u0131n \u015fousu fa\u015f oldu &#8211; bir g\u00fcnl\u00fck i\u015fi 3 il\u0259 g\u00f6rm\u0259k ist\u0259yir"},"content":{"rendered":"<p><strong>Dem\u0259, \u0259razi iddialar\u0131 haqda b\u0259nd Erm\u0259nistan Konstitusiyas\u0131na referendum yox, parlamentd\u0259 s\u0259s \u00e7oxlu\u011fu il\u0259 \u0259lav\u0259 olunubmu\u015f;\u00a0 haz\u0131rda parlamentd\u0259 \u00e7oxluq Pa\u015finyan\u0131n partiyas\u0131ndad\u0131r v\u0259 q\u0131sa zamanda onu aradan qald\u0131rmaq m\u00fcmk\u00fcnd\u00fcr &#8211; M\u00f6vqe<\/strong><\/p>\n<p>Erm\u0259nistan ba\u015f naziri Nikol Pa\u015finyan\u0131n tezbazar s\u00fclh s\u0259n\u0259di imzalamaq ist\u0259yinin arxas\u0131ndak\u0131 \u0259sl m\u0259ram\u0131n he\u00e7 d\u0259 qon\u015fularla daimi s\u00fclh i\u00e7ind\u0259 ya\u015famaq olmad\u0131\u011f\u0131 m\u0259lumdur. R\u0259smi Bak\u0131 bu x\u00fcsusda \u00f6z m\u00f6vqeyini bir daha net \u015f\u0259kild\u0259 b\u0259yan edib. Ala-yar\u0131m\u00e7\u0131q s\u00fclh s\u0259n\u0259dini m\u0259qbul saymad\u0131\u011f\u0131n\u0131 bildir\u0259r\u0259k, qar\u015f\u0131 t\u0259r\u0259fi ciddi olma\u011fa \u00e7a\u011f\u0131r\u0131b. Az\u0259rbaycan\u0131n \u0259sas narahatl\u0131\u011f\u0131 is\u0259 b\u0259lli: qon\u015fu \u00f6lk\u0259 konstitusiyas\u0131nda \u00f6lk\u0259miz\u0259 qar\u015f\u0131 \u0259razi iddias\u0131. Y\u0259ni b\u00f6lg\u0259y\u0259 \u0130r\u0259van\u0131n s\u00fclh hoqqabazl\u0131\u011f\u0131 yox, tam m\u0259nada v\u0259 b\u00fct\u00fcn zamanlar \u00fc\u00e7\u00fcn i\u015fl\u0259k s\u00fclh sazi\u015fi laz\u0131md\u0131r. O s\u0259n\u0259d ki, yeni m\u00fcharib\u0259 t\u0259hl\u00fck\u0259sini minimuma endir\u0259c\u0259k, region xalqlar\u0131n\u0131n rifah\u0131na v\u0259 t\u0259hl\u00fck\u0259sizliyin\u0259 xidm\u0259t ed\u0259c\u0259k. \u015e\u0259rtl\u0259r d\u0259 m\u0259lumdur. \u201cErm\u0259nistan konstitusiyas\u0131na n\u0259 q\u0259d\u0259r tez d\u0259yi\u015fiklik ed\u0259rs\u0259, s\u00fclh sazi\u015fi d\u0259 bir o q\u0259d\u0259r tez imzalanar. Konstitusiya d\u0259yi\u015fikliyi il\u0259 ba\u011fl\u0131 prosesin uzad\u0131lmas\u0131 s\u00fclh\u0259 t\u00f6hf\u0259 vermir. \u018fksin\u0259, prosesi l\u0259ngidir. Biz \u00fcmid edirik ki, Erm\u0259nistan s\u00fclhd\u0259 maraql\u0131 olacaq\u201d. Bunu Az\u0259rbaycan Xarici \u0130\u015fl\u0259r Nazirliyinin m\u0259tbuat xidm\u0259tinin r\u0259hb\u0259ri Ayxan Hac\u0131zad\u0259 Real TV-y\u0259 m\u00fcsahib\u0259sind\u0259 deyib.<\/p>\n<p><img src=\"https:\/\/konkret.az\/cloud\/uploads\/2021\/04\/elxansahinoglu.jpg\" alt=\"Elxan \u015eahino\u011flu son \u00e7\u0131x\u0131\u015f\u0131 il\u0259 \u00f6z\u00fcn\u00fc v\u0259 \u201ca\u011falar\u0131n\u0131\u201d bel\u0259 \u0259l\u0259 verdi -  \u018fTRAFLI | KONKRET\" \/><\/p>\n<p><strong>Elxan \u015eahino\u011flu<\/strong><\/p>\n<p><strong>Siyasi \u015f\u0259rh\u00e7i Elxan \u015eahino\u011fluya g\u00f6r\u0259, Az\u0259rbaycan s\u00fclh s\u0259n\u0259dini yaln\u0131z \u00f6z milli t\u0259hl\u00fck\u0259sizlik maraqlar\u0131na cavab ver\u0259c\u0259yi halda imzalayacaq:<\/strong>\u00a0\u201c\u018fsas m\u0259s\u0259l\u0259 Az\u0259rbaycan\u0131 narahat ed\u0259n m\u0259qam\u0131n aradan qald\u0131r\u0131lmamas\u0131d\u0131r. Y\u0259ni Erm\u0259nistan Konstitusiyas\u0131nda Az\u0259rbaycana \u0259razi iddias\u0131n\u0131 ehtiva ed\u0259n b\u0259nd \u00e7\u0131xar\u0131lmal\u0131d\u0131r. \u018fg\u0259r Erm\u0259nistan \u0259razi b\u00fct\u00f6vl\u00fcy\u00fcn\u00fc tan\u0131y\u0131rsa, bu t\u0259l\u0259b m\u00fctl\u0259q \u015f\u0259kild\u0259 yerin\u0259 yetirilm\u0259lidir. Bu t\u0259l\u0259b yerin\u0259 yetirilm\u0259d\u0259n s\u00fclh sazi\u015finin imzalanmas\u0131 \u00e7\u0259tin, h\u0259tta qeyri-m\u00fcmk\u00fcnd\u00fcr. Pa\u015finyan h\u00f6kum\u0259ti \u00fc\u00e7\u00fcn is\u0259 bunu etm\u0259k o q\u0259d\u0259r d\u0259 a\u011f\u0131r i\u015f deyil. \u00c7\u00fcnki h\u0259min b\u0259nd Erm\u0259nistan\u0131n Konstitusiyas\u0131na referendum yolu il\u0259 yox, parlamentd\u0259 s\u0259s \u00e7oxlu\u011fu il\u0259 \u0259lav\u0259 olunub. Haz\u0131rda is\u0259 parlamentd\u0259 \u00e7oxluq Pa\u015finyan\u0131n partiyas\u0131n\u0131n \u0259lind\u0259dir\u201d. Politoloqun q\u0259na\u0259tinc\u0259, h\u0259min madd\u0259 \u00e7\u0131xar\u0131lan kimi \u0259sas \u0259ng\u0259l aradan qald\u0131r\u0131lacaq v\u0259 s\u00fclh sazi\u015fi imzalanacaq. Do\u011frudan da 1 g\u00fcn\u0259 yoluna qoyulacaq problem \u00fc\u00e7\u00fcn Pa\u015finyan niy\u0259 3 il vaxt ist\u0259sin ki?<\/p>\n<p><img src=\"https:\/\/sherg.az\/\/storage\/posts\/June2024\/602OFs9NcUve4cMEP4MB.jpg\" alt=\"Qulamh\u00fcseyn \u018flib\u0259yli: \u201cDeputatlar korpusunda d\u0259yi\u015fiklik vacibdir\u201d -M\u00dcSAH\u0130B\u018f\" \/><\/p>\n<p><strong>Qulamh\u00fcseyn \u018flib\u0259yli<\/strong><\/p>\n<p><strong>H\u00fcquq\u015f\u00fcnas Qulamh\u00fcseyn \u018flib\u0259ylinin \u201cYeni M\u00fcsavat\u201da bildirdiyin\u0259 g\u00f6r\u0259, \u0259lb\u0259tt\u0259, Erm\u0259nistan parlamentd\u0259 s\u0259s\u00e7oxlu\u011fu il\u0259 bu q\u0259rar\u0131 ver\u0259, Konstitusiyadak\u0131 \u0259razi iddialar\u0131n\u0131 aradan qald\u0131ra bil\u0259r:<\/strong>\u00a0\u201cAmma etmir, s\u00fclh s\u0259n\u0259dinin imzalanmas\u0131n\u0131 yubad\u0131r. V\u0259 bu m\u0259s\u0259l\u0259d\u0259 Konstitusiyadak\u0131 \u0259ng\u0259ld\u0259n istifad\u0259 edir. Dig\u0259r t\u0259r\u0259fd\u0259n, erm\u0259ni c\u0259miyy\u0259tind\u0259 revan\u015fizm \u0259hval-ruhiyy\u0259si h\u00f6km s\u00fcr\u00fcr v\u0259 onlar prosesi yubad\u0131rlar ki, g\u0259l\u0259c\u0259kd\u0259 h\u0259min \u0259razi iddialar\u0131na s\u00f6yk\u0259n\u0259r\u0259k yenid\u0259n h\u00fccuma ke\u00e7sinl\u0259r. \u018fslind\u0259, o iddialar\u0131 qanunvericilikd\u0259n \u00e7\u0131xarmaq \u00e7\u0259tin deyil. Qalan m\u0259s\u0259l\u0259l\u0259ri is\u0259 \u00f6zl\u0259ri h\u0259ll ed\u0259 bil\u0259r. Y\u0259ni \u00f6lk\u0259nin idar\u0259etm\u0259si, v\u0259t\u0259nda\u015flara hans\u0131 h\u00fcquqlar\u0131n verilm\u0259si \u00f6z daxili i\u015fl\u0259ridir. Az\u0259rbaycan\u0131n bu m\u0259s\u0259l\u0259l\u0259r\u0259 qar\u0131\u015fmaq fikri yoxdur. Bu iddialardan \u0259l \u00e7\u0259ksinl\u0259r, bizim ba\u015fqa t\u0259l\u0259bimiz olmayacaq\u201d.<\/p>\n<p><strong>Q.\u018flib\u0259yli Erm\u0259nistan\u0131n \u00f6z\u00fcn\u00fc s\u00fclhp\u0259rv\u0259r kimi g\u00f6st\u0259rib Az\u0259rbaycan\u0131 \u0259ng\u0259ll\u0259r \u00e7\u0131xarmaqda ittiham etm\u0259sini t\u0259bii hal say\u0131r:<\/strong>\u00a0\u201c\u0130r\u0259van \u00e7ox s\u00f6z dey\u0259 bil\u0259r. S\u00f6zs\u00fcz ki, Az\u0259rbaycan\u0131 ittiham etm\u0259y\u0259 v\u0259 \u00f6zl\u0259rini haql\u0131 \u00e7\u0131xarma\u011fa \u00e7al\u0131\u015facaqlar. Fakt bundad\u0131r ki, Az\u0259rbaycan Erm\u0259nistandan torpaq ist\u0259mir, hans\u0131sa daxili siyasi i\u015fl\u0259rin\u0259 m\u00fcdaxil\u0259 etmir, deyir ki, \u0259razil\u0259rim\u0259 iddian var, ondan imtina et. \u018fg\u0259r bunu mane\u0259 hesab edirl\u0259rs\u0259, d\u00fcnyan\u0131 da \u00f6zl\u0259ri kimi axmaq yerin\u0259 qoya bilm\u0259zl\u0259r\u201d.<\/p>\n<p><img src=\"https:\/\/respublika-news.az\/uploads\/images\/news\/994fdb034e-Asif-nerimanli-azerbaycan-danisiqlar-prosesinde-fransanin-istirakina-imkan-vermir.jpg\" alt=\"Asif N\u0259rimanl\u0131: Az\u0259rbaycan dan\u0131\u015f\u0131qlar prosesind\u0259 Fransan\u0131n i\u015ftirak\u0131na imkan  vermir\" \/><\/p>\n<p><strong>Asif N\u0259rimanl\u0131<\/strong><\/p>\n<p><strong>Siyasi \u015f\u0259rh\u00e7i Asif N\u0259rimanl\u0131n\u0131n s\u00f6zl\u0259rin\u0259 g\u00f6r\u0259, Pa\u015finyan s\u00fclh sazi\u015fi layih\u0259sinin 13 madd\u0259si v\u0259 preambulas\u0131n\u0131n raz\u0131la\u015fd\u0131r\u0131ld\u0131\u011f\u0131n\u0131 bildirir:<\/strong>\u00a0\u201cQeyd edir ki, \u201diki c\u00fcml\u0259d\u0259n ibar\u0259t 3 madd\u0259 qism\u0259n raz\u0131la\u015fd\u0131r\u0131l\u0131b, h\u0259min madd\u0259l\u0259rd\u0259ki c\u00fcml\u0259l\u0259rd\u0259n biri d\u0259 raz\u0131la\u015fd\u0131r\u0131l\u0131b, dig\u0259ri yox&#8221;. Raz\u0131la\u015fd\u0131r\u0131lmayan 3 madd\u0259nin n\u0259d\u0259n ibar\u0259t oldu\u011fu r\u0259smi \u015f\u0259kild\u0259 a\u00e7\u0131qlanm\u0131r. Bununla ba\u011fl\u0131 m\u00fc\u0259y\u0259n t\u0259xminl\u0259r ir\u0259li s\u00fcrm\u0259k m\u00fcmk\u00fcnd\u00fcr. Erm\u0259nistan\u0131n Az\u0259rbaycana qar\u015f\u0131 \u0259razi iddialar\u0131n\u0131n yer ald\u0131\u011f\u0131 konstitusiyas\u0131 v\u0259 normativ-h\u00fcququ aktlar\u0131n\u0131n d\u0259yi\u015fdirilm\u0259sidir. M\u00fcmk\u00fcnd\u00fcr ki, Erm\u0259nistan Az\u0259rbaycana qar\u015f\u0131 adekvat t\u0259l\u0259bl\u0259 \u00e7\u0131x\u0131\u015f edir, yaxud daxili qanunvericiliyin layih\u0259y\u0259 sal\u0131nmas\u0131n\u0131 ist\u0259mir. H\u0259l\u0259 iyun ay\u0131nda Erm\u0259nistan X\u0130N b\u0259yan edirdi ki, \u201cs\u00fclh sazi\u015fi layih\u0259sind\u0259 \u201dt\u0259r\u0259fl\u0259rd\u0259n he\u00e7 biri sazi\u015fd\u0259n ir\u0259li g\u0259l\u0259n \u00f6hd\u0259likl\u0259ri yerin\u0259 yetirm\u0259m\u0259k \u00fc\u00e7\u00fcn \u00f6z daxili qanunlar\u0131na m\u00fcraci\u0259t ed\u0259 bilm\u0259z&#8221; m\u00fcdd\u0259as\u0131 var, buna g\u00f6r\u0259 Konstitusiya m\u0259s\u0259l\u0259si bura aid edilm\u0259m\u0259lidir&#8221;. Raz\u0131la\u015fd\u0131r\u0131lmayan madd\u0259l\u0259rd\u0259n biri bu ola bil\u0259r. \u0130stisna deyil ki, \u201ct\u0259r\u0259fl\u0259rd\u0259n he\u00e7 biri sazi\u015fd\u0259n ir\u0259li g\u0259l\u0259n \u00f6hd\u0259likl\u0259ri yerin\u0259 yetirm\u0259m\u0259k \u00fc\u00e7\u00fcn \u00f6z daxili qanunlar\u0131na m\u00fcraci\u0259t ed\u0259 bilm\u0259z\u201d c\u00fcml\u0259si raz\u0131la\u015fd\u0131r\u0131lsa da, \u201cKonstitusiya v\u0259 normatik-h\u00fcququ aktlar\u0131n d\u0259yi\u015fdirilm\u0259si\u201d qeydinin bura daxil edilm\u0259si m\u00fczakir\u0259 edilir&#8221;. T\u0259hlil\u00e7i deyir ki, Erm\u0259nistan t\u0259r\u0259fi raz\u0131la\u015fd\u0131r\u0131lmayan b\u0259ndl\u0259ri saxlamaqla s\u00fclh sazi\u015fi layih\u0259sinin imzalanmas\u0131n\u0131 ist\u0259yir v\u0259 bununla h\u0259m konstitusiya m\u0259s\u0259l\u0259sini arxa plana ke\u00e7ir\u0259, h\u0259m delimitasiya prosesind\u0259 ist\u0259diyibaza prinsipini qoruya, h\u0259m d\u0259 raz\u0131la\u015fd\u0131r\u0131lmayan \u00fc\u00e7\u00fcnc\u00fc b\u0259ndi t\u0259xir\u0259 sala bil\u0259r: \u201cAz\u0259rbaycan is\u0259 regionda s\u00fclh\u00fcn davaml\u0131 v\u0259 uzunm\u00fcdd\u0259tli olmas\u0131 \u00fc\u00e7\u00fcn \u201dmenyu&#8221; yox, \u201cpaket h\u0259ll\u201d variant\u0131ndan \u00e7\u0131x\u0131\u015f edir.<\/p>\n<p><strong>Emil SALAMO\u011eLU,<br \/>\n\u201cYeni M\u00fcsavat\u201d<\/strong><\/p>\n","protected":false},"excerpt":{"rendered":"<p>Dem\u0259, \u0259razi iddialar\u0131 haqda b\u0259nd Erm\u0259nistan Konstitusiyas\u0131na referendum yox, parlamentd\u0259 s\u0259s \u00e7oxlu\u011fu il\u0259 \u0259lav\u0259 olunubmu\u015f;\u00a0 haz\u0131rda parlamentd\u0259 \u00e7oxluq Pa\u015finyan\u0131n partiyas\u0131ndad\u0131r v\u0259 q\u0131sa zamanda onu aradan qald\u0131rmaq m\u00fcmk\u00fcnd\u00fcr &#8211; M\u00f6vqe Erm\u0259nistan ba\u015f naziri Nikol Pa\u015finyan\u0131n tezbazar s\u00fclh s\u0259n\u0259di imzalamaq ist\u0259yinin arxas\u0131ndak\u0131 \u0259sl m\u0259ram\u0131n he\u00e7 d\u0259 qon\u015fularla daimi s\u00fclh i\u00e7ind\u0259 ya\u015famaq olmad\u0131\u011f\u0131 m\u0259lumdur. R\u0259smi Bak\u0131 bu x\u00fcsusda \u00f6z m\u00f6vqeyini bir daha net \u015f\u0259kild\u0259 b\u0259yan edib. Ala-yar\u0131m\u00e7\u0131q s\u00fclh s\u0259n\u0259dini m\u0259qbul saymad\u0131\u011f\u0131n\u0131 bildir\u0259r\u0259k, qar\u015f\u0131 t\u0259r\u0259fi ciddi olma\u011fa \u00e7a\u011f\u0131r\u0131b. Az\u0259rbaycan\u0131n \u0259sas narahatl\u0131\u011f\u0131 is\u0259 b\u0259lli: qon\u015fu \u00f6lk\u0259 konstitusiyas\u0131nda \u00f6lk\u0259miz\u0259 qar\u015f\u0131 \u0259razi iddias\u0131. Y\u0259ni b\u00f6lg\u0259y\u0259 \u0130r\u0259van\u0131n s\u00fclh&hellip;<\/p>\n","protected":false},"author":2,"featured_media":752951,"comment_status":"closed","ping_status":"closed","sticky":false,"template":"","format":"standard","meta":{"om_disable_all_campaigns":false,"_monsterinsights_skip_tracking":false,"_monsterinsights_sitenote_active":false,"_monsterinsights_sitenote_note":"","_monsterinsights_sitenote_category":0},"categories":[4],"tags":[],"aioseo_notices":[],"gutentor_comment":0,"rttpg_featured_image_url":{"full":["https:\/\/arantv.az\/wp-content\/uploads\/2024\/09\/087d826460d0dee4718d48400781ef9a.jpg",870,500,false],"landscape":["https:\/\/arantv.az\/wp-content\/uploads\/2024\/09\/087d826460d0dee4718d48400781ef9a.jpg",870,500,false],"portraits":["https:\/\/arantv.az\/wp-content\/uploads\/2024\/09\/087d826460d0dee4718d48400781ef9a.jpg",870,500,false],"thumbnail":["https:\/\/arantv.az\/wp-content\/uploads\/2024\/09\/087d826460d0dee4718d48400781ef9a-500x280.jpg",500,280,true],"medium":["https:\/\/arantv.az\/wp-content\/uploads\/2024\/09\/087d826460d0dee4718d48400781ef9a-635x365.jpg",635,365,true],"large":["https:\/\/arantv.az\/wp-content\/uploads\/2024\/09\/087d826460d0dee4718d48400781ef9a-840x483.jpg",640,368,true],"1536x1536":["https:\/\/arantv.az\/wp-content\/uploads\/2024\/09\/087d826460d0dee4718d48400781ef9a.jpg",870,500,false],"2048x2048":["https:\/\/arantv.az\/wp-content\/uploads\/2024\/09\/087d826460d0dee4718d48400781ef9a.jpg",870,500,false],"post-thumbnail":["https:\/\/arantv.az\/wp-content\/uploads\/2024\/09\/087d826460d0dee4718d48400781ef9a-240x172.jpg",240,172,true],"advps-thumb-one":["https:\/\/arantv.az\/wp-content\/uploads\/2024\/09\/087d826460d0dee4718d48400781ef9a.jpg",870,500,false]},"rttpg_author":{"display_name":"V\u00fcsal Rafiqo\u011flu","author_link":"https:\/\/arantv.az\/?author=2"},"rttpg_comment":0,"rttpg_category":"<a href=\"https:\/\/arantv.az\/?cat=4\" rel=\"category\">Siyas\u0259t<\/a>","rttpg_excerpt":"Dem\u0259, \u0259razi iddialar\u0131 haqda b\u0259nd Erm\u0259nistan Konstitusiyas\u0131na referendum yox, parlamentd\u0259 s\u0259s \u00e7oxlu\u011fu il\u0259 \u0259lav\u0259 olunubmu\u015f;\u00a0 haz\u0131rda parlamentd\u0259 \u00e7oxluq Pa\u015finyan\u0131n partiyas\u0131ndad\u0131r v\u0259 q\u0131sa zamanda onu aradan qald\u0131rmaq m\u00fcmk\u00fcnd\u00fcr &#8211; M\u00f6vqe Erm\u0259nistan ba\u015f naziri Nikol Pa\u015finyan\u0131n tezbazar s\u00fclh s\u0259n\u0259di imzalamaq ist\u0259yinin arxas\u0131ndak\u0131 \u0259sl m\u0259ram\u0131n he\u00e7 d\u0259 qon\u015fularla daimi s\u00fclh i\u00e7ind\u0259 ya\u015famaq olmad\u0131\u011f\u0131 m\u0259lumdur. R\u0259smi Bak\u0131 bu x\u00fcsusda&hellip;","_links":{"self":[{"href":"https:\/\/arantv.az\/index.php?rest_route=\/wp\/v2\/posts\/752950"}],"collection":[{"href":"https:\/\/arantv.az\/index.php?rest_route=\/wp\/v2\/posts"}],"about":[{"href":"https:\/\/arantv.az\/index.php?rest_route=\/wp\/v2\/types\/post"}],"author":[{"embeddable":true,"href":"https:\/\/arantv.az\/index.php?rest_route=\/wp\/v2\/users\/2"}],"replies":[{"embeddable":true,"href":"https:\/\/arantv.az\/index.php?rest_route=%2Fwp%2Fv2%2Fcomments&post=752950"}],"version-history":[{"count":2,"href":"https:\/\/arantv.az\/index.php?rest_route=\/wp\/v2\/posts\/752950\/revisions"}],"predecessor-version":[{"id":752953,"href":"https:\/\/arantv.az\/index.php?rest_route=\/wp\/v2\/posts\/752950\/revisions\/752953"}],"wp:featuredmedia":[{"embeddable":true,"href":"https:\/\/arantv.az\/index.php?rest_route=\/wp\/v2\/media\/752951"}],"wp:attachment":[{"href":"https:\/\/arantv.az\/index.php?rest_route=%2Fwp%2Fv2%2Fmedia&parent=752950"}],"wp:term":[{"taxonomy":"category","embeddable":true,"href":"https:\/\/arantv.az\/index.php?rest_route=%2Fwp%2Fv2%2Fcategories&post=752950"},{"taxonomy":"post_tag","embeddable":true,"href":"https:\/\/arantv.az\/index.php?rest_route=%2Fwp%2Fv2%2Ftags&post=752950"}],"curies":[{"name":"wp","href":"https:\/\/api.w.org\/{rel}","templated":true}]}}